{"id":9393,"date":"2023-06-29T12:07:53","date_gmt":"2023-06-29T10:07:53","guid":{"rendered":"https:\/\/www.charleroi-metropole.be\/?p=9393"},"modified":"2024-04-26T09:53:56","modified_gmt":"2024-04-26T07:53:56","slug":"prendre-de-la-hauteur-a-charleroi-metropole","status":"publish","type":"post","link":"https:\/\/charleroi-metropole.be\/fr\/decouvrir\/prendre-de-la-hauteur-a-charleroi-metropole\/","title":{"rendered":"Prendre de la hauteur \u00e0 Charleroi M\u00e9tropole !"},"content":{"rendered":"<p><strong>Grimpeurs aguerris, adeptes de l\u2019escalade de mani\u00e8re occasionnelle ou simplement titill\u00e9s \u00e0 l\u2019id\u00e9e de tester cette activit\u00e9 qui risque de vous donner une bonne dose d\u2019adr\u00e9naline\u00a0? Charleroi M\u00e9tropole ne manque pas d\u2019endroits o\u00f9 tenter l\u2019aventure de la grimpe ou se perfectionner\u00a0! En salle, en plein air, de mani\u00e8re ludique ou en milieu naturel, il est l\u2019heure de prendre de la hauteur\u00a0!<\/strong><\/p>\n<h2>En salle<\/h2>\n<p>Plusieurs salles d\u00e9di\u00e9es \u00e0 la pratique de l\u2019escalade existent sur le territoire de Charleroi M\u00e9tropole et permettent de s\u2019entra\u00eener toute l\u2019ann\u00e9e.<\/p>\n<h4>Espace grimpe, \u00e0 Charleroi<\/h4>\n<p>Doyenne des salles d\u00e9di\u00e9es \u00e0 cette pratique sur le territoire de Charleroi M\u00e9tropole, l\u2019<a href=\"https:\/\/espacegrimpe.be\/\" target=\"_blank\" rel=\"noopener\">Espace grimpe<\/a> n\u2019a cependant pas pris une ride et <strong>offre aux amateurs d\u2019escalade de nombreuses possibilit\u00e9s<\/strong>. Avec ses 1100m\u00b2 de surface \u00ab\u00a0grimpable\u00a0\u00bb, sur 15 m\u00e8tres de hauteur, mieux vaut ne pas trop avoir le vertige\u00a0!<\/p>\n<p>Pas moins de 38 cordes permettent de se frayer un chemin vers les plafonds de la salle, en toute s\u00e9curit\u00e9.<\/p>\n<p>Un mur de bloc, qui permet la pratique de ce sport sans encordement, compl\u00e8te l\u2019ensemble, pour le plus grand plaisir des sportifs\u00a0!<\/p>\n<figure id=\"attachment_9396\" aria-describedby=\"caption-attachment-9396\" style=\"width: 600px\" class=\"wp-caption alignnone\"><img loading=\"lazy\" decoding=\"async\" class=\"wp-image-9396 size-medium\" src=\"https:\/\/charleroi-metropole.be\/app\/uploads\/webp\/escalade-salle-600x450.webp\" alt=\"\" width=\"600\" height=\"450\" \/><figcaption id=\"caption-attachment-9396\" class=\"wp-caption-text\">Les salles d&rsquo;escalade de Charleroi M\u00e9tropole atteignent jusque 16 m\u00e8tres de hauteur<\/figcaption><\/figure>\n<h4>Au Couvid\u00f4me, au sud de Charleroi M\u00e9tropole<\/h4>\n<p>Avec ses 1500m\u00b2, le <a href=\"https:\/\/www.couvin.be\/bouger-et-decouvrir\/piscine-claude-delobbe\/la-plaine-des-sports\/le-couvidome\/pour-le-sport\" target=\"_blank\" rel=\"noopener\">Couvid\u00f4me<\/a> est le temple du sport au sud du territoire. Entre autres terrains de sport et salles d\u00e9di\u00e9es aux sports de combat et arts martiaux, une salle d&rsquo;escalade propose <strong>20 voies de difficult\u00e9s diff\u00e9rentes et 3 pentes<\/strong>, avec la pr\u00e9sence d&rsquo;un d\u00e9vers.<\/p>\n<p>L\u2019acc\u00e8s est libre pendant les heures d&rsquo;ouverture de l&rsquo;infrastructure, sur pr\u00e9sentation\u00a0d&rsquo;un brevet agr\u00e9\u00e9.<\/p>\n<p>Des s\u00e9ances encadr\u00e9es en semaine et des stages pendant les cong\u00e9s scolaires sont organis\u00e9s.<\/p>\n<h4>Maniak, \u00e0 Charleroi<\/h4>\n<figure id=\"attachment_9413\" aria-describedby=\"caption-attachment-9413\" style=\"width: 600px\" class=\"wp-caption alignnone\"><img loading=\"lazy\" decoding=\"async\" class=\"wp-image-9413 size-medium\" src=\"https:\/\/charleroi-metropole.be\/app\/uploads\/webp\/terrasse-600x450.webp\" alt=\"\" width=\"600\" height=\"450\" \/><figcaption id=\"caption-attachment-9413\" class=\"wp-caption-text\">Testez-vous \u00e0 l&rsquo;escalade de bloc chez Maniak<\/figcaption><\/figure>\n<p><a href=\"https:\/\/www.maniak.club\/#\" target=\"_blank\" rel=\"noopener\">Maniak<\/a> propose un r\u00e9seau de <strong>3 salles d\u00e9di\u00e9es \u00e0 l\u2019escalade de bloc<\/strong>, dont l\u2019une est situ\u00e9e \u00e0 Charleroi, et diff\u00e9rentes formules qui permettent de profiter des installations selon ses envies et son profil\u2026<\/p>\n<blockquote><p>L\u2019escalade de bloc se pratique sans corde, sur un mur de maximum 4,5 m\u00e8tres de haut, avec comme protection un mousse \u00e9pais pour amortir en cas de chute.\u00a0A l\u2019inverse de l\u2019escalade de voie, ce sport peut donc se pratiquer dans partenaire, en toute autonomie.<\/p><\/blockquote>\n<p>En plus de la centaine de blocs en place, Maniak propose un mur \u00e0 parcours variables, contr\u00f4lable via smartphone, ainsi qu\u2019un espace d\u2019entrainement sp\u00e9cifique \u00e0 l\u2019escalade.<\/p>\n<p>En bonus\u2026 Les plus petits peuvent f\u00eater \u00e0 la salle de bloc <strong>leur anniversaire<\/strong>, pour une activit\u00e9 originale dont chacun se souviendra\u00a0! Et les plus grands\u00a0? Maniak ne les oublie pas et leur propose de d\u00e9couvrir l\u2019escalade de mani\u00e8re encore plus ludique, gr\u00e2ce \u00e0 un <strong>escape game original<\/strong>\u00a0! Saurez-vous r\u00e9soudre l\u2019\u00e9nigme dans les temps\u00a0?<\/p>\n<p>La cerise sur le g\u00e2teau? Pour vous r\u00e9compenser de vos efforts, un sauna est disponible \u00e0 l\u2019\u00e9tage\u00a0et le bar propose une petite restauration et une carte bien fournie, avec non moins de 25 bi\u00e8res diff\u00e9rentes.<\/p>\n<figure id=\"attachment_9412\" aria-describedby=\"caption-attachment-9412\" style=\"width: 600px\" class=\"wp-caption alignnone\"><img loading=\"lazy\" decoding=\"async\" class=\"wp-image-9412 size-medium\" src=\"https:\/\/charleroi-metropole.be\/app\/uploads\/webp\/salle-1-600x450.webp\" alt=\"\" width=\"600\" height=\"450\" \/><figcaption id=\"caption-attachment-9412\" class=\"wp-caption-text\">Des infrastructures \u00e0 la pointe<\/figcaption><\/figure>\n<h4>A Loverval, une nouvelle salle pour les pros<\/h4>\n<p>Inaugur\u00e9e \u00e0 la mi-2022, la salle d\u2019escalade de Loverval, situ\u00e9e dans le centre Adeps de La Ferme du Ch\u00e2teau, accueille <strong>les sportifs de haut niveau<\/strong>. 100m\u00b2 au sol, 16 m\u00e8tres de haut : les infrastructures permettent aux professionnels de la discipline de s\u2019entrainer, et, nous l\u2019esp\u00e9rons, de performer lors des prochaines comp\u00e9titions\u00a0!<\/p>\n<p>C\u2019est d\u2019ailleurs ce p\u00f4le \u00e9lite qui a r\u00e9cemment accueilli une manche de la coupe d\u2019Europe de la discipline. \u00a0Les plus grandes nations \u00e9taient r\u00e9unies \u00e0 La Ferme du Ch\u00e2teau ainsi que les meilleurs repr\u00e9sentants belges de la discipline.<\/p>\n<h2>En plein air<\/h2>\n<p>Charleroi M\u00e9tropole, de par sa nature g\u00e9ologique, propose quelques sites propices \u00e0 l\u2019escalade en milieu naturel.<\/p>\n<p>Cependant, <strong>cette pratique reste risqu\u00e9e et est donc encadr\u00e9e\u00a0<\/strong>: il est fortement conseill\u00e9 de prendre contact avec le cercle local du Club Alpin Belge, le <a href=\"https:\/\/cabhainaut.be\/\" target=\"_blank\" rel=\"noopener\">CAB Hainaut<\/a>, qui organise des sorties d\u2019escalade o\u00f9 les d\u00e9butants peuvent \u00eatre encadr\u00e9s par des moniteurs ou des premiers de cord\u00e9e confirm\u00e9s. Il est \u00e9galement possible \u00e0 ces occasions d\u2019obtenir de l\u2019\u00e9quipement en pr\u00eat.<\/p>\n<p>Certaines salles d\u2019escalade organisent \u00e9galement parfois des sorties en milieu naturel.<\/p>\n<h4>Les beaut\u00e9s de la Calestienne<\/h4>\n<p>Le sud du territoire est travers\u00e9 par la Calestienne, frange calcaire qui offre des paysages insolites et une v\u00e9g\u00e9tation atypique, et s\u00e9pare g\u00e9ologiquement le plateau de la Fagne du plateau des Ardennes. \u00a0Grottes, fondry, fissures ou masses rocheuses \u00e9maillent les communes travers\u00e9es par cette bande \u00e9troite de 2 \u00e0 10 kilom\u00e8tres selon les endroits, qui s\u2019\u00e9tend du nord de la France \u00e0 Louveign\u00e9, sur la commune de Sprimont.<\/p>\n<p>Bien que la r\u00e9gion regorge de sites propices, tr\u00e8s peu sont autoris\u00e9s \u00e0 la pratique de l\u2019escalade, malgr\u00e9 ce que renseignent certains sites. Ainsi, pour grimper en toute s\u00e9curit\u00e9 (et l\u00e9galit\u00e9), dirigez-vous vers <strong>la carri\u00e8re Prosper \u00e0 Olloy-sur-Viroin,<\/strong> g\u00e9r\u00e9e par par la <a href=\"https:\/\/www.klimenbergsportfederatie.be\/\" target=\"_blank\" rel=\"noopener\">KBF<\/a> (Klim en Bergsport Federatie) ou vers <strong>le Rocher de la Maiselle \u00e0 Dourbes<\/strong>, g\u00e9r\u00e9 par la commune de Viroinval et en acc\u00e8s libre.<\/p>\n<h4>Les via ferrata de Landelies et Villers-le-Gambon<\/h4>\n<p>Plus au nord, \u00e0 Landelies, sur la commune de Montignies-le-Tilleul, la carri\u00e8re calcaire accueille les f\u00e9rus de sensations, qui grimpent les <strong>quelque 35 m\u00e8tres de cette dalle verticale<\/strong>, nomm\u00e9e Dalle du fou. Une <strong>via ferrata<\/strong> est \u00e9galement am\u00e9nag\u00e9e dans le secteur du Sanctuaire. Ce site est g\u00e9r\u00e9 par le <a href=\"https:\/\/www.clubalpin.be\/club\/club-alpin-belge-federation-1\" target=\"_blank\" rel=\"noopener\">Club Alpin Belge<\/a>.<\/p>\n<p>Philippeville dispose aussi, dans le village de Villers-le-Gambon, d\u2019une <strong>via ferrata am\u00e9nag\u00e9e<\/strong>. Cette activit\u00e9, qui ne demande aucune comp\u00e9tence pr\u00e9alable, permet \u00e0 tout un chacun de d\u00e9couvrir les sensations grisantes du milieu vertical et de partager un moment convivial en pleine nature. G\u00e9r\u00e9 par l\u2019Union Belge de Sp\u00e9l\u00e9ologie, ce site est malheureusement actuellement interdit, en attendant le permis d\u2019environnement<\/p>\n<h4>Au c\u0153ur d\u2019un vestige du pass\u00e9 industriel carolor\u00e9gien<\/h4>\n<p>La Tour du Roton, \u00e0 Farciennes, \u00e9tait la tour d\u2019extraction du charbon la plus moderne de Wallonie. \u00c9rig\u00e9e en 1959, elle permettait de soulever des charges de pr\u00e8s de 47 tonnes, avec un puits d\u2019extraction descendant \u00e0 plus de 900 m\u00e8tres de profondeur.<\/p>\n<p>Ferm\u00e9e en 1984, ses quelque 57 m\u00e8tres de hauteur en faisaient une <strong>candidate id\u00e9ale pour une reconversion inattendue<\/strong>\u00a0! Le <a href=\"https:\/\/www.suspendus.be\/accueil\" target=\"_blank\" rel=\"noopener\">club de sp\u00e9l\u00e9o les Sus-pendus<\/a> en a fait son spot d\u2019entrainement\u2026<\/p>\n<p>Un parcours de corde y a \u00e9t\u00e9 install\u00e9 et permet aux aficionados de la discipline de s\u2019exercer et se pr\u00e9parer pour de futures exp\u00e9ditions.<\/p>\n<p>La Tour est \u00e9galement au c\u0153ur de futurs projets pour renforcer cette nouvelle identit\u00e9 de \u00ab\u00a0Tour de l&rsquo;Extr\u00eame\u00a0\u00bb.<\/p>\n<figure id=\"attachment_9404\" aria-describedby=\"caption-attachment-9404\" style=\"width: 600px\" class=\"wp-caption alignnone\"><img loading=\"lazy\" decoding=\"async\" class=\"wp-image-9404 size-medium\" src=\"https:\/\/charleroi-metropole.be\/app\/uploads\/webp\/394a9680-600x400.webp\" alt=\"\" width=\"600\" height=\"400\" \/><figcaption id=\"caption-attachment-9404\" class=\"wp-caption-text\">Un vestige industriel reconverti en lieu d&rsquo;exercice d&rsquo;escalade (@Leslie Artamonow)<\/figcaption><\/figure>\n<h4>L\u2019alternative de l\u2019accrobranche<\/h4>\n<p>T\u00e9m\u00e9raire oui, mais pas trop quand m\u00eame\u2026 L\u2019accrobranche vous propose <strong>une alternative en plein air pour faire le plein de sensations fortes<\/strong>, selon vos envies et votre niveau. Au <a href=\"https:\/\/naturaparc.be\/fr\/activites\/\" target=\"_blank\" rel=\"noopener\">Natura Parc<\/a> des Lacs de l\u2019Eau d\u2019Heure, diff\u00e9rents parcours vous permettent d\u2019\u00e9voluer en hauteur et entre les arbres, en franchissant certains obstacles. Il y en a pour tous les go\u00fbts, les plus audacieux comme les plus peureux, les plus grands comme les plus petits (d\u00e8s 3 ans).<\/p>\n<p>Vous n\u2019en avez pas assez\u00a0? Ajoutez une <strong>tyrolienne<\/strong> ou un saut pendulaire \u00e0 votre escapade, pour assouvir votre soif d\u2019aventure\u00a0!<\/p>\n<figure id=\"attachment_9401\" aria-describedby=\"caption-attachment-9401\" style=\"width: 600px\" class=\"wp-caption alignnone\"><img loading=\"lazy\" decoding=\"async\" class=\"wp-image-9401 size-medium\" src=\"https:\/\/charleroi-metropole.be\/app\/uploads\/webp\/accrobranche-1-600x400.webp\" alt=\"\" width=\"600\" height=\"400\" \/><figcaption id=\"caption-attachment-9401\" class=\"wp-caption-text\">L&rsquo;accrobranche, l&rsquo;alternative pour une excursion originale en famille<\/figcaption><\/figure>\n<p>&nbsp;<\/p>\n<p><strong>En salle, en plein air, au coeur de sites naturels pr\u00e9serv\u00e9s, ou m\u00eame sur les murs en b\u00e9ton d&rsquo;un vestige du pass\u00e9 industriel du bassin carolo&#8230; Tentez l&rsquo;aventure de la grimpe \u00e0 Charleroi M\u00e9tropole !\u00a0<\/strong><\/p>\n","protected":false},"excerpt":{"rendered":"<p>Grimpeurs aguerris, adeptes de l\u2019escalade de mani\u00e8re occasionnelle ou simplement titill\u00e9s \u00e0 l\u2019id\u00e9e de tester cette activit\u00e9 qui risque de vous donner une bonne dose d\u2019adr\u00e9naline\u00a0? Charleroi M\u00e9tropole ne manque pas d\u2019endroits o\u00f9 tenter l\u2019aventure de la grimpe ou se perfectionner\u00a0! En salle, en plein air, de mani\u00e8re ludique ou en milieu naturel, il est [&hellip;]<\/p>\n","protected":false},"author":25,"featured_media":9406,"comment_status":"closed","ping_status":"closed","sticky":false,"template":"","format":"standard","meta":{"footnotes":""},"categories":[1],"tags":[],"class_list":["post-9393","post","type-post","status-publish","format-standard","has-post-thumbnail","hentry","category-autres"],"_links":{"self":[{"href":"https:\/\/charleroi-metropole.be\/fr\/wp-json\/wp\/v2\/posts\/9393"}],"collection":[{"href":"https:\/\/charleroi-metropole.be\/fr\/wp-json\/wp\/v2\/posts"}],"about":[{"href":"https:\/\/charleroi-metropole.be\/fr\/wp-json\/wp\/v2\/types\/post"}],"author":[{"embeddable":true,"href":"https:\/\/charleroi-metropole.be\/fr\/wp-json\/wp\/v2\/users\/25"}],"replies":[{"embeddable":true,"href":"https:\/\/charleroi-metropole.be\/fr\/wp-json\/wp\/v2\/comments?post=9393"}],"version-history":[{"count":5,"href":"https:\/\/charleroi-metropole.be\/fr\/wp-json\/wp\/v2\/posts\/9393\/revisions"}],"predecessor-version":[{"id":15944,"href":"https:\/\/charleroi-metropole.be\/fr\/wp-json\/wp\/v2\/posts\/9393\/revisions\/15944"}],"wp:featuredmedia":[{"embeddable":true,"href":"https:\/\/charleroi-metropole.be\/fr\/wp-json\/wp\/v2\/media\/9406"}],"wp:attachment":[{"href":"https:\/\/charleroi-metropole.be\/fr\/wp-json\/wp\/v2\/media?parent=9393"}],"wp:term":[{"taxonomy":"category","embeddable":true,"href":"https:\/\/charleroi-metropole.be\/fr\/wp-json\/wp\/v2\/categories?post=9393"},{"taxonomy":"post_tag","embeddable":true,"href":"https:\/\/charleroi-metropole.be\/fr\/wp-json\/wp\/v2\/tags?post=9393"}],"curies":[{"name":"wp","href":"https:\/\/api.w.org\/{rel}","templated":true}]}}