{"id":9280,"date":"2023-02-10T14:36:53","date_gmt":"2023-02-10T12:36:53","guid":{"rendered":"https:\/\/www.charleroi-metropole.be\/?p=9280"},"modified":"2024-04-26T09:54:00","modified_gmt":"2024-04-26T07:54:00","slug":"un-carnaval-pas-comme-les-autres-a-charleroi","status":"publish","type":"post","link":"https:\/\/charleroi-metropole.be\/fr\/decouvrir\/un-carnaval-pas-comme-les-autres-a-charleroi\/","title":{"rendered":"Un carnaval pas comme les autres \u00e0 Charleroi"},"content":{"rendered":"<h2 style=\"text-align: right\">Eden, Charleroi<\/h2>\n<blockquote><p>L\u2019<a href=\"https:\/\/www.eden-charleroi.be\/\" target=\"_blank\" rel=\"noopener\">Eden<\/a>, Centre Culturel et Centre d&rsquo;Expression et de Cr\u00e9ativit\u00e9 de Charleroi, a lanc\u00e9 depuis 2016 la Grande Parade, un des groupes folkloriques du Carnaval carolo qui se veut le reflet de la diversit\u00e9 de la population. La Grande Parade redynamise le folklore du pays noir. Un \u00e9v\u00e9nement citoyen qui se pr\u00e9pare bien \u00e0 l\u2019avance.<\/p><\/blockquote>\n<p>\u201c<em>Les diff\u00e9rents participants de la Grande Parade con\u00e7oivent les costumes, accessoires, etc. d\u00e8s septembre chez eux. \u00c0 partir de f\u00e9vrier, on se retrouve tous \u00e0 la grande salle de concert de l\u2019Eden, transform\u00e9e en un lieu de cr\u00e9ation, appel\u00e9 la Grande Fabrique pour l\u2019occasion<\/em>\u201d, explique Sandrine Schenkel, charg\u00e9e de projets \u00e0 l\u2019Eden.<\/p>\n<figure id=\"attachment_4352\" aria-describedby=\"caption-attachment-4352\" style=\"width: 1920px\" class=\"wp-caption alignnone\"><img loading=\"lazy\" decoding=\"async\" class=\"wp-image-4352 size-full\" src=\"https:\/\/charleroi-metropole.be\/app\/uploads\/webp\/21_carnaval_-copy-01.00_00_47_00.still010.webp\" alt=\"Carnaval-Charleroi-Eden\" width=\"1920\" height=\"1080\" \/><figcaption id=\"caption-attachment-4352\" class=\"wp-caption-text\">Chaque costume est cr\u00e9\u00e9 par les participants \u00e0 la Grande Fabrique<\/figcaption><\/figure>\n<h2>Bienvenue \u00e0 tous<\/h2>\n<p>Durant trois semaines, la Grande Fabrique ouvre ses portes \u00e0 tous ceux qui d\u00e9sirent participer au carnaval : \u201c<em>Enfants, retrait\u00e9s, personnes porteuses d\u2019un handicap, travailleurs, migrants\u2026 carolos ou pas, artistes ou pas<\/em>\u201d, pr\u00e9cise Fabrice Laurent, directeur de l\u2019Eden. \u201c<em>L\u2019\u00e9v\u00e9nement, tant la pr\u00e9paration que le d\u00e9fil\u00e9, se veut f\u00e9d\u00e9rateur. Il a pour but de rassembler les citoyens autour d\u2019un projet collectif\u00a0\u00bb<\/em>.<\/p>\n<p>Parmi les participants, on retrouve Charlotte Belayew, animatrice pour le mouvement\u00a0<a href=\"https:\/\/www.pac-g.be\/regionale\/charleroi\/\" target=\"_blank\" rel=\"noopener\">Pr\u00e9sence et Action Culturelles<\/a>, appel\u00e9 PAC, porteur du groupe carnavalesque <em>Les Sorci\u00e8res<\/em> pour la Grande Parade. Tous leurs costumes ont \u00e9t\u00e9 con\u00e7us \u00e0 la Grande Fabrique. \u201c<em>Le lieu existe depuis quelques ann\u00e9es, c\u2019est de plus en plus connu, c\u2019est assez ouvert, on peut passer de table en table, discuter, \u00e9changer des id\u00e9es&#8230; c\u2019est tr\u00e8s convivial. Parfois, je viens juste pour prendre un caf\u00e9 et parler avec des gens<\/em>\u201d, explique-t-elle.<\/p>\n<blockquote><p>Il a pour but de rassembler les citoyens autour d\u2019un projet collectif<\/p><\/blockquote>\n<p>Cet immense atelier cr\u00e9atif permet non seulement de tisser des liens mais aussi de r\u00e9aliser des cr\u00e9ations originales.<\/p>\n<h2>Adieu les tracas !<\/h2>\n<p>A travers sa \u00ab\u00a0Grande r\u00e9colte des id\u00e9es noires\u00a0\u00bb, l&rsquo;Eden permet \u00e0 chacun de se d\u00e9barrasser de ses mauvaises pens\u00e9es, d&rsquo;oublier ses incertitudes et de chasser ses tristesses ! En griffonnant ce qui vous tracasse et en d\u00e9posant ce petit mot dans un des nombreux sacs de jute suspendus \u00e0 l&rsquo;Eden et ailleurs, ces id\u00e9es noires disparaitront \u00e0 l&rsquo;occasion du grand feu, qui fait place au renouveau !<\/p>\n<p>Si vous ne savez pas passer par l\u00e0, les Br\u00e8yars et les Br\u00e8y\u00f4s viennent \u00e0 vous et les r\u00e9colteront en musique ! D\u00e9couvrez <a href=\"https:\/\/www.eden-charleroi.be\/agenda\/grand-fabrique-du-carnaval-2023\/grande-recolte-des-idees-noires\/\" target=\"_blank\" rel=\"noopener\">leurs itin\u00e9raire et horaire<\/a>&#8230;<\/p>\n<figure id=\"attachment_4351\" aria-describedby=\"caption-attachment-4351\" style=\"width: 1920px\" class=\"wp-caption alignnone\"><img loading=\"lazy\" decoding=\"async\" class=\"wp-image-4351 size-full\" src=\"https:\/\/charleroi-metropole.be\/app\/uploads\/webp\/21_carnaval_-copy-01.00_00_48_08.still011.webp\" alt=\"Carnaval-Charleroi-eden-Musique\" width=\"1920\" height=\"1080\" \/><figcaption id=\"caption-attachment-4351\" class=\"wp-caption-text\">Toutes les musiques sont jou\u00e9es en direct lors du d\u00e9fil\u00e9<\/figcaption><\/figure>\n<h2>Une parade engag\u00e9e<\/h2>\n<p>La Grande Parade, \u00e0 travers le projet de la Grande Fabrique, s\u2019engage \u00e9galement \u00e0 valoriser une autre mani\u00e8re de faire vivre le carnaval. \u201c<em>On travaille essentiellement avec des mat\u00e9riaux r\u00e9cup\u00e9r\u00e9s ou recycl\u00e9s. Aucun char n\u2019est motoris\u00e9. Pas non plus de musique enregistr\u00e9e, uniquement de la musique de fanfare<\/em>\u201d, indique Fabrice Laurent.<\/p>\n<p>\u00c0 c\u00f4t\u00e9 de l\u2019aspect esth\u00e9tique et color\u00e9 de la Parade, ce cort\u00e8ge particulier a la volont\u00e9 de raconter beaucoup de choses sur la soci\u00e9t\u00e9 \u00e0 travers l\u2019appropriation de l\u2019espace public. \u201c<em>On d\u00e9fend la vision utopique d\u2019une soci\u00e9t\u00e9 o\u00f9 chacun a sa place, quelque soit son milieu social ou ses comp\u00e9tences. On pr\u00e9sente une soci\u00e9t\u00e9 inclusive et r\u00e9siliente<\/em>\u201d, ajoute Fabrice Laurent. \u201c<em>Avec des masques et des costumes, on s\u2019affranchit des r\u00e8gles, on transgresse les codes et surtout, on d\u00e9compresse ensemble<\/em>\u201d. Le tout est r\u00e9alis\u00e9 avec humour et satire.<\/p>\n<blockquote><p>On d\u00e9fend la vision utopique d\u2019une soci\u00e9t\u00e9 o\u00f9 chacun a sa place.<\/p><\/blockquote>\n<p>Le groupe des <em>Sorci\u00e8res<\/em> constitue un exemple parlant de cette vision. Charlotte Belayew, \u00e0 partir de diff\u00e9rentes activit\u00e9s du PAC, a questionn\u00e9 le f\u00e9minisme \u00e0 travers l\u2019image de la sorci\u00e8re, qu\u2019elle incarne avec d\u2019autres participants lors de la Grande Parade. \u201c<em>En se d\u00e9guisant en sorci\u00e8re, on d\u00e9construit les st\u00e9r\u00e9otypes. On d\u00e9nonce la soci\u00e9t\u00e9 patriarcale et l&rsquo;invisibilisation des femmes<\/em>.\u201d<\/p>\n<figure id=\"attachment_4354\" aria-describedby=\"caption-attachment-4354\" style=\"width: 1920px\" class=\"wp-caption alignnone\"><img loading=\"lazy\" decoding=\"async\" class=\"wp-image-4354 size-full\" src=\"https:\/\/charleroi-metropole.be\/app\/uploads\/webp\/21_carnaval_-copy-01.00_01_50_01.still017.webp\" alt=\"Corbeau-Carnaval-Eden-Charleroi\" width=\"1920\" height=\"1080\" \/><figcaption id=\"caption-attachment-4354\" class=\"wp-caption-text\">Le br\u00fblage du Corbeau, en plein centre ville, cl\u00f4t toute cette aventure<\/figcaption><\/figure>\n<h2>Un \u201cjoyeux bordel\u201d<\/h2>\n<p>Pour caract\u00e9riser ce bouillonnement cr\u00e9atif, Sandrine Schenkel aime partager cette image assez caract\u00e9ristique de \u00ab\u00a0joyeux bordel\u00a0\u00bb : \u201c<em>c\u2019est grotesque et satirique, un aspect brut qu\u2019il est bon de c\u00f4toyer<\/em>\u201d. Pour elle, la v\u00e9ritable identit\u00e9 du Carnaval de Charleroi est en train de se d\u00e9ployer.<\/p>\n<p>Le mardi gras, la Grande Parade d\u00e9file dans les rues et ruelles de Charleroi. Elle termine son d\u00e9fil\u00e9 sur la Place du Man\u00e8ge avec le jugement et le br\u00fblage du Corbeau. L\u2019occasion pour la Ville de faire dispara\u00eetre toutes les id\u00e9es noires de ses habitants et d\u2019accueillir avec entrain l\u2019arriv\u00e9e du printemps.<\/p>\n<p><strong>Contact\u00a0:<\/strong><br \/>\nEden<br \/>\nBoulevard Jacques Bertrand 1,<br \/>\n6000 Charleroi<br \/>\n+32 (0)71 20 29 95<br \/>\ninfo@eden-charleroi.be<br \/>\n<a href=\"https:\/\/www.eden-charleroi.be\" target=\"_blank\" rel=\"noopener\">https:\/\/www.eden-charleroi.be<\/a><\/p>\n<p><small>\u00a9Vid\u00e9o\/Reed &amp; J\u00e9r\u00f4me Gobin<\/small><\/p>\n<aside class=\"useful-links\">\n    <ul class=\"useful-links__list\">\n                    <li class=\"useful-links__item\">\n                <a href=\"https:\/\/charleroi-metropole.be\/fr\/decouvrir\/carnaval\/\">\n                    <figure class=\"useful-links__fig\">\n                                                    <img decoding=\"async\" src=\"https:\/\/charleroi-metropole.be\/wp-content\/uploads\/2020\/02\/charleroi-metropole-carnval-groupe-e1581969110985-500x0-c-default.jpg\" alt=\"O\u00f9 f\u00eater le Carnaval autrement?\" class=\"useful-links__img\">\n                                            <\/figure>\n\n                    <span class=\"useful-links__title\">O\u00f9 f\u00eater le Carnaval autrement?<\/span>\n                <\/a>\n            <\/li>\n                    <li class=\"useful-links__item\">\n                <a href=\"https:\/\/charleroi-metropole.be\/fr\/decouvrir\/marches-unesco\/\">\n                    <figure class=\"useful-links__fig\">\n                                                    <img decoding=\"async\" src=\"https:\/\/charleroi-metropole.be\/wp-content\/uploads\/2019\/09\/23_sainterolande_.00_00_01_12.still001-500x0-c-default.jpg\" alt=\"Au c\u0153ur des Marches folkloriques, reconnues par l&rsquo;UNESCO\" class=\"useful-links__img\">\n                                            <\/figure>\n\n                    <span class=\"useful-links__title\">Au c\u0153ur des Marches folkloriques, reconnues par l&rsquo;UNESCO<\/span>\n                <\/a>\n            <\/li>\n            <\/ul>\n<\/aside>\n\n","protected":false},"excerpt":{"rendered":"<p>Eden, Charleroi L\u2019Eden, Centre Culturel et Centre d&rsquo;Expression et de Cr\u00e9ativit\u00e9 de Charleroi, a lanc\u00e9 depuis 2016 la Grande Parade, un des groupes folkloriques du Carnaval carolo qui se veut le reflet de la diversit\u00e9 de la population. La Grande Parade redynamise le folklore du pays noir. Un \u00e9v\u00e9nement citoyen qui se pr\u00e9pare bien \u00e0 [&hellip;]<\/p>\n","protected":false},"author":25,"featured_media":4353,"comment_status":"closed","ping_status":"closed","sticky":false,"template":"","format":"standard","meta":{"footnotes":""},"categories":[35,393],"tags":[568,569,570,571],"class_list":["post-9280","post","type-post","status-publish","format-standard","has-post-thumbnail","hentry","category-culture","category-decouverte","tag-carnaval","tag-corbeau","tag-grande-fabrique","tag-parade"],"_links":{"self":[{"href":"https:\/\/charleroi-metropole.be\/fr\/wp-json\/wp\/v2\/posts\/9280"}],"collection":[{"href":"https:\/\/charleroi-metropole.be\/fr\/wp-json\/wp\/v2\/posts"}],"about":[{"href":"https:\/\/charleroi-metropole.be\/fr\/wp-json\/wp\/v2\/types\/post"}],"author":[{"embeddable":true,"href":"https:\/\/charleroi-metropole.be\/fr\/wp-json\/wp\/v2\/users\/25"}],"replies":[{"embeddable":true,"href":"https:\/\/charleroi-metropole.be\/fr\/wp-json\/wp\/v2\/comments?post=9280"}],"version-history":[{"count":3,"href":"https:\/\/charleroi-metropole.be\/fr\/wp-json\/wp\/v2\/posts\/9280\/revisions"}],"predecessor-version":[{"id":15957,"href":"https:\/\/charleroi-metropole.be\/fr\/wp-json\/wp\/v2\/posts\/9280\/revisions\/15957"}],"wp:featuredmedia":[{"embeddable":true,"href":"https:\/\/charleroi-metropole.be\/fr\/wp-json\/wp\/v2\/media\/4353"}],"wp:attachment":[{"href":"https:\/\/charleroi-metropole.be\/fr\/wp-json\/wp\/v2\/media?parent=9280"}],"wp:term":[{"taxonomy":"category","embeddable":true,"href":"https:\/\/charleroi-metropole.be\/fr\/wp-json\/wp\/v2\/categories?post=9280"},{"taxonomy":"post_tag","embeddable":true,"href":"https:\/\/charleroi-metropole.be\/fr\/wp-json\/wp\/v2\/tags?post=9280"}],"curies":[{"name":"wp","href":"https:\/\/api.w.org\/{rel}","templated":true}]}}