{"id":9095,"date":"2022-10-20T12:07:10","date_gmt":"2022-10-20T10:07:10","guid":{"rendered":"https:\/\/www.charleroi-metropole.be\/?p=9095"},"modified":"2022-10-20T12:07:59","modified_gmt":"2022-10-20T10:07:59","slug":"une-cuisine-centrale-et-des-projets-de-recherche-au-service-dune-alimentation-locale-et-de-qualite","status":"publish","type":"post","link":"https:\/\/charleroi-metropole.be\/fr\/decouvrir\/une-cuisine-centrale-et-des-projets-de-recherche-au-service-dune-alimentation-locale-et-de-qualite\/","title":{"rendered":"Une cuisine centrale et des projets de recherche au service d&rsquo;une alimentation locale et de qualit\u00e9"},"content":{"rendered":"<p>Nous vous invitons \u00e0 d\u00e9couvrir la dynamique Food.C et les enjeux li\u00e9s \u00e0 l&rsquo;alimentation saine, locale, durable et accessible tous pour le territoire au travers de 5 vid\u00e9os, dans lesquelles les acteurs du territoire ont la parole !<\/p>\n<p>Dans cette cinqui\u00e8me et derni\u00e8re vid\u00e9o, d\u00e9couvrez le projet de <strong>cuisine centrale<\/strong>, dont l&rsquo;objectif est de fournir \u00e0 terme 25000 repas par jour confectionn\u00e9s \u00e0 base de produits locaux aux collectivit\u00e9s du territoire, et les <strong>projets de recherche<\/strong> au sujet des b\u00e9n\u00e9fices d&rsquo;une alimentation de qualit\u00e9.<\/p>\n<p><strong><em>Vous avez loup\u00e9 les premi\u00e8res vid\u00e9os, consacr\u00e9s aux enjeux de la dynamique Food. C et \u00e0 la production ? Consultez-les ci-dessous !<\/em><\/strong><\/p>\n<p><a class=\"btn\" href=\"https:\/\/www.charleroi-metropole.be\/fr\/2022\/09\/19\/decouvrez-les-enjeux-de-la-strategie-food-c\/\" target=\"_blank\" rel=\"noopener\">Dynamique Food.C<\/a><\/p>\n<p><a class=\"btn\" href=\"https:\/\/www.charleroi-metropole.be\/fr\/2022\/09\/28\/food-c-produire-a-charleroi-metropole-pour-ses-habitants\/\" target=\"_blank\" rel=\"noopener\">Produire \u00e0 Charleroi M\u00e9tropole<\/a><\/p>\n<p><a class=\"btn\" href=\"https:\/\/www.charleroi-metropole.be\/fr\/2022\/10\/04\/food-c-une-logistique-adequate-au-service-des-producteurs-et-des-consommateurs\/\" rel=\"noopener\">Une logistique ad\u00e9quate, au service des producteurs et des consommateurs<\/a><\/p>\n<p><a class=\"btn\" href=\"https:\/\/www.charleroi-metropole.be\/fr\/2022\/10\/12\/quels-outils-pour-sensibiliser-les-publics-et-former-aux-metiers-lies-a-lalimentation\/\" rel=\"noopener\">Sensibiliser les publics et former aux m\u00e9tiers li\u00e9s \u00e0 l\u2019alimentation<\/a><\/p>\n<p>&nbsp;<\/p>\n<aside class=\"useful-links\">\n    <ul class=\"useful-links__list\">\n                    <li class=\"useful-links__item\">\n                <a href=\"https:\/\/charleroi-metropole.be\/fr\/decouvrir\/8906\/\">\n                    <figure class=\"useful-links__fig\">\n                                                    <img decoding=\"async\" src=\"https:\/\/charleroi-metropole.be\/wp-content\/uploads\/2022\/08\/image-alimentation-500x0-c-default.jpg\" alt=\"Vers une alimentation locale, durable, saine et accessible \u00e0 toutes et tous\" class=\"useful-links__img\">\n                                            <\/figure>\n\n                    <span class=\"useful-links__title\">Vers une alimentation locale, durable, saine et accessible \u00e0 toutes et tous<\/span>\n                <\/a>\n            <\/li>\n            <\/ul>\n<\/aside>\n\n<p><a class=\"btn\" href=\"https:\/\/food-c.charleroi-metropole.be\/\" target=\"_blank\" rel=\"noopener\">D\u00e9couvrez \u00e9galement le site d\u00e9di\u00e9 \u00e0 la strat\u00e9gie Food.C !<\/a><\/p>\n","protected":false},"excerpt":{"rendered":"<p>Nous vous invitons \u00e0 d\u00e9couvrir la dynamique Food.C et les enjeux li\u00e9s \u00e0 l&rsquo;alimentation saine, locale, durable et accessible tous pour le territoire au travers de 5 vid\u00e9os, dans lesquelles les acteurs du territoire ont la parole ! Dans cette cinqui\u00e8me et derni\u00e8re vid\u00e9o, d\u00e9couvrez le projet de cuisine centrale, dont l&rsquo;objectif est de fournir [&hellip;]<\/p>\n","protected":false},"author":25,"featured_media":9096,"comment_status":"closed","ping_status":"closed","sticky":false,"template":"","format":"standard","meta":{"footnotes":""},"categories":[394,19,396],"tags":[507,509,541,540,542],"class_list":["post-9095","post","type-post","status-publish","format-standard","has-post-thumbnail","hentry","category-alimentation-locale","category-dynamisme-economique","category-education","tag-alimentation-locale","tag-alimentation-saine","tag-cuisine-centrale","tag-food-c","tag-recherche"],"_links":{"self":[{"href":"https:\/\/charleroi-metropole.be\/fr\/wp-json\/wp\/v2\/posts\/9095"}],"collection":[{"href":"https:\/\/charleroi-metropole.be\/fr\/wp-json\/wp\/v2\/posts"}],"about":[{"href":"https:\/\/charleroi-metropole.be\/fr\/wp-json\/wp\/v2\/types\/post"}],"author":[{"embeddable":true,"href":"https:\/\/charleroi-metropole.be\/fr\/wp-json\/wp\/v2\/users\/25"}],"replies":[{"embeddable":true,"href":"https:\/\/charleroi-metropole.be\/fr\/wp-json\/wp\/v2\/comments?post=9095"}],"version-history":[{"count":0,"href":"https:\/\/charleroi-metropole.be\/fr\/wp-json\/wp\/v2\/posts\/9095\/revisions"}],"wp:featuredmedia":[{"embeddable":true,"href":"https:\/\/charleroi-metropole.be\/fr\/wp-json\/wp\/v2\/media\/9096"}],"wp:attachment":[{"href":"https:\/\/charleroi-metropole.be\/fr\/wp-json\/wp\/v2\/media?parent=9095"}],"wp:term":[{"taxonomy":"category","embeddable":true,"href":"https:\/\/charleroi-metropole.be\/fr\/wp-json\/wp\/v2\/categories?post=9095"},{"taxonomy":"post_tag","embeddable":true,"href":"https:\/\/charleroi-metropole.be\/fr\/wp-json\/wp\/v2\/tags?post=9095"}],"curies":[{"name":"wp","href":"https:\/\/api.w.org\/{rel}","templated":true}]}}