{"id":8959,"date":"2022-09-19T16:15:53","date_gmt":"2022-09-19T14:15:53","guid":{"rendered":"https:\/\/www.charleroi-metropole.be\/?p=8959"},"modified":"2022-10-12T13:08:44","modified_gmt":"2022-10-12T11:08:44","slug":"decouvrez-les-enjeux-de-la-strategie-food-c","status":"publish","type":"post","link":"https:\/\/charleroi-metropole.be\/fr\/decouvrir\/decouvrez-les-enjeux-de-la-strategie-food-c\/","title":{"rendered":"D\u00e9couvrez les enjeux de la strat\u00e9gie Food. C !"},"content":{"rendered":"<p>Nous vous invitons \u00e0 d\u00e9couvrir la dynamique <a href=\"https:\/\/food-c.charleroi-metropole.be\/\" target=\"_blank\" rel=\"noopener\">Food.C<\/a> et les enjeux li\u00e9s \u00e0 l&rsquo;alimentation saine, locale, durable et accessible tous pour le territoire au travers de 5 vid\u00e9os, dans lesquelles les acteurs du territoire ont la parole !<\/p>\n<p><strong>Dans cette premi\u00e8re vid\u00e9o, d\u00e9couvrez ce qui se cache derri\u00e8re la strat\u00e9gie Food.C et quels sont ses objectifs&#8230;<\/strong><\/p>\n<aside class=\"useful-links\">\n    <ul class=\"useful-links__list\">\n                    <li class=\"useful-links__item\">\n                <a href=\"https:\/\/charleroi-metropole.be\/fr\/decouvrir\/8906\/\">\n                    <figure class=\"useful-links__fig\">\n                                                    <img decoding=\"async\" src=\"https:\/\/charleroi-metropole.be\/wp-content\/uploads\/2022\/08\/image-alimentation-500x0-c-default.jpg\" alt=\"Vers une alimentation locale, durable, saine et accessible \u00e0 toutes et tous\" class=\"useful-links__img\">\n                                            <\/figure>\n\n                    <span class=\"useful-links__title\">Vers une alimentation locale, durable, saine et accessible \u00e0 toutes et tous<\/span>\n                <\/a>\n            <\/li>\n            <\/ul>\n<\/aside>\n\n<p>&nbsp;<\/p>\n<p><a class=\"btn\" href=\"https:\/\/food-c.charleroi-metropole.be\/\" target=\"_blank\" rel=\"noopener\">D\u00e9couvrez \u00e9galement le site d\u00e9di\u00e9 \u00e0 la strat\u00e9gie Food.C !<\/a><\/p>\n","protected":false},"excerpt":{"rendered":"<p>Nous vous invitons \u00e0 d\u00e9couvrir la dynamique Food.C et les enjeux li\u00e9s \u00e0 l&rsquo;alimentation saine, locale, durable et accessible tous pour le territoire au travers de 5 vid\u00e9os, dans lesquelles les acteurs du territoire ont la parole ! Dans cette premi\u00e8re vid\u00e9o, d\u00e9couvrez ce qui se cache derri\u00e8re la strat\u00e9gie Food.C et quels sont ses [&hellip;]<\/p>\n","protected":false},"author":25,"featured_media":8960,"comment_status":"closed","ping_status":"closed","sticky":false,"template":"","format":"standard","meta":{"footnotes":""},"categories":[394,19,396,395],"tags":[461,507,431],"class_list":["post-8959","post","type-post","status-publish","format-standard","has-post-thumbnail","hentry","category-alimentation-locale","category-dynamisme-economique","category-education","category-horeca","tag-alimentation","tag-alimentation-locale","tag-circuits-courts"],"_links":{"self":[{"href":"https:\/\/charleroi-metropole.be\/fr\/wp-json\/wp\/v2\/posts\/8959"}],"collection":[{"href":"https:\/\/charleroi-metropole.be\/fr\/wp-json\/wp\/v2\/posts"}],"about":[{"href":"https:\/\/charleroi-metropole.be\/fr\/wp-json\/wp\/v2\/types\/post"}],"author":[{"embeddable":true,"href":"https:\/\/charleroi-metropole.be\/fr\/wp-json\/wp\/v2\/users\/25"}],"replies":[{"embeddable":true,"href":"https:\/\/charleroi-metropole.be\/fr\/wp-json\/wp\/v2\/comments?post=8959"}],"version-history":[{"count":0,"href":"https:\/\/charleroi-metropole.be\/fr\/wp-json\/wp\/v2\/posts\/8959\/revisions"}],"wp:featuredmedia":[{"embeddable":true,"href":"https:\/\/charleroi-metropole.be\/fr\/wp-json\/wp\/v2\/media\/8960"}],"wp:attachment":[{"href":"https:\/\/charleroi-metropole.be\/fr\/wp-json\/wp\/v2\/media?parent=8959"}],"wp:term":[{"taxonomy":"category","embeddable":true,"href":"https:\/\/charleroi-metropole.be\/fr\/wp-json\/wp\/v2\/categories?post=8959"},{"taxonomy":"post_tag","embeddable":true,"href":"https:\/\/charleroi-metropole.be\/fr\/wp-json\/wp\/v2\/tags?post=8959"}],"curies":[{"name":"wp","href":"https:\/\/api.w.org\/{rel}","templated":true}]}}