{"id":8917,"date":"2022-08-18T15:00:48","date_gmt":"2022-08-18T13:00:48","guid":{"rendered":"https:\/\/www.charleroi-metropole.be\/?p=8917"},"modified":"2024-04-26T09:54:11","modified_gmt":"2024-04-26T07:54:11","slug":"ces-lieux-inedits-qui-font-la-part-belle-a-la-biodiversite","status":"publish","type":"post","link":"https:\/\/charleroi-metropole.be\/fr\/decouvrir\/ces-lieux-inedits-qui-font-la-part-belle-a-la-biodiversite\/","title":{"rendered":"Ces lieux in\u00e9dits qui font la part belle \u00e0 la biodiversit\u00e9"},"content":{"rendered":"<h3><strong><em>D\u00e9couvrez ces r\u00e9serves naturelles pr\u00e9sentant une faune et une flore d\u2019exception, typiques de chez nous. Bien qu\u2019ici les insectes, les oiseaux, les grenouilles\u2026 sont rois, il est possible d\u2019explorer ce patrimoine naturel , sans (trop) d\u00e9ranger les lieux et d\u2019observer ces esp\u00e8ces remarquables.\u00a0<\/em><\/strong><\/h3>\n<p>Aventurier d\u2019un jour ou expert naturaliste, il n\u2019y a plus qu\u2019\u00e0 emporter vos jumelles et vous laisser guider dans l\u2019univers des 1001 pattes.<\/p>\n<h2>Des anciennes carri\u00e8res de calcaire \u00e0 Montigny-le-Tilleul<\/h2>\n<p>La r\u00e9serve naturelle du\u00a0<a href=\"https:\/\/www.natagora.be\/reserves\/brun-chene\">Brun ch\u00eane<\/a>, comptant plus de 16 hectares, est \u00e9tablie sur deux anciennes carri\u00e8res de calcaire. Les diff\u00e9rentes mares qui la composent, ainsi que ses zones rocheuses et bois\u00e9es, en font\u00a0un paradis pour les crapauds et les grenouilles.<\/p>\n<p>Les roseli\u00e8res accueillent plus de 27 esp\u00e8ces de papillons et de nombreuses libellules. Notons \u00e9galement la pr\u00e9sence de criquets \u00e0 ailes bleues ou de faucons cr\u00e9cerelles.<\/p>\n<p>Partez \u00e0 la conqu\u00eate de ces recoins de verdure, situ\u00e9s \u00e0 quelques pas du Ring 3, gr\u00e2ce \u00e0 une\u00a0<a href=\"https:\/\/www.cm-tourisme.be\/fr\/a\/itineraires-balises-petite-boucle-entre-roche-et-eure-et-reserve-naturelle-du-brun-chene-a-mont-sur-marchienne\">balade de 7 kilom\u00e8tres<\/a>. Son parcours vous fera d\u00e9couvrir des vestiges industriels o\u00f9 la nature a repris ses droits.<\/p>\n<figure id=\"attachment_8920\" aria-describedby=\"caption-attachment-8920\" style=\"width: 1600px\" class=\"wp-caption alignnone\"><img loading=\"lazy\" decoding=\"async\" class=\"size-large wp-image-8920\" src=\"https:\/\/charleroi-metropole.be\/app\/uploads\/webp\/charleroi-metropole-papillons1-1600x1200.webp\" alt=\"\" width=\"1600\" height=\"1200\" \/><figcaption id=\"caption-attachment-8920\" class=\"wp-caption-text\">De nombreuses esp\u00e8ces de papillons s\u2019\u00e9tablissent dans ces r\u00e9serves naturelles.<\/figcaption><\/figure>\n<h2><b>Un \u00e9tang plein de vie \u00e0 Pont-\u00e0-Celles<\/b><\/h2>\n<p>Le joli village de Pont-\u00e0-Celles est bord\u00e9, \u00e0 son entr\u00e9e, par le canal Bruxelles-Charleroi d\u2019un c\u00f4t\u00e9 et, de l\u2019autre, par <a href=\"https:\/\/www.natagora.be\/reserves\/etang-de-launoy\">l\u2019\u00e9tang de Launoy<\/a>\u00a0: une ravissante zone humide d\u2019une dizaine d\u2019hectares. Refuge naturel pour de nombreuses esp\u00e8ces, ce havre de paix accueille des amphibiens, des oiseaux tels la rousserolle ou le pic \u00e9peiche, et m\u00eame des rapaces comme le hibou moyen-duc.<\/p>\n<p>Autrefois occup\u00e9e par de grands peupliers, cette r\u00e9serve compte de nombreux bouleaux, aulnes et saules, qui appr\u00e9cient les milieux<\/p>\n<p>En route pour 4 kilom\u00e8tres de promenade \u00e0 la d\u00e9couverte de cette faune et cette flore exceptionnelles et inhabituelles dans cette r\u00e9gion essentiellement agricole. Empruntez les\u00a0<a href=\"https:\/\/portail.hainaut.be\/agenda\/les-sentiers-de-letang-de-launoy-pont-celles\">chemins balis\u00e9s<\/a>\u00a0(les sentiers du Torcol et du Loriot) pour vous immerger de cette nature bois\u00e9e.<\/p>\n<figure id=\"attachment_8921\" aria-describedby=\"caption-attachment-8921\" style=\"width: 1600px\" class=\"wp-caption alignnone\"><img loading=\"lazy\" decoding=\"async\" class=\"size-large wp-image-8921\" src=\"https:\/\/charleroi-metropole.be\/app\/uploads\/webp\/charleroi-metropole-crapauds1-1600x1066.webp\" alt=\"\" width=\"1600\" height=\"1066\" \/><figcaption id=\"caption-attachment-8921\" class=\"wp-caption-text\">Ces r\u00e9serves naturelles offrent un repaire id\u00e9al pour les grenouilles et les crapauds.<\/figcaption><\/figure>\n<h2><b>Des pelouses constell\u00e9es d\u2019orchid\u00e9es \u00e0 Couvin\u00a0<\/b><\/h2>\n<p>Les\u00a0<a href=\"https:\/\/www.natagora.be\/reserves\/tienes-de-dailly\">Ti\u00e8nes de Dailly<\/a>\u00a0sont compos\u00e9es de pelouses calcaires, jouxtant la r\u00e9serve de la Pr\u00e9e : elles sont l\u2019une des seules r\u00e9serves de prairies en Wallonie. Cet espace ouvert a permis \u00e0 de nombreuses orchid\u00e9es d\u2019y pousser. Certaines esp\u00e8ces d\u2019oiseaux peu habitu\u00e9es \u00e0 nos contr\u00e9es, comme le r\u00e2le des gen\u00eats ou la pie-gri\u00e8che \u00e9corcheur, s\u2019y sont install\u00e9es, notamment gr\u00e2ce \u00e0 la pr\u00e9sence de haies.<\/p>\n<p>Pour observer ces belles \u00e9tendues bucoliques, partez du village de Dailly et baladez-vous sur 4,6 kilom\u00e8tres \u00e0 la d\u00e9couverte de plus de 225 esp\u00e8ces v\u00e9g\u00e9tales et animales, dont de fabuleux insectes.<\/p>\n<h2><b>Des mares \u00e0 Philippeville\u00a0<\/b><\/h2>\n<p>\u00c0 quelques centaines de m\u00e8tres du village de Romedenne et situ\u00e9e \u00e0 c\u00f4t\u00e9 du bois de Marmont,\u00a0<a href=\"https:\/\/www.natagora.be\/reserves\/romedenne\">la r\u00e9serve de Romedenne<\/a>\u00a0se compose de parcelles bois\u00e9es et de mares, partag\u00e9es entre des milieux secs et humides. Ces 6 hectares de nature proposent donc des conditions id\u00e9ales\u00a0pour accueillir crapauds, tritons (dont certaines esp\u00e8ces menac\u00e9es) et grenouilles.<\/p>\n<p>Aux abords de la r\u00e9serve, le ruisseau, appel\u00e9 la Chinelle, ainsi que les nombreuses friches (certaines abritant des bouleaux et des saules) ont permis \u00e0 la nature de d\u00e9velopper un v\u00e9ritable biotope pour les oiseaux, comme le martin-p\u00eacheur, les castors ou encore les papillons.<\/p>\n<p>Chaque ann\u00e9e, des chantiers sont organis\u00e9s avec des b\u00e9n\u00e9voles afin de maintenir la diversit\u00e9 de la faune et de la flore de cet espace. Des visites sont \u00e9galement propos\u00e9es \u00e0 certaines saisons.<\/p>\n<h2>Vall\u00e9e typique de la r\u00e9gion \u00e0 Walcourt<\/h2>\n<p>Site de grand int\u00e9r\u00eat biologique avec la for\u00eat avoisinante, la\u00a0<a href=\"https:\/\/www.natagora.be\/reserves\/vallee-de-leau-dyves\">Vall\u00e9e de l\u2019Eau d\u2019Yves<\/a>\u00a0est une r\u00e9serve dont les paysages sont typiques du Condroz. Situ\u00e9e entre le hameau du Rossignol et le village de Vogen\u00e9e, elle accueille la rivi\u00e8re de l\u2019Eau d\u2019Yves. Aux abords de la rivi\u00e8re, des moutons entretiennent les prairies, difficiles d\u2019acc\u00e8s aux engins m\u00e9caniques.<\/p>\n<p>Cette zone prot\u00e9g\u00e9e compte plus de 2.000 esp\u00e8ces diff\u00e9rentes, allant du serpent (par exemple, la couleuvre \u00e0 collier) au hibou grand-duc, de la chauve-souris au martin-p\u00eacheur.<\/p>\n<p>V\u00e9ritable richesse naturelle, la r\u00e9serve pr\u00e9sente un int\u00e9r\u00eat pour la biodiversit\u00e9 ind\u00e9niable. Si le lieu est ferm\u00e9 au public, de nombreuses visites sont organis\u00e9es tout au long de l\u2019ann\u00e9e.<\/p>\n<h2><b>Une ancienne sabli\u00e8re \u00e0 Erquelinnes<\/b><\/h2>\n<p><span style=\"font-weight: 400\">Longez cette r\u00e9serve via le RAVeL et d\u00e9couvrez la <\/span><a href=\"https:\/\/www.natagora.be\/reserves\/fosse-aux-sables\"><span style=\"font-weight: 400\">Fosse aux Sables<\/span><\/a><span style=\"font-weight: 400\">, une ancienne sabli\u00e8re de 2 hectares. Les nombreuses fosses, creus\u00e9es autrefois par le travail d\u2019extraction du sable, se sont petit \u00e0 petit reconverties en mares, faisant de cet espace un paradis pour le triton cr\u00eat\u00e9, esp\u00e8ce en voie de disparition.<\/span><\/p>\n<p><span style=\"font-weight: 400\">Bien qu\u2019on ait retrouv\u00e9 des dents de requin et des carapaces de tortues sur le site, ce dernier accueille aujourd\u2019hui surtout des grenouilles, comme la rousse ou la verte, et des crapauds.<\/span><\/p>\n<p><img loading=\"lazy\" decoding=\"async\" class=\"size-large wp-image-8919\" src=\"https:\/\/charleroi-metropole.be\/app\/uploads\/webp\/charleroi-metropole-bois1-1600x1062.webp\" alt=\"\" width=\"1600\" height=\"1062\" \/><\/p>\n<p>Comptant des espaces bois\u00e9s et des mares, les r\u00e9serves naturelles abritent une biodiversit\u00e9 hors du commun.<\/p>\n<h2><b>D\u2019autres r\u00e9serves bien connues\u2026<\/b><\/h2>\n<p>Charleroi M\u00e9tropole d\u00e9veloppe de plus en plus sa biodiversit\u00e9 via des sites prot\u00e9g\u00e9s. Par ailleurs, un v\u00e9ritable travail de sensibilisation est men\u00e9 aupr\u00e8s du grand public comme au sein de la r\u00e9serve de la\u00a0<a href=\"https:\/\/www.charleroi-metropole.be\/fr\/2019\/10\/09\/reservenaturelle\/\">Haute Sambre<\/a>\u00a0ou \u00e0\u00a0<a href=\"https:\/\/www.charleroi-metropole.be\/fr\/2020\/09\/15\/virelles\/\">Virelles<\/a>.<\/p>\n<figure id=\"attachment_8918\" aria-describedby=\"caption-attachment-8918\" style=\"width: 1600px\" class=\"wp-caption alignnone\"><img loading=\"lazy\" decoding=\"async\" class=\"wp-image-8918 size-large\" src=\"https:\/\/charleroi-metropole.be\/app\/uploads\/webp\/charleroi-metropole-randonnee1-1600x1200.webp\" alt=\"\" width=\"1600\" height=\"1200\" \/><figcaption id=\"caption-attachment-8918\" class=\"wp-caption-text\">Certaines r\u00e9serves naturelles sont accessibles \u00e0 tous tout au long de l\u2019ann\u00e9e.<\/figcaption><\/figure>\n<p>&nbsp;<\/p>\n","protected":false},"excerpt":{"rendered":"<p>D\u00e9couvrez ces r\u00e9serves naturelles pr\u00e9sentant une faune et une flore d\u2019exception, typiques de chez nous. Bien qu\u2019ici les insectes, les oiseaux, les grenouilles\u2026 sont rois, il est possible d\u2019explorer ce patrimoine naturel , sans (trop) d\u00e9ranger les lieux et d\u2019observer ces esp\u00e8ces remarquables.\u00a0 Aventurier d\u2019un jour ou expert naturaliste, il n\u2019y a plus qu\u2019\u00e0 emporter [&hellip;]<\/p>\n","protected":false},"author":27,"featured_media":8922,"comment_status":"closed","ping_status":"closed","sticky":false,"template":"","format":"standard","meta":{"footnotes":""},"categories":[393,398,396],"tags":[20,226,43,26],"class_list":["post-8917","post","type-post","status-publish","format-standard","has-post-thumbnail","hentry","category-decouverte","category-ecologie","category-education","tag-enfants","tag-environnement","tag-nature","tag-visite"],"_links":{"self":[{"href":"https:\/\/charleroi-metropole.be\/fr\/wp-json\/wp\/v2\/posts\/8917"}],"collection":[{"href":"https:\/\/charleroi-metropole.be\/fr\/wp-json\/wp\/v2\/posts"}],"about":[{"href":"https:\/\/charleroi-metropole.be\/fr\/wp-json\/wp\/v2\/types\/post"}],"author":[{"embeddable":true,"href":"https:\/\/charleroi-metropole.be\/fr\/wp-json\/wp\/v2\/users\/27"}],"replies":[{"embeddable":true,"href":"https:\/\/charleroi-metropole.be\/fr\/wp-json\/wp\/v2\/comments?post=8917"}],"version-history":[{"count":4,"href":"https:\/\/charleroi-metropole.be\/fr\/wp-json\/wp\/v2\/posts\/8917\/revisions"}],"predecessor-version":[{"id":15993,"href":"https:\/\/charleroi-metropole.be\/fr\/wp-json\/wp\/v2\/posts\/8917\/revisions\/15993"}],"wp:featuredmedia":[{"embeddable":true,"href":"https:\/\/charleroi-metropole.be\/fr\/wp-json\/wp\/v2\/media\/8922"}],"wp:attachment":[{"href":"https:\/\/charleroi-metropole.be\/fr\/wp-json\/wp\/v2\/media?parent=8917"}],"wp:term":[{"taxonomy":"category","embeddable":true,"href":"https:\/\/charleroi-metropole.be\/fr\/wp-json\/wp\/v2\/categories?post=8917"},{"taxonomy":"post_tag","embeddable":true,"href":"https:\/\/charleroi-metropole.be\/fr\/wp-json\/wp\/v2\/tags?post=8917"}],"curies":[{"name":"wp","href":"https:\/\/api.w.org\/{rel}","templated":true}]}}