{"id":8852,"date":"2022-06-20T12:17:30","date_gmt":"2022-06-20T10:17:30","guid":{"rendered":"https:\/\/www.charleroi-metropole.be\/?p=8852"},"modified":"2022-10-05T10:31:15","modified_gmt":"2022-10-05T08:31:15","slug":"lemploi-et-la-formation-a-charleroi-metropole","status":"publish","type":"post","link":"https:\/\/charleroi-metropole.be\/fr\/decouvrir\/lemploi-et-la-formation-a-charleroi-metropole\/","title":{"rendered":"L&#8217;emploi et la formation \u00e0 Charleroi M\u00e9tropole"},"content":{"rendered":"<h3>Charleroi M\u00e9tropole en 7 vid\u00e9os&#8230;<\/h3>\n<p><strong>Au travers de ces 7 capsules, Charleroi M\u00e9tropole vous d\u00e9voile tout ce que vous avez toujours voulu savoir sans jamais oser le demander ! D\u00e9couvrez pourquoi ces 30 communes ont d\u00e9cid\u00e9 de travailler ensemble et sur quelles th\u00e9matiques, importantes \u00e0 aborder \u00e0 une \u00e9chelle supralocale.<\/strong><\/p>\n<h3>3. Emploi et formation<\/h3>\n<p>O\u00f9 en est-on, \u00e0 Charleroi M\u00e9tropole ? Quels sont les grands projets qui animent la r\u00e9gion, qui visent \u00e0 proposer aux citoyens des lieux de formation, et \u00e0 favoriser l&#8217;employabilit\u00e9 de ces derniers ? Dans cette vid\u00e9o, d\u00e9couvrez de quoi sera fait le futur de Charleroi M\u00e9tropole et ce que les op\u00e9rateurs d\u00e9veloppent en faveur de l&#8217;emploi et la formation.<\/p>\n<blockquote><p>Int\u00e9ress\u00e9s par le sujet ? La <a href=\"https:\/\/www.charleroi-metropole.be\/fr\/cartesblanches\/formation-et-emploi-a-charleroi-metropole-aujourdhui-comment-ca-va\/\" target=\"_blank\" rel=\"noopener\">carte blanche<\/a> de Eric Van Sevenant et Olivier Marchal vous int\u00e9ressera&#8230;<\/p><\/blockquote>\n<p>&nbsp;<\/p>\n<h3><em>Consultez \u00e9galement ci-dessous les deux premi\u00e8res vid\u00e9os !<\/em><\/h3>\n<p><a class=\"btn\" href=\"https:\/\/www.charleroi-metropole.be\/fr\/2022\/06\/01\/pourquoi-charleroi-metropole-decouvrez-la-dynamique\/\" target=\"_blank\" rel=\"noopener\">Vid\u00e9o 1 : Dynamique g\u00e9n\u00e9rale<\/a><\/p>\n<p><a class=\"btn\" href=\"https:\/\/www.charleroi-metropole.be\/fr\/2022\/06\/10\/charleroi-metropole-un-territoire-intelligent\/\" target=\"_blank\" rel=\"noopener\">Vid\u00e9o 2 : Territoire intelligent<\/a><\/p>\n","protected":false},"excerpt":{"rendered":"<p>Charleroi M\u00e9tropole en 7 vid\u00e9os&#8230; Au travers de ces 7 capsules, Charleroi M\u00e9tropole vous d\u00e9voile tout ce que vous avez toujours voulu savoir sans jamais oser le demander ! D\u00e9couvrez pourquoi ces 30 communes ont d\u00e9cid\u00e9 de travailler ensemble et sur quelles th\u00e9matiques, importantes \u00e0 aborder \u00e0 une \u00e9chelle supralocale. 3. Emploi et formation O\u00f9 [&hellip;]<\/p>\n","protected":false},"author":25,"featured_media":8853,"comment_status":"closed","ping_status":"closed","sticky":false,"template":"","format":"standard","meta":{"footnotes":""},"categories":[19,396],"tags":[517,519,54,518],"class_list":["post-8852","post","type-post","status-publish","format-standard","has-post-thumbnail","hentry","category-dynamisme-economique","category-education","tag-emploi","tag-etudier","tag-formation","tag-se-former"],"_links":{"self":[{"href":"https:\/\/charleroi-metropole.be\/fr\/wp-json\/wp\/v2\/posts\/8852"}],"collection":[{"href":"https:\/\/charleroi-metropole.be\/fr\/wp-json\/wp\/v2\/posts"}],"about":[{"href":"https:\/\/charleroi-metropole.be\/fr\/wp-json\/wp\/v2\/types\/post"}],"author":[{"embeddable":true,"href":"https:\/\/charleroi-metropole.be\/fr\/wp-json\/wp\/v2\/users\/25"}],"replies":[{"embeddable":true,"href":"https:\/\/charleroi-metropole.be\/fr\/wp-json\/wp\/v2\/comments?post=8852"}],"version-history":[{"count":0,"href":"https:\/\/charleroi-metropole.be\/fr\/wp-json\/wp\/v2\/posts\/8852\/revisions"}],"wp:featuredmedia":[{"embeddable":true,"href":"https:\/\/charleroi-metropole.be\/fr\/wp-json\/wp\/v2\/media\/8853"}],"wp:attachment":[{"href":"https:\/\/charleroi-metropole.be\/fr\/wp-json\/wp\/v2\/media?parent=8852"}],"wp:term":[{"taxonomy":"category","embeddable":true,"href":"https:\/\/charleroi-metropole.be\/fr\/wp-json\/wp\/v2\/categories?post=8852"},{"taxonomy":"post_tag","embeddable":true,"href":"https:\/\/charleroi-metropole.be\/fr\/wp-json\/wp\/v2\/tags?post=8852"}],"curies":[{"name":"wp","href":"https:\/\/api.w.org\/{rel}","templated":true}]}}