{"id":8763,"date":"2022-06-01T16:11:52","date_gmt":"2022-06-01T14:11:52","guid":{"rendered":"https:\/\/www.charleroi-metropole.be\/?p=8763"},"modified":"2022-10-05T10:26:14","modified_gmt":"2022-10-05T08:26:14","slug":"pourquoi-charleroi-metropole-decouvrez-la-dynamique","status":"publish","type":"post","link":"https:\/\/charleroi-metropole.be\/fr\/decouvrir\/pourquoi-charleroi-metropole-decouvrez-la-dynamique\/","title":{"rendered":"Pourquoi Charleroi M\u00e9tropole ? D\u00e9couvrez la dynamique\u2026"},"content":{"rendered":"<h2>Charleroi M\u00e9tropole en 7 vid\u00e9os&#8230;<\/h2>\n<h5>Au travers de ces 7 capsules, Charleroi M\u00e9tropole vous d\u00e9voile tout ce que vous avez toujours voulu savoir sans jamais oser le demander ! D\u00e9couvrez pourquoi ces 30 communes ont d\u00e9cid\u00e9 de travailler ensemble et sur quelles th\u00e9matiques, importantes \u00e0 aborder \u00e0 une \u00e9chelle supralocale.<\/h5>\n<ol>\n<li>\n<h3>Dynamique g\u00e9n\u00e9rale<\/h3>\n<\/li>\n<\/ol>\n<p>D\u00e9couvrez pourquoi la <strong>dynamique enclench\u00e9e par Charleroi M\u00e9tropole<\/strong> prend tout son sens pour le territoire et les <strong>grandes <a href=\"https:\/\/www.charleroi-metropole.be\/fr\/projets\/\" target=\"_blank\" rel=\"noopener\">th\u00e9matiques<\/a><\/strong> sur lesquelles travaille la <a href=\"https:\/\/www.charleroi-metropole.be\/fr\/la-metropole\/structures-de-charleroi-metropole\/\" target=\"_blank\" rel=\"noopener\">Conf\u00e9rence des Bourgmestres<\/a>, \u00e9paul\u00e9e par le <a href=\"https:\/\/www.charleroi-metropole.be\/fr\/la-metropole\/structures-de-charleroi-metropole\/\" target=\"_blank\" rel=\"noopener\">Comit\u00e9 de D\u00e9veloppement Strat\u00e9gique<\/a> et, plus largement, les forces vives du territoire.<\/p>\n<p>Dans cette premi\u00e8re vid\u00e9o, nous vous parlons des <strong>enjeux<\/strong> d\u2019une dynamique supracommunale telle que Charleroi M\u00e9tropole.<\/p>\n<p>Charleroi M\u00e9tropole, c\u2019est un <strong><a href=\"https:\/\/www.charleroi-metropole.be\/fr\/la-metropole\/\" target=\"_blank\" rel=\"noopener\">bassin de vie<\/a> compos\u00e9 de 30 communes<\/strong>, qui s\u2019\u00e9tend de la fronti\u00e8re fran\u00e7aise \u00e0 la grande p\u00e9riph\u00e9rie bruxelloise. Avec pr\u00e8s de 600.000 habitants, la M\u00e9tropole se confirme comme un territoire pertinent pour le d\u00e9veloppement d\u2019une dynamique supracommunale ambitieuse.<\/p>\n<p>De nombreux d\u00e9fis ne peuvent se r\u00e9soudre qu\u2019\u00e0 une \u00e9chelle supralocale en <strong>mutualisant les ressources, les comp\u00e9tences et les forces des uns et des autres<\/strong>. Charleroi M\u00e9tropole vise \u00e0 optimaliser les connections, les compl\u00e9mentarit\u00e9s et les coop\u00e9rations entre les communes mais \u00e9galement entre tous les acteurs du territoire. Dans le contexte international actuel, Charleroi M\u00e9tropole souhaite affirmer son identit\u00e9 et f\u00e9d\u00e9rer l\u2019ensemble de son territoire afin de poursuivre et renforcer une strat\u00e9gie et un projet de territoire partag\u00e9 pour r\u00e9pondre aux d\u00e9fis de demain.<\/p>\n","protected":false},"excerpt":{"rendered":"<p>Charleroi M\u00e9tropole en 7 vid\u00e9os&#8230; Au travers de ces 7 capsules, Charleroi M\u00e9tropole vous d\u00e9voile tout ce que vous avez toujours voulu savoir sans jamais oser le demander ! D\u00e9couvrez pourquoi ces 30 communes ont d\u00e9cid\u00e9 de travailler ensemble et sur quelles th\u00e9matiques, importantes \u00e0 aborder \u00e0 une \u00e9chelle supralocale. Dynamique g\u00e9n\u00e9rale D\u00e9couvrez pourquoi la [&hellip;]<\/p>\n","protected":false},"author":25,"featured_media":8871,"comment_status":"closed","ping_status":"closed","sticky":false,"template":"","format":"standard","meta":{"footnotes":""},"categories":[393],"tags":[497,496,495,499,498],"class_list":["post-8763","post","type-post","status-publish","format-standard","has-post-thumbnail","hentry","category-decouverte","tag-charleroi-metropole","tag-dynamique","tag-enjeux","tag-projets","tag-thematiques"],"_links":{"self":[{"href":"https:\/\/charleroi-metropole.be\/fr\/wp-json\/wp\/v2\/posts\/8763"}],"collection":[{"href":"https:\/\/charleroi-metropole.be\/fr\/wp-json\/wp\/v2\/posts"}],"about":[{"href":"https:\/\/charleroi-metropole.be\/fr\/wp-json\/wp\/v2\/types\/post"}],"author":[{"embeddable":true,"href":"https:\/\/charleroi-metropole.be\/fr\/wp-json\/wp\/v2\/users\/25"}],"replies":[{"embeddable":true,"href":"https:\/\/charleroi-metropole.be\/fr\/wp-json\/wp\/v2\/comments?post=8763"}],"version-history":[{"count":0,"href":"https:\/\/charleroi-metropole.be\/fr\/wp-json\/wp\/v2\/posts\/8763\/revisions"}],"wp:featuredmedia":[{"embeddable":true,"href":"https:\/\/charleroi-metropole.be\/fr\/wp-json\/wp\/v2\/media\/8871"}],"wp:attachment":[{"href":"https:\/\/charleroi-metropole.be\/fr\/wp-json\/wp\/v2\/media?parent=8763"}],"wp:term":[{"taxonomy":"category","embeddable":true,"href":"https:\/\/charleroi-metropole.be\/fr\/wp-json\/wp\/v2\/categories?post=8763"},{"taxonomy":"post_tag","embeddable":true,"href":"https:\/\/charleroi-metropole.be\/fr\/wp-json\/wp\/v2\/tags?post=8763"}],"curies":[{"name":"wp","href":"https:\/\/api.w.org\/{rel}","templated":true}]}}