{"id":8281,"date":"2021-12-01T12:03:31","date_gmt":"2021-12-01T10:03:31","guid":{"rendered":"https:\/\/www.charleroi-metropole.be\/?p=8281"},"modified":"2024-04-26T10:03:42","modified_gmt":"2024-04-26T08:03:42","slug":"noel","status":"publish","type":"post","link":"https:\/\/charleroi-metropole.be\/fr\/decouvrir\/noel\/","title":{"rendered":"Les march\u00e9s de No\u00ebl qui illumineront votre fin d\u2019ann\u00e9e"},"content":{"rendered":"<blockquote><p>Si de nombreux march\u00e9s de No\u00ebl r\u00e9put\u00e9s sont annul\u00e9s dans la r\u00e9gion en raison du Covid, comme celui de Chimay, du Bois du Cazier ou les F\u00e9\u00e9ries de Courcelles, l\u2019ambiance magique de No\u00ebl sera tout de m\u00eame palpable dans certains endroits de la M\u00e9tropole, dans le respect des r\u00e8gles en vigueur.<\/p>\n<p>Vin chaud, pain d\u2019\u00e9pices, sp\u00e9cialit\u00e9s artisanales et r\u00e9gionales\u2026 Voici des endroits enchanteurs o\u00f9 profiter des f\u00eates de fin d\u2019ann\u00e9e pr\u00e8s de chez vous.<\/p><\/blockquote>\n<p>Face \u00e0 l\u2019\u00e9volution constante des r\u00e8gles sanitaires en vigueur, nous vous conseillons de vous renseigner aupr\u00e8s des organisateurs du march\u00e9 avant de vous y rendre<\/p>\n<h2>No\u00ebl en Sambre \u00e0 Thuin<\/h2>\n<p>Rendez-vous \u00e0 <a href=\"https:\/\/www.facebook.com\/Noelensambre\/\" target=\"_blank\" rel=\"noopener\">No\u00ebl en Sambre<\/a>, du 17 au 19 d\u00e9cembre.\u00a0 Install\u00e9 au c\u0153ur de la cit\u00e9 thudinienne, ce merveilleux march\u00e9 de No\u00ebl vous propose concerts, bar \u00e0 champagne ou encore la possibilit\u00e9 d\u2019embarquer dans un tram avec le P\u00e8re No\u00ebl, pour un week-end plac\u00e9 sous le signe de la gourmandise et de la magie.<\/p>\n<aside class=\"useful-links\">\n    <ul class=\"useful-links__list\">\n                    <li class=\"useful-links__item\">\n                <a href=\"https:\/\/charleroi-metropole.be\/fr\/decouvrir\/vin-local\/\">\n                    <figure class=\"useful-links__fig\">\n                                                    <img decoding=\"async\" src=\"https:\/\/charleroi-metropole.be\/wp-content\/uploads\/2020\/09\/charleroi-metropole-vin1-500x0-c-default.jpg\" alt=\"\u00c0 la rencontre de ces vignerons locaux\" class=\"useful-links__img\">\n                                            <\/figure>\n\n                    <span class=\"useful-links__title\">\u00c0 la rencontre de ces vignerons locaux<\/span>\n                <\/a>\n            <\/li>\n            <\/ul>\n<\/aside>\n\n<figure id=\"attachment_8284\" aria-describedby=\"caption-attachment-8284\" style=\"width: 1600px\" class=\"wp-caption alignnone\"><img loading=\"lazy\" decoding=\"async\" class=\"size-large wp-image-8284\" src=\"https:\/\/charleroi-metropole.be\/app\/uploads\/webp\/charleroi-metropole-marche-noel-pere-sapin-e1638352098595-1600x1068.webp\" alt=\"boule-de-noel\" width=\"1600\" height=\"1068\" \/><figcaption id=\"caption-attachment-8284\" class=\"wp-caption-text\">Vous trouverez de nombreux cadeaux originaux r\u00e9alis\u00e9s par des artisans de chez nous.<\/figcaption><\/figure>\n<h2><strong>Au Ch\u00e2teau de Trazegnies \u00e0 Courcelles<\/strong><\/h2>\n<p>Les 11 et 12 d\u00e9cembre, p\u00e9n\u00e9trez dans les salles du <a href=\"http:\/\/www.chateaudetrazegnies.be\/index.php\/activites-expo-et-stages\/toutes-les-activites\/26-marche-de-noel\" target=\"_blank\" rel=\"noopener\">ch\u00e2teau de Trazegnies<\/a> pour trouver le cadeau unique et original qui fera plaisir \u00e0 vos proches. Tous les exposants sont des artisans locaux.<\/p>\n<p>Ambiance conviviale et chaleureuse garantie.<\/p>\n<figure id=\"attachment_8287\" aria-describedby=\"caption-attachment-8287\" style=\"width: 1600px\" class=\"wp-caption alignnone\"><img loading=\"lazy\" decoding=\"async\" class=\"size-large wp-image-8287\" src=\"https:\/\/charleroi-metropole.be\/app\/uploads\/webp\/charleroi-metropole-vin-chaud-marche-patinoire-e1638352417181-1600x1067.webp\" alt=\"visiteur-marche-de-noel\" width=\"1600\" height=\"1067\" \/><figcaption id=\"caption-attachment-8287\" class=\"wp-caption-text\">Profitez des artisans pour d\u00e9couvrir des produits de bouche locaux.<\/figcaption><\/figure>\n<aside class=\"useful-links\">\n    <ul class=\"useful-links__list\">\n                    <li class=\"useful-links__item\">\n                <a href=\"https:\/\/charleroi-metropole.be\/fr\/decouvrir\/artisan\/\">\n                    <figure class=\"useful-links__fig\">\n                                                    <img decoding=\"async\" src=\"https:\/\/charleroi-metropole.be\/wp-content\/uploads\/2021\/02\/charleroi-metropole-ferronier-artisan-e1613485809660-500x0-c-default.jpg\" alt=\"Quand ces artisans nous d\u00e9voilent les coulisses de leur cr\u00e9ativit\u00e9\" class=\"useful-links__img\">\n                                            <\/figure>\n\n                    <span class=\"useful-links__title\">Quand ces artisans nous d\u00e9voilent les coulisses de leur cr\u00e9ativit\u00e9<\/span>\n                <\/a>\n            <\/li>\n            <\/ul>\n<\/aside>\n\n<h2>Le village de No\u00ebl \u00e0 Charleroi<\/h2>\n<p>M\u00eame si ce march\u00e9 de No\u00ebl est moins intimiste et d\u00e9j\u00e0 connu de nombreux habitants de la m\u00e9tropole, le <a href=\"https:\/\/www.charleroi.be\/decouvrir\/moments-forts\/village-de-noel\" target=\"_blank\" rel=\"noopener\">Village de No\u00ebl de Charleroi<\/a> reste n\u00e9anmoins incontournable. Cette ann\u00e9e, il se d\u00e9roulera du 26 novembre au 8 janvier. Notez d\u00e9j\u00e0 qu&rsquo;une soir\u00e9e sp\u00e9ciale est pr\u00e9vue pour le r\u00e9veillon du 31 d\u00e9cembre sur la place de la Digue.<\/p>\n<p>La Place de la Digue et la Place Verte accueilleront plus de 50 chalets dans une ambiance f\u00e9erique de No\u00ebl. La patinoire semi-couverte de plus de 700 m2 accueillera vos plus belles glissades (et chutes ?).\u00a0 Une zone est r\u00e9serv\u00e9e aux plus jeunes, pour qu\u2019ils puissent y \u00e9voluer en toute s\u00e9curit\u00e9.<\/p>\n<figure id=\"attachment_8285\" aria-describedby=\"caption-attachment-8285\" style=\"width: 1600px\" class=\"wp-caption alignnone\"><img loading=\"lazy\" decoding=\"async\" class=\"size-large wp-image-8285\" src=\"https:\/\/charleroi-metropole.be\/app\/uploads\/webp\/charleroi-metropole-noel-artisans-marche-boutique-cadeaux-durable-e1638352202329-1600x1068.webp\" alt=\"chalet-marche-de-noel\" width=\"1600\" height=\"1068\" \/><figcaption id=\"caption-attachment-8285\" class=\"wp-caption-text\">Les nombreux chalets transforment la ville en un lieu magique et chaleureux, illumin\u00e9 par de nombreuses guirlandes.<\/figcaption><\/figure>\n<aside class=\"useful-links\">\n    <ul class=\"useful-links__list\">\n                    <li class=\"useful-links__item\">\n                <a href=\"https:\/\/charleroi-metropole.be\/fr\/decouvrir\/fetes-durable\/\">\n                    <figure class=\"useful-links__fig\">\n                                                    <img decoding=\"async\" src=\"https:\/\/charleroi-metropole.be\/wp-content\/uploads\/2020\/12\/charleroi-metropole-noel-durable-ecologie-idee-500x0-c-default.jpg\" alt=\"Les f\u00eates de fin d\u2019ann\u00e9e en mode local et durable\" class=\"useful-links__img\">\n                                            <\/figure>\n\n                    <span class=\"useful-links__title\">Les f\u00eates de fin d\u2019ann\u00e9e en mode local et durable<\/span>\n                <\/a>\n            <\/li>\n            <\/ul>\n<\/aside>\n\n<p>Et n&rsquo;h\u00e9sitez pas \u00e0 vous rendre dans d\u2019autres lieux de l\u2019entit\u00e9 qui vous proposent des festivit\u00e9s.<\/p>\n","protected":false},"excerpt":{"rendered":"<p>Si de nombreux march\u00e9s de No\u00ebl r\u00e9put\u00e9s sont annul\u00e9s dans la r\u00e9gion en raison du Covid, comme celui de Chimay, du Bois du Cazier ou les F\u00e9\u00e9ries de Courcelles, l\u2019ambiance magique de No\u00ebl sera tout de m\u00eame palpable dans certains endroits de la M\u00e9tropole, dans le respect des r\u00e8gles en vigueur. Vin chaud, pain d\u2019\u00e9pices, [&hellip;]<\/p>\n","protected":false},"author":27,"featured_media":8282,"comment_status":"closed","ping_status":"closed","sticky":false,"template":"","format":"standard","meta":{"footnotes":""},"categories":[394,397,35,36],"tags":[37,45,34,20,33,49,22,46,40,24,48],"class_list":["post-8281","post","type-post","status-publish","format-standard","has-post-thumbnail","hentry","category-alimentation-locale","category-artisanat","category-culture","category-lifestyle","tag-animation","tag-artisan","tag-bar","tag-enfants","tag-groupe","tag-inedit","tag-local","tag-plaisirs-sucres","tag-produits-locaux","tag-terroir","tag-tradition"],"_links":{"self":[{"href":"https:\/\/charleroi-metropole.be\/fr\/wp-json\/wp\/v2\/posts\/8281"}],"collection":[{"href":"https:\/\/charleroi-metropole.be\/fr\/wp-json\/wp\/v2\/posts"}],"about":[{"href":"https:\/\/charleroi-metropole.be\/fr\/wp-json\/wp\/v2\/types\/post"}],"author":[{"embeddable":true,"href":"https:\/\/charleroi-metropole.be\/fr\/wp-json\/wp\/v2\/users\/27"}],"replies":[{"embeddable":true,"href":"https:\/\/charleroi-metropole.be\/fr\/wp-json\/wp\/v2\/comments?post=8281"}],"version-history":[{"count":3,"href":"https:\/\/charleroi-metropole.be\/fr\/wp-json\/wp\/v2\/posts\/8281\/revisions"}],"predecessor-version":[{"id":16040,"href":"https:\/\/charleroi-metropole.be\/fr\/wp-json\/wp\/v2\/posts\/8281\/revisions\/16040"}],"wp:featuredmedia":[{"embeddable":true,"href":"https:\/\/charleroi-metropole.be\/fr\/wp-json\/wp\/v2\/media\/8282"}],"wp:attachment":[{"href":"https:\/\/charleroi-metropole.be\/fr\/wp-json\/wp\/v2\/media?parent=8281"}],"wp:term":[{"taxonomy":"category","embeddable":true,"href":"https:\/\/charleroi-metropole.be\/fr\/wp-json\/wp\/v2\/categories?post=8281"},{"taxonomy":"post_tag","embeddable":true,"href":"https:\/\/charleroi-metropole.be\/fr\/wp-json\/wp\/v2\/tags?post=8281"}],"curies":[{"name":"wp","href":"https:\/\/api.w.org\/{rel}","templated":true}]}}