{"id":7578,"date":"2021-04-30T10:38:40","date_gmt":"2021-04-30T08:38:40","guid":{"rendered":"https:\/\/www.charleroi-metropole.be\/?p=7578"},"modified":"2024-04-26T10:04:14","modified_gmt":"2024-04-26T08:04:14","slug":"artisan-artiste","status":"publish","type":"post","link":"https:\/\/charleroi-metropole.be\/fr\/decouvrir\/artisan-artiste\/","title":{"rendered":"5 raisons de suivre le travail de ce jeune designer"},"content":{"rendered":"<p>Rep\u00e9r\u00e9 par l\u2019architecte de renom Caroline Notte, J\u00e9r\u00e9my Descamps, install\u00e9 \u00e0 Fontaine-l&rsquo;\u00c9v\u00eaque, part \u00e0 la conqu\u00eate des galeries d\u2019art sous sa marque, <a href=\"https:\/\/lafabriquenoire.be\/\" target=\"_blank\" rel=\"noopener\">La Fabrique Noire<\/a>.<\/p>\n<h2>1. Il allie m\u00e9tal, pierre et bois<\/h2>\n<p>Cet artisan, ancien tourneur-fraiseur industriel, cr\u00e9e du mobilier depuis 2016. Il refuse que lui soient coll\u00e9es les \u00e9tiquettes de menuisier, sculpteur ou encore tailleur. Pour lui, il travaille diff\u00e9rentes mati\u00e8res, tel un artiste.<\/p>\n<p>\u201c<em>J\u2019appr\u00e9cie beaucoup le jeu entre les diff\u00e9rentes textures. Je con\u00e7ois du mobilier en combinant le bois, le m\u00e9tal et le marbre<\/em>\u201d, nous explique ce jeune trentenaire. \u201c<em>Le travail est assez complexe. Il faut travailler chaque mati\u00e8re en relation \u00e0 l\u2019autre afin que la cr\u00e9ation soit durable<\/em>\u201d.<\/p>\n<figure id=\"attachment_7597\" aria-describedby=\"caption-attachment-7597\" style=\"width: 1600px\" class=\"wp-caption alignnone\"><img loading=\"lazy\" decoding=\"async\" class=\"size-large wp-image-7597\" src=\"https:\/\/charleroi-metropole.be\/app\/uploads\/webp\/charleroi-metropole-mensuisier-artisan-meubles-e1619595387591-1600x1069.webp\" alt=\"rencontre-avec-le-client\" width=\"1600\" height=\"1069\" \/><figcaption id=\"caption-attachment-7597\" class=\"wp-caption-text\">J\u00e9r\u00e9my Descamps discute beaucoup avec le client avant la cr\u00e9ation du meuble.<\/figcaption><\/figure>\n<aside class=\"useful-links\">\n    <ul class=\"useful-links__list\">\n                    <li class=\"useful-links__item\">\n                <a href=\"https:\/\/charleroi-metropole.be\/fr\/decouvrir\/rencontres-authentiques-sur-un-terrain-de-golf\/\">\n                    <figure class=\"useful-links__fig\">\n                                                    <img decoding=\"async\" src=\"https:\/\/charleroi-metropole.be\/wp-content\/uploads\/2018\/12\/20_golf-de-pierpont.00_01_28_09.still018-500x0-c-default.jpg\" alt=\"Rencontres authentiques sur un terrain de golf\" class=\"useful-links__img\">\n                                            <\/figure>\n\n                    <span class=\"useful-links__title\">Rencontres authentiques sur un terrain de golf<\/span>\n                <\/a>\n            <\/li>\n            <\/ul>\n<\/aside>\n\n<h2>2. Il mise sur des mat\u00e9riaux locaux et de qualit\u00e9<\/h2>\n<p>Avant toute cr\u00e9ation, J\u00e9r\u00e9my accorde beaucoup d\u2019importance au choix des mat\u00e9riaux. Il favorise les richesses naturelles et locales. Le marbre et le bois viennent des environs : il noue des relations privil\u00e9gi\u00e9es avec ses fournisseurs. Le m\u00e9tal provient d\u2019un fournisseur belge.<\/p>\n<p>\u201c<em>La Belgique dispose de magnifiques marbres. Malheureusement, ces fili\u00e8res sont souvent peu investies. L&rsquo;extraction co\u00fbte cher. C\u2019est dommage, nous poss\u00e9dons vraiment des mati\u00e8res premi\u00e8res hors du commun<\/em>\u201d.<\/p>\n<figure id=\"attachment_7579\" aria-describedby=\"caption-attachment-7579\" style=\"width: 1600px\" class=\"wp-caption alignnone\"><img loading=\"lazy\" decoding=\"async\" class=\"size-large wp-image-7579\" src=\"https:\/\/charleroi-metropole.be\/app\/uploads\/webp\/charleroi-metropole-amenagement-renovation-meubles-e1619595443425-1600x1069.webp\" alt=\"travail-sur-la-pierre\" width=\"1600\" height=\"1069\" \/><figcaption id=\"caption-attachment-7579\" class=\"wp-caption-text\">La plupart des mat\u00e9riaux viennent de Belgique.<\/figcaption><\/figure>\n<h2>3. Il travaille son identit\u00e9 visuelle dans les moindres d\u00e9tails<\/h2>\n<p>Chaque cr\u00e9ation est unique et r\u00e9pond aux demandes du client ; J\u00e9r\u00e9my estampille toutes ses pi\u00e8ces de La Fabrique Noire. Les pi\u00e8ces de mobilier cr\u00e9\u00e9es ont en commun leur sobri\u00e9t\u00e9 et leur authenticit\u00e9, et ont pour couleur dominante le noir.<\/p>\n<p>Il travaille par exemple le bois br\u00fbl\u00e9 et le marbre noir de Mazy.<\/p>\n<figure id=\"attachment_7594\" aria-describedby=\"caption-attachment-7594\" style=\"width: 1600px\" class=\"wp-caption alignnone\"><img loading=\"lazy\" decoding=\"async\" class=\"size-large wp-image-7594\" src=\"https:\/\/charleroi-metropole.be\/app\/uploads\/webp\/charleroi-metropole-jeremy-descamps-e1619595497877-1600x1069.webp\" alt=\"table-de-salon\" width=\"1600\" height=\"1069\" \/><figcaption id=\"caption-attachment-7594\" class=\"wp-caption-text\">Cet artisan propose toute une gamme de mobilier, de la table basse \u00e0 l\u2019armoire.<\/figcaption><\/figure>\n<p>Perfectionniste, J\u00e9r\u00e9my pousse son identit\u00e9 dans les moindres d\u00e9tails. Il va jusqu\u2019\u00e0 soigner le design de ses vis.<\/p>\n<p>Par ailleurs, il certifie son mobilier \u00e0 travers un certificat d\u00e9livr\u00e9 sur une feuille de papier noir, sign\u00e9 \u00e0 l\u2019encre blanche et cachet\u00e9 \u00e0 la cire.<\/p>\n<aside class=\"useful-links\">\n    <ul class=\"useful-links__list\">\n                    <li class=\"useful-links__item\">\n                <a href=\"https:\/\/charleroi-metropole.be\/fr\/decouvrir\/beaumont-asymetrie\/\">\n                    <figure class=\"useful-links__fig\">\n                                                    <img decoding=\"async\" src=\"https:\/\/charleroi-metropole.be\/wp-content\/uploads\/2018\/10\/asymetry-18-500x0-c-default.jpg\" alt=\"De l\u2019architecture \u00e0 l\u2019informatique, le coup de g\u00e9nie d\u2019une bo\u00eete en pleine campagne\" class=\"useful-links__img\">\n                                            <\/figure>\n\n                    <span class=\"useful-links__title\">De l\u2019architecture \u00e0 l\u2019informatique, le coup de g\u00e9nie d\u2019une bo\u00eete en pleine campagne<\/span>\n                <\/a>\n            <\/li>\n            <\/ul>\n<\/aside>\n\n<h2>4. Il utilise des techniques anciennes<\/h2>\n<p>Toutes ses cr\u00e9ations sont artisanales. Apr\u00e8s un cycle de formation \u00e0 l\u2019IATA \u00e0 Namur et \u00e0 Technifutur \u00e0 Li\u00e8ge, il d\u00e9veloppe son savoir-faire au contact de personnes du m\u00e9tier.<\/p>\n<p>\u201c<em>J\u2019ai beaucoup appris aupr\u00e8s d\u2019artisans exp\u00e9riment\u00e9s. De nombreux gestes se transmettent principalement en observant et par essai-erreur. Je me rends encore r\u00e9guli\u00e8rement chez d\u2019anciens tailleurs et menuisiers pour affiner mes techniques<\/em>\u201d.<\/p>\n<p>Cet artisan appr\u00e9cie \u00e9galement \u00e9changer avec diff\u00e9rents corps de m\u00e9tiers. Il tire de ces rencontres des apprentissages riches, au d\u00e9tour de discussions sur des cas tr\u00e8s pratiques li\u00e9s \u00e0 son activit\u00e9.<\/p>\n<h2>5. Il s\u2019inspire de ce qui l&rsquo;entoure<\/h2>\n<p>J\u00e9r\u00e9my puise ses id\u00e9es au plus proche de lui. Chaque cr\u00e9ation est unique et se con\u00e7oit en fonction du moment pr\u00e9sent. Il s&rsquo;inspire notamment de la nature, et des mat\u00e9riaux bruts, lorsqu\u2019il se rend \u00e0 la scierie ou \u00e0 la carri\u00e8re.<\/p>\n<p>Il trouve aussi son inspiration en s\u2019int\u00e9ressant au travail d\u2019autres artistes, aux moyens d\u2019expression vari\u00e9s.<\/p>\n<figure id=\"attachment_7595\" aria-describedby=\"caption-attachment-7595\" style=\"width: 1600px\" class=\"wp-caption alignnone\"><img loading=\"lazy\" decoding=\"async\" class=\"size-large wp-image-7595\" src=\"https:\/\/charleroi-metropole.be\/app\/uploads\/webp\/charleroi-metropole-la-fabrique-noire-e1619595568527-1600x1065.webp\" alt=\"cachet-de-l-artiste\" width=\"1600\" height=\"1065\" \/><figcaption id=\"caption-attachment-7595\" class=\"wp-caption-text\">Chaque cr\u00e9ation est certifi\u00e9e par le cr\u00e9ateur et num\u00e9rot\u00e9e.<\/figcaption><\/figure>\n<p>\u00c0 l\u2019avenir, J\u00e9r\u00e9my Descamps souhaite int\u00e9grer le milieu artistique. Il appr\u00e9cie la libert\u00e9 totale que l\u2019art lui procure en termes de cr\u00e9ativit\u00e9. Il a d\u00e9j\u00e0 \u00e9t\u00e9 rep\u00e9r\u00e9 par des galeries d\u2019art. \u201c<em>Le simple fait de cr\u00e9er ma pi\u00e8ce de A \u00e0 Z sans contrainte et de trouver un acqu\u00e9reur qui appr\u00e9cie cette pi\u00e8ce pour ce qu\u2019elle est m&rsquo;apporte \u00e9norm\u00e9ment de satisfaction.<\/em>\u201d<\/p>\n<p>Un talent \u00e0 d\u00e9couvrir sans tarder.<\/p>\n<aside class=\"useful-links\">\n    <ul class=\"useful-links__list\">\n                    <li class=\"useful-links__item\">\n                <a href=\"https:\/\/charleroi-metropole.be\/fr\/decouvrir\/vin-local\/\">\n                    <figure class=\"useful-links__fig\">\n                                                    <img decoding=\"async\" src=\"https:\/\/charleroi-metropole.be\/wp-content\/uploads\/2020\/09\/charleroi-metropole-vin1-500x0-c-default.jpg\" alt=\"\u00c0 la rencontre de ces vignerons locaux\" class=\"useful-links__img\">\n                                            <\/figure>\n\n                    <span class=\"useful-links__title\">\u00c0 la rencontre de ces vignerons locaux<\/span>\n                <\/a>\n            <\/li>\n            <\/ul>\n<\/aside>\n\n","protected":false},"excerpt":{"rendered":"<p>Rep\u00e9r\u00e9 par l\u2019architecte de renom Caroline Notte, J\u00e9r\u00e9my Descamps, install\u00e9 \u00e0 Fontaine-l&rsquo;\u00c9v\u00eaque, part \u00e0 la conqu\u00eate des galeries d\u2019art sous sa marque, La Fabrique Noire. 1. Il allie m\u00e9tal, pierre et bois Cet artisan, ancien tourneur-fraiseur industriel, cr\u00e9e du mobilier depuis 2016. Il refuse que lui soient coll\u00e9es les \u00e9tiquettes de menuisier, sculpteur ou encore [&hellip;]<\/p>\n","protected":false},"author":27,"featured_media":7598,"comment_status":"closed","ping_status":"closed","sticky":false,"template":"","format":"standard","meta":{"footnotes":""},"categories":[397,19],"tags":[21,45,23,22,47],"class_list":["post-7578","post","type-post","status-publish","format-standard","has-post-thumbnail","hentry","category-artisanat","category-dynamisme-economique","tag-art","tag-artisan","tag-durable","tag-local","tag-success-story"],"_links":{"self":[{"href":"https:\/\/charleroi-metropole.be\/fr\/wp-json\/wp\/v2\/posts\/7578"}],"collection":[{"href":"https:\/\/charleroi-metropole.be\/fr\/wp-json\/wp\/v2\/posts"}],"about":[{"href":"https:\/\/charleroi-metropole.be\/fr\/wp-json\/wp\/v2\/types\/post"}],"author":[{"embeddable":true,"href":"https:\/\/charleroi-metropole.be\/fr\/wp-json\/wp\/v2\/users\/27"}],"replies":[{"embeddable":true,"href":"https:\/\/charleroi-metropole.be\/fr\/wp-json\/wp\/v2\/comments?post=7578"}],"version-history":[{"count":4,"href":"https:\/\/charleroi-metropole.be\/fr\/wp-json\/wp\/v2\/posts\/7578\/revisions"}],"predecessor-version":[{"id":16124,"href":"https:\/\/charleroi-metropole.be\/fr\/wp-json\/wp\/v2\/posts\/7578\/revisions\/16124"}],"wp:featuredmedia":[{"embeddable":true,"href":"https:\/\/charleroi-metropole.be\/fr\/wp-json\/wp\/v2\/media\/7598"}],"wp:attachment":[{"href":"https:\/\/charleroi-metropole.be\/fr\/wp-json\/wp\/v2\/media?parent=7578"}],"wp:term":[{"taxonomy":"category","embeddable":true,"href":"https:\/\/charleroi-metropole.be\/fr\/wp-json\/wp\/v2\/categories?post=7578"},{"taxonomy":"post_tag","embeddable":true,"href":"https:\/\/charleroi-metropole.be\/fr\/wp-json\/wp\/v2\/tags?post=7578"}],"curies":[{"name":"wp","href":"https:\/\/api.w.org\/{rel}","templated":true}]}}