{"id":7210,"date":"2021-03-24T13:04:56","date_gmt":"2021-03-24T11:04:56","guid":{"rendered":"https:\/\/www.charleroi-metropole.be\/?p=7210"},"modified":"2024-04-26T10:04:24","modified_gmt":"2024-04-26T08:04:24","slug":"entreprises-ecologie","status":"publish","type":"post","link":"https:\/\/charleroi-metropole.be\/fr\/decouvrir\/entreprises-ecologie\/","title":{"rendered":"Ces entreprises tourn\u00e9es vers l\u2019\u00e9cologie"},"content":{"rendered":"<blockquote><p>Nous sommes partis \u00e0 la rencontre d\u2019hommes et de femmes de la M\u00e9tropole qui innovent au sein de leur entreprise et proposent des produits qui rendent notre belle plan\u00e8te plus verte.<\/p><\/blockquote>\n<h2>Des \u00e9oliennes verticales pour produire de l\u2019\u00e9nergie verte et locale<\/h2>\n<p><a href=\"http:\/\/www.fairwind.be\/\" target=\"_blank\" rel=\"noopener\">Fairwind<\/a>, dont le si\u00e8ge est\u00a0 install\u00e9 \u00e0 Seneffe et les ateliers \u00e0 Fleurus, propose des \u00e9oliennes verticales, qui pourraient faire penser \u00e0 de grandes girouettes. Les 3 pales, parall\u00e8les au m\u00e2t, tournent autour du socle, quel que soit le sens du vent. Ces \u00e9oliennes sont destin\u00e9es, dans un premier temps, aux exploitations agricoles et aux PME.<\/p>\n<p>Le plus grand mod\u00e8le produit de l\u2019\u00e9nergie verte pour la consommation d\u2019une trentaine de familles (110 MWh par an). Le m\u00e2t, qui atteint 20 \u00e0 30 m\u00e8tres, est nettement plus petit que les \u00e9oliennes classiques, qui mesurent une centaine de m\u00e8tres.<\/p>\n<p>Par ailleurs, les \u00e9oliennes sont 100 % recyclables. Compos\u00e9es d\u2019aluminium, elles ont une dur\u00e9e de vie de 20 \u00e0 25 ans.<\/p>\n<figure id=\"attachment_7293\" aria-describedby=\"caption-attachment-7293\" style=\"width: 1600px\" class=\"wp-caption alignnone\"><img loading=\"lazy\" decoding=\"async\" class=\"wp-image-7293 size-large\" src=\"https:\/\/charleroi-metropole.be\/app\/uploads\/webp\/charleroi-metropole-eolienne-energie-durable-1600x1067.webp\" alt=\"\" width=\"1600\" height=\"1067\" \/><figcaption id=\"caption-attachment-7293\" class=\"wp-caption-text\">Les \u00e9oliennes atteignent seulement \u00e0 20 \u00e0 30 m\u00e8tres de hauteur, \u00e0 la diff\u00e9rence des \u00e9oliennes traditionnelles.<\/figcaption><\/figure>\n<aside class=\"useful-links\">\n    <ul class=\"useful-links__list\">\n                    <li class=\"useful-links__item\">\n                <a href=\"https:\/\/charleroi-metropole.be\/fr\/decouvrir\/pont-a-celles-epicerie\/\">\n                    <figure class=\"useful-links__fig\">\n                                                    <img decoding=\"async\" src=\"https:\/\/charleroi-metropole.be\/wp-content\/uploads\/2018\/09\/le-colibri-34-500x0-c-default.jpg\" alt=\"5 questions pour comprendre le \u201cz\u00e9ro d\u00e9chet\u201d\" class=\"useful-links__img\">\n                                            <\/figure>\n\n                    <span class=\"useful-links__title\">5 questions pour comprendre le \u201cz\u00e9ro d\u00e9chet\u201d<\/span>\n                <\/a>\n            <\/li>\n            <\/ul>\n<\/aside>\n\n<h2>Des engrais devenus du biogaz public<\/h2>\n<p>Cinergie, station de biom\u00e9thanisation, s\u2019est install\u00e9e \u00e0 Fleurus et injecte\u00a0 du gaz vert dans le\u00a0 r\u00e9seau public : une premi\u00e8re sur le r\u00e9seau wallon ! Cette soci\u00e9t\u00e9 agro-industrielle transforme chaque ann\u00e9e plus de 100 000 tonnes de d\u00e9chets organiques en provenance de l&rsquo;\u00e9levage, de l\u2019agriculture et de l\u2019agroalimentaire.<\/p>\n<p>Les mati\u00e8res organiques produisent du gaz naturel, aussi performant que le traditionnel. Le potentiel d\u2019\u00e9nergie pourrait alimenter l\u2019\u00e9quivalent de la consommation de deux villes de la taille de Couvin.<\/p>\n<figure id=\"attachment_7217\" aria-describedby=\"caption-attachment-7217\" style=\"width: 1600px\" class=\"wp-caption alignnone\"><img loading=\"lazy\" decoding=\"async\" class=\"size-large wp-image-7217\" src=\"https:\/\/www.charleroi-metropole.be\/app\/uploads\/2021\/03\/charleroi-metropole-entreprise-start-up-verte-durable-ecolo-inspiration-1600x888.png\" alt=\"Vue d un moteur\" width=\"1600\" height=\"888\" \/><figcaption id=\"caption-attachment-7217\" class=\"wp-caption-text\">Le gaz, produit \u00e0 base de d\u00e9chets organiques, est r\u00e9-inject\u00e9 dans le r\u00e9seau public.<\/figcaption><\/figure>\n<h2>Des auxiliaires naturels pour contrer les attaques de pucerons en agriculture<\/h2>\n<p><a href=\"https:\/\/www.viridaxis.com\/\" target=\"_blank\" rel=\"noopener\">Viridaxis<\/a>, situ\u00e9 \u00e0 Gosselies, produit des parasito\u00efdes de pucerons, pour lutter de mani\u00e8re naturelle contre les nuisibles. Cette entreprise propose aux agriculteurs d\u2019\u00e9tudier les insectes probl\u00e9matiques qui attaquent leurs cultures, et de lutter contre ceux-ci par l\u2019introduction de leurs ennemis, de mani\u00e8re fiable et \u00e9quilibr\u00e9e.<\/p>\n<p>L\u2019entreprise, fond\u00e9e en 2004, emploie 45 personnes. Reconnue internationalement, elle est d\u00e9tentrice d\u2019un brevet exclusif pour sa m\u00e9thode de lutte biologique.<\/p>\n<figure id=\"attachment_7295\" aria-describedby=\"caption-attachment-7295\" style=\"width: 1600px\" class=\"wp-caption alignnone\"><img loading=\"lazy\" decoding=\"async\" class=\"wp-image-7295 size-large\" src=\"https:\/\/charleroi-metropole.be\/app\/uploads\/webp\/charleroi-metropole-culture-insecte-attaque-1600x1060.webp\" alt=\"\" width=\"1600\" height=\"1060\" \/><figcaption id=\"caption-attachment-7295\" class=\"wp-caption-text\">Les micro-insectes permettent d\u2019\u00e9quilibrer l\u2019attaque de pucerons de mani\u00e8re biologique.<\/figcaption><\/figure>\n<aside class=\"useful-links\">\n    <ul class=\"useful-links__list\">\n                    <li class=\"useful-links__item\">\n                <a href=\"https:\/\/charleroi-metropole.be\/fr\/decouvrir\/grisou-electricite\/\">\n                    <figure class=\"useful-links__fig\">\n                                                    <img decoding=\"async\" src=\"https:\/\/charleroi-metropole.be\/wp-content\/uploads\/2019\/08\/5q1a0528-500x0-c-default.jpg\" alt=\"\u00c9patez Papy en lui expliquant le nouveau destin du grisou\" class=\"useful-links__img\">\n                                            <\/figure>\n\n                    <span class=\"useful-links__title\">\u00c9patez Papy en lui expliquant le nouveau destin du grisou<\/span>\n                <\/a>\n            <\/li>\n            <\/ul>\n<\/aside>\n\n<h2>De la vaisselle compostable en 30 jours<\/h2>\n<p><a href=\"https:\/\/kommpo.com\/\" target=\"_blank\" rel=\"noopener\">Kommpo<\/a>, bas\u00e9 \u00e0 Charleroi, produit de la vaisselle 100 % naturelle et compostable. Une fois utilis\u00e9e, la vaisselle met 30 jours \u00e0 se biod\u00e9grader. Elle est compos\u00e9e d\u2019eau, de farine de bl\u00e9 et de riz issus de l\u2019agriculture durable et est color\u00e9e pas des pigments naturels \u00e0 base d\u2019\u00e9pinards ou de cumin, par exemple.<\/p>\n<p>L\u2019entreprise propose tout un service de vaisselle, du verre \u00e0 l\u2019assiette \u00e0 dessert, qui r\u00e9siste au froid et \u00e0 la chaleur.<\/p>\n<figure id=\"attachment_7296\" aria-describedby=\"caption-attachment-7296\" style=\"width: 1600px\" class=\"wp-caption alignnone\"><img loading=\"lazy\" decoding=\"async\" class=\"wp-image-7296 size-large\" src=\"https:\/\/charleroi-metropole.be\/app\/uploads\/webp\/charleroi-metropole-composte-legumes-vaiselle-1600x1065.webp\" alt=\"\" width=\"1600\" height=\"1065\" \/><figcaption id=\"caption-attachment-7296\" class=\"wp-caption-text\">La vaisselle, qui r\u00e9siste au froid et \u00e0 la chaleur, se composte en 30 jours.<\/figcaption><\/figure>\n<h2>Des biodigesteurs pour traiter les d\u00e9chets organiques des collectivit\u00e9s et de l\u2019horeca<\/h2>\n<p>L\u2019entreprise <a href=\"https:\/\/www.waste-end.com\/\" target=\"_blank\" rel=\"noopener\">Waste-end<\/a>, lanc\u00e9e par Lola et Nathan, deux jeunes carolos, \u00e0 l\u2019aide du <a href=\"https:\/\/studentlab.charleroi-entreprendre.be\/\" target=\"_blank\" rel=\"noopener\">Student Lab<\/a>, proposera dans les prochains mois un biodigesteur : un appareil qui permet de traiter les d\u00e9chets organiques. Actuellement en prototype dans une maison de repos, cet appareil transforme les restes alimentaires (\u00e9pluchures, repas inachev\u00e9s, etc.) en gaz ou en engrais.<\/p>\n<p>Comptez une machine de 4 m\u00e8tres cubes pour 10 kilos de d\u00e9chets journaliers (une collectivit\u00e9 d\u2019une centaine de r\u00e9sidents peut en avoir jusqu&rsquo;\u00e0 50 kilos par jour).<\/p>\n<p>\u00ab\u00a0<em>L&rsquo;utilisation est tr\u00e8s simple : les d\u00e9chets sont ins\u00e9r\u00e9s dans la machine. Le biodigesteur les transforme lui-m\u00eame gr\u00e2ce \u00e0 des bact\u00e9ries et un ensemble de capteurs. Nous discutons actuellement avec diff\u00e9rents partenaires pour r\u00e9colter le fertilisant si cela n&rsquo;int\u00e9resse pas le client. Par ailleurs, nous aimerions mutualiser le service pour les plus petites entit\u00e9s<\/em>\u201d, pr\u00e9cise la cofondatrice de Waste-end.<\/p>\n<figure id=\"attachment_7214\" aria-describedby=\"caption-attachment-7214\" style=\"width: 1600px\" class=\"wp-caption alignnone\"><img loading=\"lazy\" decoding=\"async\" class=\"wp-image-7214 size-large\" src=\"https:\/\/charleroi-metropole.be\/app\/uploads\/webp\/charleroi-metropole-dechet-vert-organique-biodegrable-digesteur-particulier-horeca-collectivite\u0301-e1616516753765-1600x1068.webp\" alt=\"Contenant pour compost\" width=\"1600\" height=\"1068\" \/><figcaption id=\"caption-attachment-7214\" class=\"wp-caption-text\">La start-up fournit un biodigesteur qui permet aux collectivit\u00e9s de transformer les d\u00e9chets organiques directement chez eux.<\/figcaption><\/figure>\n<aside class=\"useful-links\">\n    <ul class=\"useful-links__list\">\n                    <li class=\"useful-links__item\">\n                <a href=\"https:\/\/charleroi-metropole.be\/fr\/decouvrir\/magasin-seconde-main\/\">\n                    <figure class=\"useful-links__fig\">\n                                                    <img decoding=\"async\" src=\"https:\/\/charleroi-metropole.be\/wp-content\/uploads\/2020\/10\/charleroi-metropole-vetements-seconde-main-500x0-c-default.jpg\" alt=\"Ces magasins \u201cseconde main\u201d o\u00f9 chiner des pi\u00e8ces uniques\" class=\"useful-links__img\">\n                                            <\/figure>\n\n                    <span class=\"useful-links__title\">Ces magasins \u201cseconde main\u201d o\u00f9 chiner des pi\u00e8ces uniques<\/span>\n                <\/a>\n            <\/li>\n            <\/ul>\n<\/aside>\n\n<h2>Des v\u00eatements \u00e9coresponsables<\/h2>\n<p><a href=\"https:\/\/www.sosolandsea.com\/?fbclid=IwAR3xCdxjW_9U2yBdVXBKDYUeC3GS1bB2GNG6li2wovr94_aVYf6uX_JaPpY\" target=\"_blank\" rel=\"noopener\">Sosol and Sea<\/a>, install\u00e9 \u00e0 Castillon (Walcourt), propose des v\u00eatements en taille unique et des bijoux. Tous les produits sont fabriqu\u00e9s de mani\u00e8re \u00e9thique et responsable. \u00c0 la t\u00eate de l\u2019entreprise, on retrouve Solange, qui s\u2019est entour\u00e9e de nombreuses personnes pour proposer des produits correspondants \u00e0 ces valeurs.<\/p>\n<p>La marque vient de lancer un <a href=\"https:\/\/fr.ulule.com\/sosol-and-sea\/coming-soon\/?fbclid=IwAR0JONVHWisdH6nFySwzzx98PAhDicEIHj1kNjGdNHZNJf7dakXA6qShYsc\" target=\"_blank\" rel=\"noopener\">crowdfunding participatif<\/a> sur la plateforme Ulule.<\/p>\n<figure id=\"attachment_7297\" aria-describedby=\"caption-attachment-7297\" style=\"width: 1600px\" class=\"wp-caption alignnone\"><img loading=\"lazy\" decoding=\"async\" class=\"wp-image-7297 size-large\" src=\"https:\/\/charleroi-metropole.be\/app\/uploads\/webp\/charleroi-metropole-habits-recyclable-1600x1200.webp\" alt=\"\" width=\"1600\" height=\"1200\" \/><figcaption id=\"caption-attachment-7297\" class=\"wp-caption-text\">Les deux cr\u00e9atrices travaillent selon les m\u00eames valeurs \u00e9thiques et \u00e9cologiques<\/figcaption><\/figure>\n<p>&nbsp;<\/p>\n<p><a href=\"https:\/\/www.facebook.com\/Optebe\/?ref=page_internal\" target=\"_blank\" rel=\"noopener\">Opte<\/a> est une toute nouvelle marque de v\u00eatements \u00e9co-responsables, install\u00e9e \u00e0 Philippeville. Aliz\u00e9e et Antoine travaillent en collaboration avec un atelier de travail adapt\u00e9. Tous les tissus proviennent de chutes laiss\u00e9es par les grandes marques. D\u2019autres partenariats se forment au cours de l\u2019aventure, comme pour la fabrication d\u2019un pull en laine, produit enti\u00e8rement sur le territoire. Les premiers v\u00eatements devraient \u00eatre disponibles au printemps 2021.<\/p>\n<h2>Et d\u2019autres&#8230;<\/h2>\n<p>Cette liste n\u2019est \u00e9videmment pas exhaustive, nous pouvons notamment citer <a href=\"https:\/\/retrival.be\/\" target=\"_blank\" rel=\"noopener\">Retrival<\/a>, qui encourage le recyclage, ou <a href=\"https:\/\/www.charleroi-metropole.be\/fr\/2019\/01\/19\/farciennes-ecoterres\/\" target=\"_blank\" rel=\"noopener\">Ecoterre<\/a>, qui d\u00e9pollue les sols.<\/p>\n","protected":false},"excerpt":{"rendered":"<p>Nous sommes partis \u00e0 la rencontre d\u2019hommes et de femmes de la M\u00e9tropole qui innovent au sein de leur entreprise et proposent des produits qui rendent notre belle plan\u00e8te plus verte. Des \u00e9oliennes verticales pour produire de l\u2019\u00e9nergie verte et locale Fairwind, dont le si\u00e8ge est\u00a0 install\u00e9 \u00e0 Seneffe et les ateliers \u00e0 Fleurus, propose [&hellip;]<\/p>\n","protected":false},"author":27,"featured_media":7213,"comment_status":"closed","ping_status":"closed","sticky":false,"template":"","format":"standard","meta":{"footnotes":""},"categories":[19,398],"tags":[38,23,30,55,226,49,53,42,29],"class_list":["post-7210","post","type-post","status-publish","format-standard","has-post-thumbnail","hentry","category-dynamisme-economique","category-ecologie","tag-bio","tag-durable","tag-ecologie","tag-energie","tag-environnement","tag-inedit","tag-sciences","tag-startup","tag-technologie"],"_links":{"self":[{"href":"https:\/\/charleroi-metropole.be\/fr\/wp-json\/wp\/v2\/posts\/7210"}],"collection":[{"href":"https:\/\/charleroi-metropole.be\/fr\/wp-json\/wp\/v2\/posts"}],"about":[{"href":"https:\/\/charleroi-metropole.be\/fr\/wp-json\/wp\/v2\/types\/post"}],"author":[{"embeddable":true,"href":"https:\/\/charleroi-metropole.be\/fr\/wp-json\/wp\/v2\/users\/27"}],"replies":[{"embeddable":true,"href":"https:\/\/charleroi-metropole.be\/fr\/wp-json\/wp\/v2\/comments?post=7210"}],"version-history":[{"count":5,"href":"https:\/\/charleroi-metropole.be\/fr\/wp-json\/wp\/v2\/posts\/7210\/revisions"}],"predecessor-version":[{"id":16147,"href":"https:\/\/charleroi-metropole.be\/fr\/wp-json\/wp\/v2\/posts\/7210\/revisions\/16147"}],"wp:featuredmedia":[{"embeddable":true,"href":"https:\/\/charleroi-metropole.be\/fr\/wp-json\/wp\/v2\/media\/7213"}],"wp:attachment":[{"href":"https:\/\/charleroi-metropole.be\/fr\/wp-json\/wp\/v2\/media?parent=7210"}],"wp:term":[{"taxonomy":"category","embeddable":true,"href":"https:\/\/charleroi-metropole.be\/fr\/wp-json\/wp\/v2\/categories?post=7210"},{"taxonomy":"post_tag","embeddable":true,"href":"https:\/\/charleroi-metropole.be\/fr\/wp-json\/wp\/v2\/tags?post=7210"}],"curies":[{"name":"wp","href":"https:\/\/api.w.org\/{rel}","templated":true}]}}