{"id":6910,"date":"2021-01-20T10:51:40","date_gmt":"2021-01-20T08:51:40","guid":{"rendered":"https:\/\/www.charleroi-metropole.be\/?p=6910"},"modified":"2024-04-26T10:04:40","modified_gmt":"2024-04-26T08:04:40","slug":"expositions-temporaires","status":"publish","type":"post","link":"https:\/\/charleroi-metropole.be\/fr\/decouvrir\/expositions-temporaires\/","title":{"rendered":"Des expositions temporaires fascinantes \u00e0 ne pas manquer"},"content":{"rendered":"<blockquote><p>\u00c0 court d\u2019id\u00e9es pour \u00e9gayer vos temps libres? Ces mus\u00e9es vous proposent, durant quelques mois \u00e0 peine, des exp\u00e9riences artistiques in\u00e9dites.<\/p><\/blockquote>\n<h2><strong>\u201cDanser sur les missiles\u00a0\u00bb au <a href=\"https:\/\/www.bps22.be\/fr\/\" target=\"_blank\" rel=\"noopener\">BPS22<\/a>\u00a0<\/strong><\/h2>\n<p>V\u00e9ritable ic\u00f4ne du f\u00e9minisme, Margaret Harrison m\u00e8ne depuis 50 ans, au travers de ses peintures, de ses textes ou de ses mises en sc\u00e8ne, une r\u00e9flexion sur la notion de classes sociales, de genres et de la place de la femme dans la soci\u00e9t\u00e9.<\/p>\n<p>Jug\u00e9e trop provocatrice, sa premi\u00e8re exposition, en 1971 \u00e0 Londres, a \u00e9t\u00e9 ferm\u00e9e un jour seulement apr\u00e8s son ouverture.<\/p>\n<p>Le BPS22 propose,\u00a0 pour la premi\u00e8re fois en Belgique, une r\u00e9trospective de cette artiste influente. L\u2019exposition Danser sur les Missiles est accessible du 20 f\u00e9vrier au 23 mai :d\u00e9couvrez le travail de cette artiste et activiste anglaise.<\/p>\n<p>Petite astuce : Profitez de l\u2019acc\u00e8s gratuit \u00e0 l\u2019expo le week-end des 20 et 21 f\u00e9vrier (uniquement sur r\u00e9servation).<\/p>\n<aside class=\"useful-links\">\n    <ul class=\"useful-links__list\">\n                    <li class=\"useful-links__item\">\n                <a href=\"https:\/\/charleroi-metropole.be\/fr\/decouvrir\/metropoleeglise\/\">\n                    <figure class=\"useful-links__fig\">\n                                                    <img decoding=\"async\" src=\"https:\/\/charleroi-metropole.be\/wp-content\/uploads\/2018\/10\/img_5178-500x0-c-default.jpg\" alt=\"La plus vieille \u00e9glise de Belgique se trouve \u00e0 Charleroi M\u00e9tropole\" class=\"useful-links__img\">\n                                            <\/figure>\n\n                    <span class=\"useful-links__title\">La plus vieille \u00e9glise de Belgique se trouve \u00e0 Charleroi M\u00e9tropole<\/span>\n                <\/a>\n            <\/li>\n            <\/ul>\n<\/aside>\n\n<h2><strong>Le grand Atelier de Joel-Peter Witkin au <a href=\"http:\/\/www.museephoto.be\/actuelles.html\" target=\"_blank\" rel=\"noopener\">Mus\u00e9e de la Photographie<\/a><\/strong><\/h2>\n<p>L\u2019artiste Joel-Peter Witkin interpelle par ses photographies \u00e0 la fois fascinantes et choquantes. Il travaille les th\u00e8mes de la mort, de la mythologie, de l\u2019\u00e9rotisme ou encore de la bible \u00e0 l\u2019aide d\u2019 images fortes, mettant en sc\u00e8ne mutil\u00e9s, androgynes ou encore transsexuels.<\/p>\n<p>Cette exposition d\u2019un photographe qui cherche \u00e0 magnifier la souffrance, visible du 6 f\u00e9vrier au 16 mai, ne peut vous laisser indiff\u00e9rent.<\/p>\n<figure id=\"attachment_6914\" aria-describedby=\"caption-attachment-6914\" style=\"width: 1600px\" class=\"wp-caption alignnone\"><img loading=\"lazy\" decoding=\"async\" class=\"size-large wp-image-6914\" src=\"https:\/\/charleroi-metropole.be\/app\/uploads\/webp\/charleroi-metropole-exposition-musee-peinture-e1611132231972-1600x1065.webp\" alt=\"\" width=\"1600\" height=\"1065\" \/><figcaption id=\"caption-attachment-6914\" class=\"wp-caption-text\">D\u00e9couvrez des photographies fascinantes au Mus\u00e9e de la Photographie.<\/figcaption><\/figure>\n<h2><strong>Le lien entre nature du sol et bon vin au <a href=\"https:\/\/www.museedumarbre.com\/\" target=\"_blank\" rel=\"noopener\">Mus\u00e9e du marbre<\/a> \u00e0 Sivry-Rance<\/strong><\/h2>\n<p>Accessible du 25 janvier au 25 mars, l\u2019exposition G\u00e9ologie et vin explore l&rsquo;int\u00e9r\u00eat de la nature des sols dans la vinification. Elle d\u00e9montre \u00e0 ses visiteurs l\u2019influence importante des terroirs, du choix des plants ou encore des diff\u00e9rents c\u00e9pages dans le go\u00fbt des vins.<\/p>\n<p>Elle pr\u00e9sente, avec pr\u00e9cision, la g\u00e9ologie de certaines terres de vigne.<\/p>\n<h2><strong>Vous saurez tout sur l\u2019anc\u00eatre des Croc\u2019s \u00e0 l\u2019<a href=\"https:\/\/www.ecomusee-du-viroin.be\/votre-visite-2\" target=\"_blank\" rel=\"noopener\">Ecomus\u00e9e du Viroin<\/a><\/strong><\/h2>\n<p>Encore port\u00e9 parfois lors de manifestations folkloriques, le sabot en bois revient aujourd\u2019hui souvent dans notre quotidien sous une forme bien plus confortable, en\u00a0 plastique ou en caoutchouc.<\/p>\n<p>Dans cette expo propos\u00e9e par l\u2019Ecomus\u00e9e du Viroin, accessible jusqu\u2019au 31 ao\u00fbt, vous d\u00e9couvrirez que ces fameuses chaussures avaient d\u00e9j\u00e0 la c\u00f4te au 19e si\u00e8cle. Elles symbolisaient travail et \u00e9mancipation.<\/p>\n<p>Vous enseignez? Notez aussi que le mus\u00e9e propose plus de 20 activit\u00e9s et ateliers sur diff\u00e9rents th\u00e8mes pour vos \u00e9l\u00e8ves.<\/p>\n<figure id=\"attachment_6922\" aria-describedby=\"caption-attachment-6922\" style=\"width: 1600px\" class=\"wp-caption alignnone\"><img loading=\"lazy\" decoding=\"async\" class=\"size-large wp-image-6922\" src=\"https:\/\/charleroi-metropole.be\/app\/uploads\/webp\/charleroi-metropole-sabot-ecomusee-exposition-temporaire-e1611132279289-1600x1065.webp\" alt=\"\" width=\"1600\" height=\"1065\" \/><figcaption id=\"caption-attachment-6922\" class=\"wp-caption-text\">Les Croc\u2019s s\u2019inspirent des sabots en bois, port\u00e9s encore aujourd\u2019hui lors de manifestations folkloriques.<\/figcaption><\/figure>\n<aside class=\"useful-links\">\n    <ul class=\"useful-links__list\">\n                    <li class=\"useful-links__item\">\n                <a href=\"https:\/\/charleroi-metropole.be\/fr\/decouvrir\/charleroi-rockerill\/\">\n                    <figure class=\"useful-links__fig\">\n                                                    <img decoding=\"async\" src=\"https:\/\/charleroi-metropole.be\/wp-content\/uploads\/2018\/11\/14_rockerill_.00_00_00_18.still002-500x0-c-default.jpg\" alt=\"Pourquoi le Rockerill est un lieu unique pour faire la f\u00eate\" class=\"useful-links__img\">\n                                            <\/figure>\n\n                    <span class=\"useful-links__title\">Pourquoi le Rockerill est un lieu unique pour faire la f\u00eate<\/span>\n                <\/a>\n            <\/li>\n            <\/ul>\n<\/aside>\n\n<h2><strong>Testez le propulseur au <a href=\"http:\/\/www.museedumalgretout.be\/\" target=\"_blank\" rel=\"noopener\">Mus\u00e9e du Malgr\u00e9 tout<\/a> \u00e0 Viroinval<\/strong><\/h2>\n<p>Cette arme, utilis\u00e9e essentiellement pour la chasse et apparue il y a pr\u00e8s de 20.000 ans, \u00e9tait encore utilis\u00e9e il y a peu dans certaines contr\u00e9es. Son \u00e9tude nous permet de\u00a0 retracer l\u2019histoire de l\u2019homme dans son environnement, et de constater et de sa fabuleuse capacit\u00e9 d\u2019adaptation.<\/p>\n<p>Au travers de cette exposition, visible jusqu\u2019au 18 avril, le propulseur nous livre ses secrets&#8230;Essayez-vous \u00e0 son utilisation et testez votre habilit\u00e9 !<\/p>\n<h2>Red\u00e9couvrez\u00a0 notre paysage industriel au <a href=\"https:\/\/www.leboisducazier.be\/\" target=\"_blank\" rel=\"noopener\">Bois du Cazier<\/a>, gr\u00e2ce \u00e0 l\u2019\u0153il de ce photographe<\/h2>\n<p>Le photographe Jo Struven tente de montrer l\u2019imbrication du patrimoine industriel dans notre paysage. Fortement pr\u00e9sente dans l\u2019environnement wallon, l\u2019industrie a jou\u00e9 un r\u00f4le important en 1950 et 1960 et influence encore aujourd\u2019hui notre quotidien.<\/p>\n<p>Au travers de clich\u00e9s grand format, cet artiste nous invite \u00e0 reconsid\u00e9rer notre identit\u00e9.<\/p>\n<figure id=\"attachment_6913\" aria-describedby=\"caption-attachment-6913\" style=\"width: 1125px\" class=\"wp-caption alignnone\"><img loading=\"lazy\" decoding=\"async\" class=\"size-full wp-image-6913\" src=\"https:\/\/charleroi-metropole.be\/app\/uploads\/webp\/charleroi-metropole-expo-temporaire-musee-bois-cazier-photo-e1611132324511.webp\" alt=\"photo-cazier-charleroi\" width=\"1125\" height=\"751\" \/><figcaption id=\"caption-attachment-6913\" class=\"wp-caption-text\">Ancr\u00e9 dans notre environnement, notre patrimoine industriel marque encore notre quotidien.<\/figcaption><\/figure>\n<h2><strong>Per\u00e7ons les secrets du corps humain au <a href=\"https:\/\/www2.ulb.ac.be\/ccs-nouveau\/\" target=\"_blank\" rel=\"noopener\">Centre de culture scientifique (ULB)<\/a><\/strong><\/h2>\n<p>\u201c\u00c7a sert \u00e0 quoi le sang? C\u2019est quoi l\u2019ADN? Pourquoi on respire?\u201d : r\u00e9pondez \u00e0 toutes les questions de votre prog\u00e9niture concernant le corps humain \u00e0 travers cette exposition, ouverte jusqu\u2019au 18 avril.<\/p>\n<p>Accessible aux enfants d\u00e8s l\u2019\u00e2ge de 6 ans, vous pourrez d\u00e9couvrir en famille ce qui se cache derri\u00e8re notre peau \u00e0 travers de nombreuses manipulations et exp\u00e9riences. Vous pourrez aussi vous \u00e9merveiller devant quelques outils hautement technologiques, qui permettent notamment d\u2019imprimer des organes en 3D afin de pr\u00e9parer les grands chirurgiens \u00e0 certaines interventions compliqu\u00e9es.<\/p>\n<p>Et, \u00e0 partir du 10 mai, emmenez vos enfants d\u00e9couvrir le monde fabuleux des abeilles sur le m\u00eame site.<\/p>\n<figure id=\"attachment_6917\" aria-describedby=\"caption-attachment-6917\" style=\"width: 1600px\" class=\"wp-caption alignnone\"><img loading=\"lazy\" decoding=\"async\" class=\"size-large wp-image-6917\" src=\"https:\/\/charleroi-metropole.be\/app\/uploads\/webp\/charleroi-metropole-musee-expo-corps-humain-science-e1611132388682-1600x1065.webp\" alt=\"manipulation-experience-corps-humain\" width=\"1600\" height=\"1065\" \/><figcaption id=\"caption-attachment-6917\" class=\"wp-caption-text\">Cette expo permet \u00e0 son public d&rsquo;explorer le corps humain \u00e0 travers de nombreuses manipulations.<\/figcaption><\/figure>\n<aside class=\"useful-links\">\n    <ul class=\"useful-links__list\">\n                    <li class=\"useful-links__item\">\n                <a href=\"https:\/\/charleroi-metropole.be\/fr\/decouvrir\/chateau\/\">\n                    <figure class=\"useful-links__fig\">\n                                                    <img decoding=\"async\" src=\"https:\/\/charleroi-metropole.be\/wp-content\/uploads\/2020\/03\/charleroi-metropole-chateau-moyenage-location-e1584998916313-500x0-c-default.jpg\" alt=\"Vivez la vie de ch\u00e2teau avec ces 10 activit\u00e9s\" class=\"useful-links__img\">\n                                            <\/figure>\n\n                    <span class=\"useful-links__title\">Vivez la vie de ch\u00e2teau avec ces 10 activit\u00e9s<\/span>\n                <\/a>\n            <\/li>\n            <\/ul>\n<\/aside>\n\n<h2>\u00ab\u00a0Fingers Crossed\u00a0\u00bb de Fran\u00e7ois Tusseki &amp; Patrick Croes<\/h2>\n<p>Venez d\u00e9couvrir, du 13 f\u00e9vrier au 27 mars, <a href=\"https:\/\/www.vecteur.be\/evenements\/exposition-fingers-crossed-de-francois-tusseki-patrick-croes-au-v2\/\" target=\"_blank\" rel=\"noopener\">au Vecteur<\/a>, le travail \u00e0 4 mains de ces deux artistes, qui associent leurs talents pour nous proposer une \u0153uvre r\u00e9solument optimiste, m\u00ealant sur leurs tableaux, les motifs color\u00e9s de l&rsquo;un, au travail typographique et humoristique de l&rsquo;autre.<\/p>\n<p><img loading=\"lazy\" decoding=\"async\" class=\"alignnone size-medium wp-image-7051\" src=\"https:\/\/charleroi-metropole.be\/app\/uploads\/webp\/emptyname-17-640x427-600x400.webp\" alt=\"\" width=\"600\" height=\"400\" \/><\/p>\n<h2>\u00ab\u00a0T\u00eate \u00e0 claques\u00a0\u00bb de bastidrk<\/h2>\n<p><a href=\"https:\/\/www.vecteur.be\/evenements\/exposition-tete-a-claques-bastidrk-au-rayon\/\">Au Rayon<\/a>, du 13 f\u00e9vrier au 27 mars, plongez dans l&rsquo;univers de bastidrk.<\/p>\n<p>Cet illustrateur s&rsquo;inspire des traits du tatouage, de la m\u00e9lancolie des paysages du Pays Noir et des lectures depuis son plus jeune \u00e2ge. Il aime s\u2019exprimer en ligne claire et franche travaillant le noir et blanc, en illustrations ou en bande dessin\u00e9e.<\/p>\n<p><img loading=\"lazy\" decoding=\"async\" class=\"alignnone size-medium wp-image-7057\" src=\"https:\/\/www.charleroi-metropole.be\/app\/uploads\/2021\/01\/2021-02-12-a\u0300-12.18.58-600x600.png\" alt=\"\" width=\"600\" height=\"600\" srcset=\"https:\/\/charleroi-metropole.be\/wp-content\/uploads\/2021\/01\/2021-02-12-a\u0300-12.18.58-600x600.png 600w, https:\/\/charleroi-metropole.be\/wp-content\/uploads\/2021\/01\/2021-02-12-a\u0300-12.18.58-300x300.png 300w, https:\/\/charleroi-metropole.be\/wp-content\/uploads\/2021\/01\/2021-02-12-a\u0300-12.18.58-768x768.png 768w, https:\/\/charleroi-metropole.be\/wp-content\/uploads\/2021\/01\/2021-02-12-a\u0300-12.18.58.png 1040w\" sizes=\"(max-width: 600px) 100vw, 600px\" \/><\/p>\n","protected":false},"excerpt":{"rendered":"<p>\u00c0 court d\u2019id\u00e9es pour \u00e9gayer vos temps libres? Ces mus\u00e9es vous proposent, durant quelques mois \u00e0 peine, des exp\u00e9riences artistiques in\u00e9dites. \u201cDanser sur les missiles\u00a0\u00bb au BPS22\u00a0 V\u00e9ritable ic\u00f4ne du f\u00e9minisme, Margaret Harrison m\u00e8ne depuis 50 ans, au travers de ses peintures, de ses textes ou de ses mises en sc\u00e8ne, une r\u00e9flexion sur la [&hellip;]<\/p>\n","protected":false},"author":27,"featured_media":6919,"comment_status":"closed","ping_status":"closed","sticky":false,"template":"","format":"standard","meta":{"footnotes":""},"categories":[35],"tags":[37,20,33,27,51,53],"class_list":["post-6910","post","type-post","status-publish","format-standard","has-post-thumbnail","hentry","category-culture","tag-animation","tag-enfants","tag-groupe","tag-histoire","tag-international","tag-sciences"],"_links":{"self":[{"href":"https:\/\/charleroi-metropole.be\/fr\/wp-json\/wp\/v2\/posts\/6910"}],"collection":[{"href":"https:\/\/charleroi-metropole.be\/fr\/wp-json\/wp\/v2\/posts"}],"about":[{"href":"https:\/\/charleroi-metropole.be\/fr\/wp-json\/wp\/v2\/types\/post"}],"author":[{"embeddable":true,"href":"https:\/\/charleroi-metropole.be\/fr\/wp-json\/wp\/v2\/users\/27"}],"replies":[{"embeddable":true,"href":"https:\/\/charleroi-metropole.be\/fr\/wp-json\/wp\/v2\/comments?post=6910"}],"version-history":[{"count":5,"href":"https:\/\/charleroi-metropole.be\/fr\/wp-json\/wp\/v2\/posts\/6910\/revisions"}],"predecessor-version":[{"id":16187,"href":"https:\/\/charleroi-metropole.be\/fr\/wp-json\/wp\/v2\/posts\/6910\/revisions\/16187"}],"wp:featuredmedia":[{"embeddable":true,"href":"https:\/\/charleroi-metropole.be\/fr\/wp-json\/wp\/v2\/media\/6919"}],"wp:attachment":[{"href":"https:\/\/charleroi-metropole.be\/fr\/wp-json\/wp\/v2\/media?parent=6910"}],"wp:term":[{"taxonomy":"category","embeddable":true,"href":"https:\/\/charleroi-metropole.be\/fr\/wp-json\/wp\/v2\/categories?post=6910"},{"taxonomy":"post_tag","embeddable":true,"href":"https:\/\/charleroi-metropole.be\/fr\/wp-json\/wp\/v2\/tags?post=6910"}],"curies":[{"name":"wp","href":"https:\/\/api.w.org\/{rel}","templated":true}]}}