{"id":5685,"date":"2020-04-14T23:35:52","date_gmt":"2020-04-14T21:35:52","guid":{"rendered":"https:\/\/www.charleroi-metropole.be\/?p=5685"},"modified":"2024-04-26T10:05:31","modified_gmt":"2024-04-26T08:05:31","slug":"producteurs-locaux","status":"publish","type":"post","link":"https:\/\/charleroi-metropole.be\/fr\/decouvrir\/producteurs-locaux\/","title":{"rendered":"Ces producteurs locaux se d\u00e9m\u00e8nent malgr\u00e9 la crise"},"content":{"rendered":"<blockquote><p>En ces temps chamboul\u00e9s, il est plus que jamais important de privil\u00e9gier les circuits courts et (re)d\u00e9couvrir les producteurs de la r\u00e9gion. Commerces \u00e0 la ferme, magasins de proximit\u00e9, artisans\u2026 : ils se plient en quatre pour pr\u00e9parer vos commandes, \u00e9largissent leurs horaires tout en respectant les normes de s\u00e9curit\u00e9. Voici quelques adresses o\u00f9 trouver des produits locaux qui raviront vos papilles.<\/p><\/blockquote>\n<p><strong>Cette liste est non exhaustive. Si vous \u00eates ou si vous connaissez un producteur, si vous tenez ou si vous connaissez un commerce de proximit\u00e9 et que vous voulez le faire conna\u00eetre, n\u2019h\u00e9sitez pas \u00e0 nous en faire part \u00e0 l\u2019adresse <a href=\"mailto:info@charleroimetropole.be\" target=\"_blank\" rel=\"noopener\">info@charleroimetropole.be<\/a>.\u00a0Nous relaierons \u00e9galement vers la <a href=\"http:\/\/www.ceinturealimentaire.be\/\" target=\"_blank\" rel=\"noopener\">Ceinture alimentaire de Charleroi M\u00e9tropole<\/a> et <a href=\"http:\/\/www.hainaut-terredegouts.be\" target=\"_blank\" rel=\"noopener\">Hainaut Terre de Go\u00fbts<\/a>, pour vous recenser sur leur site.<\/strong><\/p>\n<p><strong>Consultez sur notre carte en un clin d&rsquo;\u0153il les producteurs et points de vente proches de chez vous !<\/strong><\/p>\n<h2>Charleroi et le nord de la M\u00e9tropole<\/h2>\n<p>Communes de Seneffe, Pont-\u00e0-Celles, Les Bons Villers, Fleurus, Chapelle-lez-Herlaimont, Courcelles, Charleroi, Ch\u00e2telet, Farciennes, Aiseau-Presles, Montigny-le-Tilleul, Fontaine-l\u2019\u00c9v\u00eaque, Anderlues<\/p>\n<h3>Produits laitiers<\/h3>\n<p>La <a href=\"https:\/\/www.facebook.com\/pages\/category\/Farm\/Ferme-Kairet-1899075683671478\/\" target=\"_blank\" rel=\"noopener\">ferme Kairet<\/a> \u00e0 Viesville (Pont-\u00e0-Celles)<\/p>\n<p>La<a href=\"http:\/\/www.lafermedumoulindecaillet.be\/\" target=\"_blank\" rel=\"noopener\"> ferme du Moulin de Caillet<\/a> \u00e0 Gouy-lez-Pi\u00e9ton (Courcelles)<\/p>\n<p>La <a href=\"https:\/\/www.facebook.com\/chevrerieducadeau\/?rf=1685018748453576\" target=\"_blank\" rel=\"noopener\">Ch\u00e8vrerie du Cadeau<\/a> \u00e0 Buzet (Pont-\u00e0-Celles)<\/p>\n<p>La <a href=\"https:\/\/www.facebook.com\/FermeVanLandschoot\/\" target=\"_blank\" rel=\"noopener\">Fromagerie Van Landschoot<\/a> \u00e0 R\u00e8ves (les Bons Villers)<\/p>\n<p>La <a href=\"https:\/\/www.facebook.com\/lafermeduwarchais\/\" target=\"_blank\" rel=\"noopener\">Ferme du Warchais<\/a> \u00e0 Villers-Perwin (les Bons Villers)<\/p>\n<p>La <a href=\"https:\/\/fermedumartinpecheur.wordpress.com\/\" target=\"_blank\" rel=\"noopener\">Ferme du Martin-P\u00eacheur<\/a> \u00e0 Montigny-le-Tilleul<\/p>\n<p>La <a href=\"http:\/\/www.chevreriedessaules.be\/\" target=\"_blank\" rel=\"noopener\">Ch\u00e8vrerie des Saules<\/a> \u00e0 Jumet (Charleroi)<\/p>\n<p>La <a href=\"http:\/\/www.hainaut-terredegouts.be\/producteur\/ferme-de-vriese\/\" target=\"_blank\" rel=\"noopener\">Ferme\u00a0De Vriese<\/a> \u00e0 Pont-\u00e0-Celles<\/p>\n<h3>Viande<\/h3>\n<p>La <a href=\"https:\/\/www.boucherielestrieux.be\/?fbclid=IwAR1SHVPtPEia0s85_i4jT7PjKDwRCFjzV0NIZ8aHCNkQOIczsi86n8EhPco\" target=\"_blank\" rel=\"noopener\">ferme des Trieux<\/a> \u00e0 Seneffe<\/p>\n<h3>L\u00e9gumes et fruits<\/h3>\n<p>La <a href=\"https:\/\/www.maustitchi.be\/\" target=\"_blank\" rel=\"noopener\">Ferme du Maustichi<\/a> \u00e0 Fontaine-L&rsquo;\u00c9v\u00eaque<\/p>\n<p>Les <a href=\"https:\/\/www.facebook.com\/pages\/category\/Fruit---Vegetable-Store\/Les-Jardins-de-Myrtille-218201634998833\/\" target=\"_blank\" rel=\"noopener\">Jardins de Myrtille<\/a> \u00e0 Fontaine-l&rsquo;\u00c9v\u00eaque<\/p>\n<p>La <a href=\"https:\/\/www.fermedelachapelette.com\/\" target=\"_blank\" rel=\"noopener\">Ferme de la Chapelette<\/a> aux Bons Villers<\/p>\n<p>L\u2019exploitation mara\u00eech\u00e8re <a href=\"http:\/\/www.toubio.be\/\" target=\"_blank\" rel=\"noopener\">Toubio<\/a> \u00e0 Fleurus<\/p>\n<p>La <a href=\"https:\/\/www.facebook.com\/latetedanslessalades\/\" target=\"_blank\" rel=\"noopener\">t\u00eate dans les salades<\/a> \u00e0 Pont-\u00e0-Celles<\/p>\n<p>La <a href=\"https:\/\/www.berlanwez.be\/?fbclid=IwAR1-V-UCYz55vKbxeP8GJfeywA0ysbYsT7rcsenUcai-0A8gmUx0ZaONo18\" target=\"_blank\" rel=\"noopener\">Ferme du Grand Berlanwez<\/a> \u00e0 Seneffe<\/p>\n<p>La <a href=\"https:\/\/www.facebook.com\/fermedesnauwes\">Ferme des Nauwes<\/a> \u00e0 Gouy-lez-Pi\u00e9ton (Courcelles)<\/p>\n<p>La <a href=\"http:\/\/www.lafermeducentre.sitew.be\/\" target=\"_blank\" rel=\"noopener\">Ferme du Centre<\/a> \u00e0 Aiseau-Presles<\/p>\n<figure id=\"attachment_5691\" aria-describedby=\"caption-attachment-5691\" style=\"width: 1600px\" class=\"wp-caption alignnone\"><img loading=\"lazy\" decoding=\"async\" class=\"size-large wp-image-5691\" src=\"https:\/\/charleroi-metropole.be\/app\/uploads\/webp\/charleroi-metropole-fromagere-ferme-1600x900.webp\" alt=\"\" width=\"1600\" height=\"900\" \/><figcaption id=\"caption-attachment-5691\" class=\"wp-caption-text\">Sophie Van Landschoot produit ses fromages et les vend directement \u00e0 la ferme.<\/figcaption><\/figure>\n<h2>Centre de la M\u00e9tropole<\/h2>\n<p>Communes de Merbes-le-Ch\u00e2teau, Lobbes, Thuin, Ham-sur-Heure-Nalinnes, Gerpinnes, Erquelinnes, Beaumont, Walcourt<\/p>\n<h3>Produits laitiers<\/h3>\n<p>La <a href=\"http:\/\/www.lafermeduchampduloup.be\/\" target=\"_blank\" rel=\"noopener\">Ferme du Champ du Loup<\/a> \u00e0 Lobbes<\/p>\n<aside class=\"useful-links\">\n    <ul class=\"useful-links__list\">\n                    <li class=\"useful-links__item\">\n                <a href=\"https:\/\/charleroi-metropole.be\/fr\/decouvrir\/a-la-decouverte-de-la-ferme-du-champ-du-loup\/\">\n                    <figure class=\"useful-links__fig\">\n                                                    <img decoding=\"async\" src=\"https:\/\/charleroi-metropole.be\/wp-content\/uploads\/2020\/08\/dsc_0054-500x0-c-default.jpg\" alt=\"\u00c0 la d\u00e9couverte de la Ferme du Champ du Loup\" class=\"useful-links__img\">\n                                            <\/figure>\n\n                    <span class=\"useful-links__title\">\u00c0 la d\u00e9couverte de la Ferme du Champ du Loup<\/span>\n                <\/a>\n            <\/li>\n            <\/ul>\n<\/aside>\n\n<p>La <a href=\"https:\/\/www.ferme-raz-buzee-fromagerie-glace-yaourt-artisanale.be\/\" target=\"_blank\" rel=\"noopener\">Ferme du Raz Buzee<\/a> \u00e0 Gerpinnes<\/p>\n<p>La <a href=\"https:\/\/www.facebook.com\/La-Ferme-Du-Lumsonry-1713479408716653\/\" target=\"_blank\" rel=\"noopener\">Ferme du Lumsonry<\/a> \u00e0 Tarcienne (Walcourt)<\/p>\n<p>La <a href=\"https:\/\/www.lafermedesmonts.be\/\" target=\"_blank\" rel=\"noopener\">Ferme des Monts<\/a> \u00e0 Nalinnes (Ham-sur-Heure-Nalinnes)<\/p>\n<p>La <a href=\"https:\/\/www.facebook.com\/Ferme-de-lEau-dHeure-1934694336600200\/\" target=\"_blank\" rel=\"noopener\">Ferme de l\u2019Eau d\u2019Heure<\/a> \u00e0 Cour-sur-Heure (Ham-sur-Heure-Nalinnes)<\/p>\n<p>La <a href=\"https:\/\/www.facebook.com\/Fermedeslongspres\/\" target=\"_blank\" rel=\"noopener\">Ferme des Longs-Pr\u00e9s<\/a> \u00e0 Walcourt (\u0153ufs)<\/p>\n<p>La <a href=\"https:\/\/www.facebook.com\/Ferme-des-quartiers-648998485157993\/\" target=\"_blank\" rel=\"noopener\">Ferme des quartiers<\/a> \u00e0 Merbes-le-Ch\u00e2teau<\/p>\n<p>La <a href=\"http:\/\/www.lafermedupetitpontdepierre.be\/\" target=\"_blank\" rel=\"noopener\">Ferme du petit pont de pierre<\/a> \u00e0 Montignies-Saint-Christophe (Erquelinnes)<\/p>\n<p>La <a href=\"http:\/\/www.hainaut-terredegouts.be\/producteur\/fromagerie-mersch-ferme-de-la-salle\/\" target=\"_blank\" rel=\"noopener\">Fromagerie Mersch<\/a> \u00e0 Str\u00e9e (Beaumont)<\/p>\n<p>La <a href=\"http:\/\/www.hainaut-terredegouts.be\/producteur\/chevrerie-du-cocriamont\/\" target=\"_blank\" rel=\"noopener\">Ch\u00e8vrerie du Cocriamont<\/a> \u00e0 Thuillies (Thuin)<\/p>\n<h3>Viande<\/h3>\n<p>La <a href=\"https:\/\/www.facebook.com\/boucherie.lelimousin\/\" target=\"_blank\" rel=\"noopener\">Ferme du Limousin<\/a> \u00e0 Gerpinnes<\/p>\n<p>La <a href=\"http:\/\/www.escafene.be\/\" target=\"_blank\" rel=\"noopener\">Ferme de l\u2019Escaf\u00e8ne<\/a> \u00e0 Ragnies<\/p>\n<h3>L\u00e9gumes et fruits<\/h3>\n<p>La <a href=\"https:\/\/www.facebook.com\/gerpinnes.be\/\" target=\"_blank\" rel=\"noopener\">Ferme du Trieu<\/a> \u00e0 Joncret (Gerpinnes)<\/p>\n<aside class=\"useful-links\">\n    <ul class=\"useful-links__list\">\n                    <li class=\"useful-links__item\">\n                <a href=\"https:\/\/charleroi-metropole.be\/fr\/decouvrir\/gerpinnes-legumes-trieu\/\">\n                    <figure class=\"useful-links__fig\">\n                                                    <img decoding=\"async\" src=\"https:\/\/charleroi-metropole.be\/wp-content\/uploads\/2018\/11\/04_denisdal.00_00_25_19.still004-500x0-c-default.jpg\" alt=\"Le panier de l\u00e9gumes\u202f: sain, durable et cr\u00e9ateur de lien social\" class=\"useful-links__img\">\n                                            <\/figure>\n\n                    <span class=\"useful-links__title\">Le panier de l\u00e9gumes\u202f: sain, durable et cr\u00e9ateur de lien social<\/span>\n                <\/a>\n            <\/li>\n            <\/ul>\n<\/aside>\n\n<p>La <a href=\"https:\/\/www.lafermedupave.be\/\" target=\"_blank\" rel=\"noopener\">Ferme du Pav\u00e9<\/a> \u00e0 Goz\u00e9e (+ fruits, l\u00e9gumes, viande&#8230;) (Thuin)<\/p>\n<p>Le <a href=\"http:\/\/www.hainaut-terredegouts.be\/producteur\/domaine-du-fosteau\/\" target=\"_blank\" rel=\"noopener\">Domaine du Fosteau<\/a> \u00e0 Leers-et-Fosteau (asperges) (Thuin)<\/p>\n<figure id=\"attachment_7242\" aria-describedby=\"caption-attachment-7242\" style=\"width: 1600px\" class=\"wp-caption alignnone\"><img loading=\"lazy\" decoding=\"async\" class=\"wp-image-7242 size-large\" src=\"https:\/\/charleroi-metropole.be\/app\/uploads\/webp\/charleroi-metropole-producteur-union-covid-1600x1067.webp\" alt=\"\" width=\"1600\" height=\"1067\" \/><figcaption id=\"caption-attachment-7242\" class=\"wp-caption-text\">Les maraichers suivent les culture de pr\u00e8s.<\/figcaption><\/figure>\n<h2>Sud de la M\u00e9tropole<\/h2>\n<p>Communes de Sivry-Rance, Froidchapelle, Cerfontaine, Philippeville, Momignies, Chimay, Couvin, Viroinval<\/p>\n<h3>Produits laitiers<\/h3>\n<p>La <a href=\"https:\/\/www.facebook.com\/fermedelaplagne\" target=\"_blank\" rel=\"noopener\">Ferme de la Plagne<\/a> \u00e0 Grandrieu<\/p>\n<p>La <a href=\"https:\/\/fermeclarat.wordpress.com\/\" target=\"_blank\" rel=\"noopener\">Ferme Bio Clarat-Charles<\/a> \u00e0 Froidchapelle<\/p>\n<p>La <a href=\"http:\/\/fermedesqueuwys.be\/\" target=\"_blank\" rel=\"noopener\">Ferme des Queuwys<\/a> \u00e0 Froidchapelle<\/p>\n<p>La <a href=\"https:\/\/www.facebook.com\/pages\/category\/Farm\/Ch%C3%A8vrerie-de-la-Machine-183067195374295\/\" target=\"_blank\" rel=\"noopener\">Ch\u00e8vrerie de la Machine<\/a> \u00e0 Jamiolle (Philippeville)<\/p>\n<p>La <a href=\"https:\/\/www.facebook.com\/La-ferme-de-lEau-Blanche-384713792089863\/\" target=\"_blank\" rel=\"noopener\">Ferme de l\u2019Eau Blanche<\/a> \u00e0 Virelles (Chimay)<\/p>\n<h3>Viande<\/h3>\n<p>La <a href=\"https:\/\/www.facebook.com\/FermeDuTilleulBoucherieBio\/\" target=\"_blank\" rel=\"noopener\">Ferme du Tilleul<\/a> \u00e0 Seloignes (colis)<\/p>\n<p><a href=\"https:\/\/www.facebook.com\/pages\/category\/Farm\/Elevage-de-la-Petite-Suisse-138534396176422\/\" target=\"_blank\" rel=\"noopener\">\u00c9levage de la Petite Suisse<\/a> \u00e0 Lompret (Chimay)<\/p>\n<h3>L\u00e9gumes et fruits<\/h3>\n<p>La <a href=\"https:\/\/lafermedupissenlit.wixsite.com\/lesjardinsdedimetpat\" target=\"_blank\" rel=\"noopener\">Ferme du Pissenlit<\/a> \u00e0 Beaumont<\/p>\n<p>La <a href=\"https:\/\/www.lafermedutchapia.be\/\" target=\"_blank\" rel=\"noopener\">Ferme du Tchapia<\/a> \u00e0 Presgaux (Couvin)<\/p>\n<p>La <a href=\"https:\/\/www.facebook.com\/lesfraisesdepresgaux\/\" target=\"_blank\" rel=\"noopener\">Ferme de Na\u00efe<\/a> \u00e0 Presgaux<\/p>\n<p>Les <a href=\"http:\/\/www.circuitscourts.pnvh.be\/viroinval\/hoyas\/\" target=\"_blank\" rel=\"noopener\">Jardins des H\u00e9rutis<\/a> \u00e0 Viroinval<\/p>\n<p>La <a href=\"https:\/\/www.champignol.be\/\" target=\"_blank\" rel=\"noopener\">Ferme Champignol<\/a> \u00e0 Surice (Philippeville)<\/p>\n<p>La <a href=\"https:\/\/www.facebook.com\/fermeaernoudt\/?__tn__=%2Cd%2CP-R&amp;eid=ARC10gv8-B2-EApMDxFlcmtCnsSsW9DymU9DlPcNJNc6iZPyD4bVILre-3vDbLxzVv4YoE6ih0Ujnyne\" target=\"_blank\" rel=\"noopener\">Ferme Aernoudt<\/a> \u00e0 Thirimont (Beaumont)<\/p>\n<figure id=\"attachment_7244\" aria-describedby=\"caption-attachment-7244\" style=\"width: 1600px\" class=\"wp-caption alignnone\"><img loading=\"lazy\" decoding=\"async\" class=\"wp-image-7244 size-large\" src=\"https:\/\/charleroi-metropole.be\/app\/uploads\/webp\/charleroi-metropole-producteur-artisan-1600x1063.webp\" alt=\"\" width=\"1600\" height=\"1063\" \/><figcaption id=\"caption-attachment-7244\" class=\"wp-caption-text\">De nombreuses fermes partagent leur passion avec leur public.<\/figcaption><\/figure>\n<h2>Et les coop\u00e9ratives locales et autres magasins qui proposent des produits locaux<\/h2>\n<p>Retrouvez \u00e9galement des produits de notre r\u00e9gion aupr\u00e8s des groupements de coop\u00e9rateurs<\/p>\n<p>La <a href=\"https:\/\/www.labottepaysanne.be\/\" target=\"_blank\" rel=\"noopener\">Botte Paysanne<\/a> \u00e0 Sivry<\/p>\n<aside class=\"useful-links\">\n    <ul class=\"useful-links__list\">\n            <\/ul>\n<\/aside>\n\n<p><a href=\"https:\/\/coopesem.be\/\" target=\"_blank\" rel=\"noopener\">Coopesem<\/a> \u00e0 Walcourt<\/p>\n<p><a href=\"https:\/\/coopeco-supermarche.be\/\" target=\"_blank\" rel=\"noopener\">Coopeco<\/a> \u00e0 Charleroi<\/p>\n<p>Le <a href=\"https:\/\/lecomptoirdubio.com\/\" target=\"_blank\" rel=\"noopener\">Comptoir du BIO<\/a> \u00e0 Courcelles<\/p>\n<p><a href=\"https:\/\/www.facebook.com\/biocapmarci\/\" target=\"_blank\" rel=\"noopener\">Biocap<\/a> \u00e0 Marcinelle<\/p>\n<p><a href=\"https:\/\/www.tournesolchimay.be\/\" target=\"_blank\" rel=\"noopener\">Tournesol<\/a> \u00e0 Chimay<\/p>\n<p><a href=\"https:\/\/www.nature-nature.be\/accueil\/\" target=\"_blank\" rel=\"noopener\">Nature Nature<\/a> \u00e0 Philippeville<\/p>\n<p><a href=\"https:\/\/communhalle.be\/\" target=\"_blank\" rel=\"noopener\">Commun&rsquo;Halles<\/a> \u00e0 Ham-sur-Heure-Nalinnes, Montignies-sur-Sambre et Montigny-le-Tilleul<\/p>\n<p>Les \u00ab\u00a0<a href=\"https:\/\/laruchequiditoui.be\/fr-BE\" target=\"_blank\" rel=\"noopener\">Ruche qui dit oui<\/a>\u00a0\u00bb de Tarcienne, Charleroi, Aiseau-Presles, Pont-\u00e0-Celles, Seneffe, Chapelle-lez-Herlaimont<\/p>\n<p>La <a href=\"https:\/\/www.facebook.com\/fermedubaron\/\" target=\"_blank\" rel=\"noopener\">Ferme du baron<\/a> \u00e0 Thuillies (producteur et vente de produits locaux) (Thuin)<\/p>\n<p>Le <a href=\"https:\/\/www.facebook.com\/groups\/lepreenbulles\/?hc_location=ufi\" target=\"_blank\" rel=\"noopener\">Pr\u00e9 en bulles<\/a>\u00a0\u00e0 Labuissi\u00e8re (Merbes-le-Ch\u00e2teau)<\/p>\n<p><a href=\"https:\/\/www.facebook.com\/TomAtHomeRansart\/\" target=\"_blank\" rel=\"noopener\">Tom@home<\/a> \u00e0 Ransart (Charleroi)<\/p>\n<p>&nbsp;<\/p>\n<figure id=\"attachment_7245\" aria-describedby=\"caption-attachment-7245\" style=\"width: 1600px\" class=\"wp-caption alignnone\"><img loading=\"lazy\" decoding=\"async\" class=\"wp-image-7245 size-large\" src=\"https:\/\/charleroi-metropole.be\/app\/uploads\/webp\/charleroi-metreopole-cooperative-artisans-producteur-1600x1063.webp\" alt=\"\" width=\"1600\" height=\"1063\" \/><figcaption id=\"caption-attachment-7245\" class=\"wp-caption-text\">Les coop\u00e9ratives, comme Coopesem, fournissent directement des produits locaux aux clients<\/figcaption><\/figure>\n<p>&nbsp;<\/p>\n<p>Vous trouverez \u00e9galement d\u2019autres adresses sur <a href=\"https:\/\/www.charleroi-metropole.be\/fr\/guide\/habiter\/manger-local\/\" target=\"_blank\" rel=\"noopener\">notre page \u201cmanger local\u201d,<\/a> sur le site la <a href=\"http:\/\/www.ceinturealimentaire.be\/qui-sommes-nous\/\" target=\"_blank\" rel=\"noopener\">Ceinture alimentaire Charleroi M\u00e9tropole<\/a>, sur le site <a href=\"http:\/\/www.hainaut-terredegouts.be\/\" target=\"_blank\" rel=\"noopener\">Hainaut Terre de go\u00fbts<\/a>.<\/p>\n<aside class=\"useful-links\">\n    <ul class=\"useful-links__list\">\n                    <li class=\"useful-links__item\">\n                <a href=\"https:\/\/charleroi-metropole.be\/fr\/decouvrir\/lieux-culturels\/\">\n                    <figure class=\"useful-links__fig\">\n                                                    <img decoding=\"async\" src=\"https:\/\/charleroi-metropole.be\/wp-content\/uploads\/2020\/05\/charleroi-metropole-culture-danse-500x0-c-default.jpg\" alt=\"Ces lieux culturels qui se r\u00e9inventent en temps de crise\" class=\"useful-links__img\">\n                                            <\/figure>\n\n                    <span class=\"useful-links__title\">Ces lieux culturels qui se r\u00e9inventent en temps de crise<\/span>\n                <\/a>\n            <\/li>\n                    <li class=\"useful-links__item\">\n                <a href=\"https:\/\/charleroi-metropole.be\/fr\/decouvrir\/covid\/\">\n                    <figure class=\"useful-links__fig\">\n                                                    <img decoding=\"async\" src=\"https:\/\/charleroi-metropole.be\/wp-content\/uploads\/2020\/04\/charleroi-metropole-prieu-lameuse-500x0-c-default.jpg\" alt=\"Ces m\u00e9tropolitains s\u2019unissent contre le Covid\" class=\"useful-links__img\">\n                                            <\/figure>\n\n                    <span class=\"useful-links__title\">Ces m\u00e9tropolitains s\u2019unissent contre le Covid<\/span>\n                <\/a>\n            <\/li>\n            <\/ul>\n<\/aside>\n\n","protected":false},"excerpt":{"rendered":"<p>En ces temps chamboul\u00e9s, il est plus que jamais important de privil\u00e9gier les circuits courts et (re)d\u00e9couvrir les producteurs de la r\u00e9gion. Commerces \u00e0 la ferme, magasins de proximit\u00e9, artisans\u2026 : ils se plient en quatre pour pr\u00e9parer vos commandes, \u00e9largissent leurs horaires tout en respectant les normes de s\u00e9curit\u00e9. Voici quelques adresses o\u00f9 trouver [&hellip;]<\/p>\n","protected":false},"author":27,"featured_media":5694,"comment_status":"closed","ping_status":"closed","sticky":false,"template":"","format":"standard","meta":{"footnotes":""},"categories":[394,19],"tags":[45,38,23,226,22,43,46,24],"class_list":["post-5685","post","type-post","status-publish","format-standard","has-post-thumbnail","hentry","category-alimentation-locale","category-dynamisme-economique","tag-artisan","tag-bio","tag-durable","tag-environnement","tag-local","tag-nature","tag-plaisirs-sucres","tag-terroir"],"_links":{"self":[{"href":"https:\/\/charleroi-metropole.be\/fr\/wp-json\/wp\/v2\/posts\/5685"}],"collection":[{"href":"https:\/\/charleroi-metropole.be\/fr\/wp-json\/wp\/v2\/posts"}],"about":[{"href":"https:\/\/charleroi-metropole.be\/fr\/wp-json\/wp\/v2\/types\/post"}],"author":[{"embeddable":true,"href":"https:\/\/charleroi-metropole.be\/fr\/wp-json\/wp\/v2\/users\/27"}],"replies":[{"embeddable":true,"href":"https:\/\/charleroi-metropole.be\/fr\/wp-json\/wp\/v2\/comments?post=5685"}],"version-history":[{"count":4,"href":"https:\/\/charleroi-metropole.be\/fr\/wp-json\/wp\/v2\/posts\/5685\/revisions"}],"predecessor-version":[{"id":16297,"href":"https:\/\/charleroi-metropole.be\/fr\/wp-json\/wp\/v2\/posts\/5685\/revisions\/16297"}],"wp:featuredmedia":[{"embeddable":true,"href":"https:\/\/charleroi-metropole.be\/fr\/wp-json\/wp\/v2\/media\/5694"}],"wp:attachment":[{"href":"https:\/\/charleroi-metropole.be\/fr\/wp-json\/wp\/v2\/media?parent=5685"}],"wp:term":[{"taxonomy":"category","embeddable":true,"href":"https:\/\/charleroi-metropole.be\/fr\/wp-json\/wp\/v2\/categories?post=5685"},{"taxonomy":"post_tag","embeddable":true,"href":"https:\/\/charleroi-metropole.be\/fr\/wp-json\/wp\/v2\/tags?post=5685"}],"curies":[{"name":"wp","href":"https:\/\/api.w.org\/{rel}","templated":true}]}}