{"id":5674,"date":"2020-04-10T09:24:44","date_gmt":"2020-04-10T07:24:44","guid":{"rendered":"https:\/\/www.charleroi-metropole.be\/?p=5674"},"modified":"2024-04-26T10:05:32","modified_gmt":"2024-04-26T08:05:32","slug":"covid","status":"publish","type":"post","link":"https:\/\/charleroi-metropole.be\/fr\/decouvrir\/covid\/","title":{"rendered":"Ces m\u00e9tropolitains s\u2019unissent contre le Covid"},"content":{"rendered":"<blockquote><p>Face au coronavirus, de nombreux habitants de Charleroi M\u00e9tropole ont d\u00e9cid\u00e9 d\u2019agir, chacun \u00e0 leur niveau. D\u00e9couvrez quelques initiatives solidaires.<\/p><\/blockquote>\n<p>Cette liste est \u00e9videmment loin d\u2019\u00eatre exhaustive. N\u2019h\u00e9sitez pas \u00e0 nous raconter comment, \u00e0 votre niveau, vous agissez en ces temps chamboul\u00e9s sur l\u2019adresse <a href=\"mailto:info@charleroimetropole.be\" target=\"_blank\" rel=\"noopener\">info@charleroimetropole.be<\/a>.<\/p>\n<h2>Des repas offerts aux h\u00f4pitaux<\/h2>\n<p>Six entreprises, dont <a href=\"https:\/\/onostudio.be\/contact\" target=\"_blank\" rel=\"noopener\">Ono Studio<\/a> \u00e0 Pont-\u00e0-Celles et <a href=\"https:\/\/www.tartes.be\/\" target=\"_blank\" rel=\"noopener\">Les Tartes de Fran\u00e7oise<\/a> \u00e0 Seneffe, se sont rassembl\u00e9es pour confectionner des bo\u00eetes-repas \u00e0 destination du personnel soignant. La soci\u00e9t\u00e9 <a href=\"https:\/\/copains.group\/\" target=\"_blank\" rel=\"noopener\">Copains.Group<\/a>, qui livre habituellement les maisons de repos et les h\u00f4pitaux r\u00e9gionaux, a lanc\u00e9 l\u2019initiative. Apr\u00e8s avoir offert des croissants, elle a r\u00e9uni ces entreprises pour une op\u00e9ration de livraison de repas.<\/p>\n<p>Au total, les b\u00e9n\u00e9voles ont confectionn\u00e9 plus de 800 bo\u00eetes-repas compos\u00e9es de sandwiches, muffins, boissons bio, etc. Ces repas sont, notamment, distribu\u00e9s au personnel soignant du <a href=\"http:\/\/www.chu-charleroi.be\/\" target=\"_blank\" rel=\"noopener\">CHU Charleroi<\/a> et du <a href=\"https:\/\/www.ghdc.be\/\" target=\"_blank\" rel=\"noopener\">Grand H\u00f4pital de Charleroi<\/a>.<\/p>\n<figure id=\"attachment_7238\" aria-describedby=\"caption-attachment-7238\" style=\"width: 1600px\" class=\"wp-caption alignnone\"><img loading=\"lazy\" decoding=\"async\" class=\"size-large wp-image-7238\" src=\"https:\/\/charleroi-metropole.be\/app\/uploads\/webp\/charleroi-metropole-quiches-traiteur-1600x900.webp\" alt=\"\" width=\"1600\" height=\"900\" \/><figcaption id=\"caption-attachment-7238\" class=\"wp-caption-text\">Les Tartes de Fran\u00e7oise ont fourni des muffins pour les bo\u00eetes-repas.<\/figcaption><\/figure>\n<h2>Une brasserie fabrique du gel hydroalcoolique<\/h2>\n<p>La <a href=\"https:\/\/chimay.com\/\" target=\"_blank\" rel=\"noopener\">brasserie de Chimay<\/a> a fabriqu\u00e9 plus de 100 litres de gel d\u00e9sinfectant. Elle a achet\u00e9 les ingr\u00e9dients de base et a compos\u00e9 le produit selon les indications de l\u2019OMS, sous l\u2019\u0153il aguerri d\u2019un pharmacien.<\/p>\n<p>Il s\u2019agit par ailleurs d\u2019une belle collaboration entre diff\u00e9rentes associations et entreprises locales puisque, si la brasserie a r\u00e9alis\u00e9 le gel, l\u2019initiative vient de la\u00a0 <a href=\"http:\/\/www.chimaywartoise.be\/\" target=\"_blank\" rel=\"noopener\">Fondation Chimay-Wartoise<\/a>. Par ailleurs, la verrerie de Momignies (<a href=\"https:\/\/www.gerresheimer.com\/en\/home.html\" target=\"_blank\" rel=\"noopener\">Gerresheimer<\/a> &#8211; lire notre <a href=\"https:\/\/www.charleroi-metropole.be\/fr\/2019\/01\/18\/momignies-verreries\/\" target=\"_blank\" rel=\"noopener\">pr\u00e9c\u00e9dent reportage<\/a>) a fourni les flacons de verre, et <a href=\"http:\/\/www.imprimeriedeshorme.be\/\" target=\"_blank\" rel=\"noopener\">l\u2019imprimerie Deshorme<\/a> s\u2019est occup\u00e9e des \u00e9tiquettes.<\/p>\n<aside class=\"useful-links\">\n    <ul class=\"useful-links__list\">\n                    <li class=\"useful-links__item\">\n                <a href=\"https:\/\/charleroi-metropole.be\/fr\/decouvrir\/chimay-biere-fromage\/\">\n                    <figure class=\"useful-links__fig\">\n                                                    <img decoding=\"async\" src=\"https:\/\/charleroi-metropole.be\/wp-content\/uploads\/2018\/11\/02_chimay.00_00_23_06.still003-500x0-c-default.jpg\" alt=\"Une journ\u00e9e \u00e0 l\u2019Abbaye de Chimay, une entreprise pas comme les autres\" class=\"useful-links__img\">\n                                            <\/figure>\n\n                    <span class=\"useful-links__title\">Une journ\u00e9e \u00e0 l\u2019Abbaye de Chimay, une entreprise pas comme les autres<\/span>\n                <\/a>\n            <\/li>\n            <\/ul>\n<\/aside>\n\n<h2>Des visi\u00e8res et du mat\u00e9riel en 3D pour le personnel soignant<\/h2>\n<p>Un habitant de Sivry-Rance, Jacques Saintenoy, imprime des visi\u00e8res de protection avec deux imprimantes 3D. Dessinateur industriel, il a d\u00e9cid\u00e9 d\u2019agir sous les encouragements d\u2019un m\u00e9decin. Afin de respecter les r\u00e8gles strictes de s\u00e9curit\u00e9, il travaille avec du polym\u00e8re biod\u00e9gradable, qui peut \u00eatre lav\u00e9 et r\u00e9utilis\u00e9. Il a d\u00e9j\u00e0 produit plus de 70 visi\u00e8res.<\/p>\n<p>\u00c0 Charleroi, Martin, Alexis et Cl\u00e9ment ont lanc\u00e9 une plate-forme pour cr\u00e9er des objets m\u00e9dicaux 3D. <a href=\"https:\/\/www.pcom3d.be\/\" target=\"_blank\" rel=\"noopener\">PCOM3D<\/a> r\u00e9unit institutions m\u00e9dicales et concepteurs d\u2019objets en 3D (dessinateurs, ing\u00e9nieurs, scientifiques, \u00e9tudiants, etc.) afin de r\u00e9pondre aux besoins. Ce site met \u00e9galement \u00e0 disposition tous les fichiers de fabrication.<\/p>\n<p>\u00c0 Fleurus, les entreprises <a href=\"https:\/\/www.delplex.be\/\" target=\"_blank\" rel=\"noopener\">Delplex<\/a>, <a href=\"https:\/\/www.deltenre.be\/\" target=\"_blank\" rel=\"noopener\">Deltenre&amp;co<\/a> et <a href=\"https:\/\/www.dhk.be\/\" target=\"_blank\" rel=\"noopener\">DHK<\/a>, ont d\u00e9velopp\u00e9 une visi\u00e8re de protection \u00e0 destination du personnel soignant. Elles ont offert 1 000 masques aux h\u00f4pitaux de Charleroi.<\/p>\n<p>C\u2019est le cas, \u00e9galement, du <a href=\"https:\/\/www.fablab-charleroi.be\/\" target=\"_blank\" rel=\"noopener\">FabLab Charleroi M\u00e9tropole<\/a>, qui met \u00e0 disposition son mat\u00e9riel et son savoir-faire pour fournir aux h\u00f4pitaux de la r\u00e9gion des visi\u00e8res de protection.<\/p>\n<figure id=\"attachment_7239\" aria-describedby=\"caption-attachment-7239\" style=\"width: 1600px\" class=\"wp-caption alignnone\"><img loading=\"lazy\" decoding=\"async\" class=\"wp-image-7239 size-large\" src=\"https:\/\/charleroi-metropole.be\/app\/uploads\/webp\/charleroi-metropole-masque-viciere-covid-crise-1600x1067.webp\" alt=\"\" width=\"1600\" height=\"1067\" \/><figcaption id=\"caption-attachment-7239\" class=\"wp-caption-text\">Des designers 3D con\u00e7oivent les visi\u00e8res et les fabriquent avec une imprimante 3D directement chez eux.<\/figcaption><\/figure>\n<h2>Des communes soutiennent les ind\u00e9pendants et petits commerces<\/h2>\n<p>De nombreuses communes de Charleroi M\u00e9tropole ont d\u00e9cid\u00e9 d\u2019aider les \u00e9tablissements Horeca, les commer\u00e7ants&#8230; de diff\u00e9rentes mani\u00e8res.<\/p>\n<p>\u00c0 Courcelles, Montigny-le-Tilleul et Charleroi, par exemple, les communes ont gel\u00e9 les taxes pour certaines PME et ind\u00e9pendants. Cette action est en r\u00e9flexion \u00e0 Erquelinnes, Anderlues, Beaumont et Pont-\u00e0-Celles.<\/p>\n<h2>Des menus gourmets pour le personnel soignant<\/h2>\n<p>Vincent Gardinal, chef du <a href=\"https:\/\/prieurestgery.be\/\" target=\"_blank\" rel=\"noopener\">Prieur\u00e9 Saint-G\u00e9ry<\/a>, cuisine pour les m\u00e9decins, infirmiers et autres soignants du <a href=\"https:\/\/www.csf.be\/\" target=\"_blank\" rel=\"noopener\">Centre de sant\u00e9 des Fagnes.<\/a>\u00a0Il pr\u00e9pare une vingtaine de repas tous les jours.<\/p>\n<p>Contact\u00e9 par les Princes de Chimay, qui financent les mati\u00e8res premi\u00e8res issues des artisans et producteurs du coin, et assurent l\u2019acheminement vers les h\u00f4pitaux, Vincent Gardinal confectionne b\u00e9n\u00e9volement les repas.<\/p>\n<h2>Des groupes d&rsquo;entraide<\/h2>\n<p>H\u00e9l\u00e8ne Lep\u00e8re, conseill\u00e8re communale \u00e0 Cerfontaine, a lanc\u00e9 un groupe Facebook pour aider les personnes seules et isol\u00e9es. Ce groupe permet aux habitants de s\u2019entraider pour faire les courses, chercher des m\u00e9dicaments, confectionner des masques\u2026 Elle propose \u00e9galement un num\u00e9ro de t\u00e9l\u00e9phone pour ceux qui ne sont pas connect\u00e9s.<\/p>\n<p>D\u2019autres exemples fleurissent, par exemple \u00e0 Erquelinnes pour soutenir les parents avec leurs enfants, \u00e0 Walcourt pour aider les personnes vuln\u00e9rables\u2026<\/p>\n<p>Certaines communes, comme Charleroi, Couvin, Anderlues ou Fleurus, ont cr\u00e9\u00e9 leur plate-forme sur <a href=\"https:\/\/www.impactdays.co\/\" target=\"_blank\" rel=\"noopener\">Impactdays<\/a>, dans le but de mettre en relation les offres d\u2019aide et les demandes.<\/p>\n<h2>Des b\u00e9n\u00e9voles et des dons pour fournir des masques<\/h2>\n<p>L\u2019entreprise <a href=\"https:\/\/www.textilia.be\/\" target=\"_blank\" rel=\"noopener\">Textilia<\/a> \u00e0 Farciennes, sp\u00e9cialis\u00e9e en mercerie, encourage les particuliers \u00e0 confectionner des masques. Elle fournit des kits et les mati\u00e8res premi\u00e8res, et de nombreux b\u00e9n\u00e9voles se mettent \u00e0 l\u2019\u0153uvre.<\/p>\n<p>\u00c0 Erquelinnes, le <a href=\"https:\/\/www.facebook.com\/lionserquelinnes6560\/\" target=\"_blank\" rel=\"noopener\">Lions Club Haute Sambre<\/a> a achet\u00e9 plus de 500 visi\u00e8res \u00e0 destination des h\u00f4pitaux et autres soignants. Le club service a lanc\u00e9 une action dans tout le pays: il a r\u00e9colt\u00e9 plus 150.000 euros de dons pour faire face aux besoins engendr\u00e9s par la crise.<\/p>\n<figure id=\"attachment_7240\" aria-describedby=\"caption-attachment-7240\" style=\"width: 1600px\" class=\"wp-caption alignnone\"><img loading=\"lazy\" decoding=\"async\" class=\"wp-image-7240 size-large\" src=\"https:\/\/charleroi-metropole.be\/app\/uploads\/webp\/charleroi-metropole-masque-tissu-covid-1600x1067.webp\" alt=\"\" width=\"1600\" height=\"1067\" \/><figcaption id=\"caption-attachment-7240\" class=\"wp-caption-text\">L\u2019entreprise Textilia fournit \u00e0 des volontaires des kits pour fabriquer des masques.<\/figcaption><\/figure>\n<h2>Des contacts virtuels pour nos a\u00een\u00e9s<\/h2>\n<p>Avec l\u2019interdiction de visites dans les maisons de repos, diff\u00e9rentes initiatives ont vu le jour pour que les a\u00een\u00e9s maintiennent le contact avec leurs proches.<\/p>\n<p>Par exemple, \u00e0 Thuin, \u00e0 la maison de repos et de soins <a href=\"https:\/\/www.thuin.be\/annuaire\/maison-de-repos\" target=\"_blank\" rel=\"noopener\">Le Gai S\u00e9jour<\/a>, une personne est charg\u00e9e de r\u00e9aliser des vid\u00e9os-conf\u00e9rences entre les r\u00e9sidents et leur famille, gr\u00e2ce des tablettes mises \u00e0 leur disposition.<\/p>\n<h2>Des entreprises tournent \u00e0 plein r\u00e9gime pour r\u00e9pondre \u00e0 la demande<\/h2>\n<p><a href=\"http:\/\/www.creaplex.be\/\" target=\"_blank\" rel=\"noopener\">Creaplex<\/a>, entreprise situ\u00e9e \u00e0 Fleurus, travaille d\u2019arrache-pied pour concevoir des plaques en plexiglas. Elle livre, partout en Belgique, les h\u00f4pitaux, les librairies ou encore les entreprises de transport. Si, \u00e0 la base, elle travaille davantage pour l&rsquo;\u00e9v\u00e9nementiel et les salons, elle s\u2019adapte aujourd\u2019hui et fournit des plastiques destin\u00e9s \u00e0 prot\u00e9ger les travailleurs du coronavirus.<\/p>\n<p><a href=\"https:\/\/uniwan.be\/\" target=\"_blank\" rel=\"noopener\">Uniwan<\/a>, soci\u00e9t\u00e9 informatique bas\u00e9e \u00e0 Pont-\u00e0-Celles, installe des connexions WIFI. De nombreuses entreprises ont d\u00fb s\u2019adapter pour permettre aux employ\u00e9s de travailler depuis leur domicile : Uniwan facilite le travail \u00e0 distance de nombreuses soci\u00e9t\u00e9s de mani\u00e8re s\u00e9curis\u00e9e.<\/p>\n<h2>Des recherches m\u00e9dicales<\/h2>\n<p>De nombreuses biotechs s\u2019investissent \u00e9galement dans la\u00a0 lutte contre le coronavirus. La soci\u00e9t\u00e9 <a href=\"https:\/\/www.delphigenetics.com\/\" target=\"_blank\" rel=\"noopener\">Delphi Genetics<\/a>, \u00e0 Gosselies, s\u2019est port\u00e9e volontaire pour d\u00e9velopper un m\u00e9dicament anti-viral : elle pourrait ainsi faire partie du consortium international mis sur pied \u00e0 cette fin.<\/p>\n<p><a href=\"https:\/\/www.univercells.com\/\" target=\"_blank\" rel=\"noopener\">Univercells<\/a>, bas\u00e9e \u00e9galement dans le Biopark Charleroi Brussels South, d\u00e9veloppe ses recherches pour la production de vaccins sur un nouveau site \u00e0 Jumet, notamment pour lutter contre le coronavirus.<\/p>\n<aside class=\"useful-links\">\n    <ul class=\"useful-links__list\">\n                    <li class=\"useful-links__item\">\n                <a href=\"https:\/\/charleroi-metropole.be\/fr\/decouvrir\/charleroi-univercells-biopark\/\">\n                    <figure class=\"useful-links__fig\">\n                                                    <img decoding=\"async\" src=\"https:\/\/charleroi-metropole.be\/wp-content\/uploads\/2018\/11\/12_univercells_.00_01_36_11.still019-500x0-c-default.jpg\" alt=\"Comment une biotech de chez nous r\u00e9ussit \u00e0 d\u00e9mocratiser les soins de sant\u00e9\" class=\"useful-links__img\">\n                                            <\/figure>\n\n                    <span class=\"useful-links__title\">Comment une biotech de chez nous r\u00e9ussit \u00e0 d\u00e9mocratiser les soins de sant\u00e9<\/span>\n                <\/a>\n            <\/li>\n            <\/ul>\n<\/aside>\n\n<figure id=\"attachment_5681\" aria-describedby=\"caption-attachment-5681\" style=\"width: 1600px\" class=\"wp-caption alignnone\"><img loading=\"lazy\" decoding=\"async\" class=\"size-large wp-image-5681\" src=\"https:\/\/charleroi-metropole.be\/app\/uploads\/webp\/12_univercells_.00_00_45_19.still011-1600x900.webp\" alt=\"Essai dans un laboratoire\" width=\"1600\" height=\"900\" \/><figcaption id=\"caption-attachment-5681\" class=\"wp-caption-text\">Univercells d\u00e9veloppe les recherches sur les vaccins, dont celui pour le coronavirus.<\/figcaption><\/figure>\n<h2>Des citoyens soutiennent les commerces et l\u2019Horeca<\/h2>\n<p>Trois jeunes Carolos, Alessandro Pongoli, Alo\u00efs Souris et Lo\u00efc Gallot ont lanc\u00e9 un concours afin d\u2019offrir \u00e0 3 commer\u00e7ants de la m\u00e9tropole un site d\u2019e-commerce. Via leur entreprise <a href=\"https:\/\/www.ikody.be\/index.php\" target=\"_blank\" rel=\"noopener\">Ikody<\/a>, ils cr\u00e9ent un outil de vente en ligne de A \u00e0 Z.<\/p>\n<p>Plusieurs d\u00e9veloppeurs ont cr\u00e9\u00e9 <a href=\"https:\/\/www.facebook.com\/CaroloResto\/\" target=\"_blank\" rel=\"noopener\">Carolo Resto<\/a>, une application pour commander des plats aupr\u00e8s de restaurateurs carolos. Diff\u00e9rents \u00e9tablissements sont inscrits comme la <a href=\"https:\/\/www.lam-u.com\/c\/\" target=\"_blank\" rel=\"noopener\">Manufacture Urbaine<\/a>, le <a href=\"https:\/\/www.munchysbarrestaurant.be\/\" target=\"_blank\" rel=\"noopener\">Munchy\u2019s Bar<\/a>, l\u2019<a href=\"https:\/\/www.facebook.com\/OsteriaRomanaCharleroi\/\" target=\"_blank\" rel=\"noopener\">Osteria Romana<\/a>, <a href=\"https:\/\/shapeandgo.be\/fr\" target=\"_blank\" rel=\"noopener\">Shape\u2019n\u2019go<\/a>. Malheureusement, cette initiative bien pens\u00e9e n&rsquo;a pas pu aboutir.<\/p>\n<aside class=\"useful-links\">\n    <ul class=\"useful-links__list\">\n                    <li class=\"useful-links__item\">\n                <a href=\"https:\/\/charleroi-metropole.be\/fr\/decouvrir\/charleroi-la-manu\/\">\n                    <figure class=\"useful-links__fig\">\n                                                    <img decoding=\"async\" src=\"https:\/\/charleroi-metropole.be\/wp-content\/uploads\/2018\/11\/01_lamu_.00_00_36_28.still009-500x0-c-default.jpg\" alt=\"Qu\u2019il fait bon d\u2019\u00eatre micro-producteur en ville\" class=\"useful-links__img\">\n                                            <\/figure>\n\n                    <span class=\"useful-links__title\">Qu\u2019il fait bon d\u2019\u00eatre micro-producteur en ville<\/span>\n                <\/a>\n            <\/li>\n            <\/ul>\n<\/aside>\n\n<h2>Un num\u00e9ro pour soutenir les entrepreneurs<\/h2>\n<p><a href=\"https:\/\/www.charleroi-entreprendre.be\/\" target=\"_blank\" rel=\"noopener\">Charleroi Entreprendre<\/a> a mis \u00e0 disposition de tous les entrepreneurs\u00a0 de la M\u00e9tropole un num\u00e9ro d&rsquo;aide (1890 ou 0493 51 16 47). Ce partenaire apporte du soutien dans les d\u00e9marches administratives,financi\u00e8res et pour toutes autres questions.<\/p>\n<h2>D&rsquo;autres initiatives \u00e0 d\u00e9couvrir pr\u00e8s de chez vous<\/h2>\n<p>Malgr\u00e9 le confinement, il est possible, chacun \u00e0 son niveau, d\u2019aider \u00e0 lutter contre le coronavirus et de venir en aide \u00e0 ceux qui en ont besoin. N\u2019h\u00e9sitez pas \u00e0 contacter votre commune ou \u00e0 vous renseigner, notamment sur les r\u00e9seaux sociaux, pour conna\u00eetre les nombreuses initiatives qui voient le jour.<\/p>\n<aside class=\"useful-links\">\n    <ul class=\"useful-links__list\">\n                    <li class=\"useful-links__item\">\n                <a href=\"https:\/\/charleroi-metropole.be\/fr\/decouvrir\/lieux-culturels\/\">\n                    <figure class=\"useful-links__fig\">\n                                                    <img decoding=\"async\" src=\"https:\/\/charleroi-metropole.be\/wp-content\/uploads\/2020\/05\/charleroi-metropole-culture-danse-500x0-c-default.jpg\" alt=\"Ces lieux culturels qui se r\u00e9inventent en temps de crise\" class=\"useful-links__img\">\n                                            <\/figure>\n\n                    <span class=\"useful-links__title\">Ces lieux culturels qui se r\u00e9inventent en temps de crise<\/span>\n                <\/a>\n            <\/li>\n                    <li class=\"useful-links__item\">\n                <a href=\"https:\/\/charleroi-metropole.be\/fr\/decouvrir\/producteurs-locaux\/\">\n                    <figure class=\"useful-links__fig\">\n                                                    <img decoding=\"async\" src=\"https:\/\/charleroi-metropole.be\/wp-content\/uploads\/2020\/04\/04_denisdal.00_00_25_19.still004-500x0-c-default.jpg\" alt=\"Ces producteurs locaux se d\u00e9m\u00e8nent malgr\u00e9 la crise\" class=\"useful-links__img\">\n                                            <\/figure>\n\n                    <span class=\"useful-links__title\">Ces producteurs locaux se d\u00e9m\u00e8nent malgr\u00e9 la crise<\/span>\n                <\/a>\n            <\/li>\n            <\/ul>\n<\/aside>\n\n","protected":false},"excerpt":{"rendered":"<p>Face au coronavirus, de nombreux habitants de Charleroi M\u00e9tropole ont d\u00e9cid\u00e9 d\u2019agir, chacun \u00e0 leur niveau. D\u00e9couvrez quelques initiatives solidaires. Cette liste est \u00e9videmment loin d\u2019\u00eatre exhaustive. N\u2019h\u00e9sitez pas \u00e0 nous raconter comment, \u00e0 votre niveau, vous agissez en ces temps chamboul\u00e9s sur l\u2019adresse info@charleroimetropole.be. Des repas offerts aux h\u00f4pitaux Six entreprises, dont Ono Studio [&hellip;]<\/p>\n","protected":false},"author":27,"featured_media":5677,"comment_status":"closed","ping_status":"closed","sticky":false,"template":"","format":"standard","meta":{"footnotes":""},"categories":[19],"tags":[45,49,22,40,50,53,42,29],"class_list":["post-5674","post","type-post","status-publish","format-standard","has-post-thumbnail","hentry","category-dynamisme-economique","tag-artisan","tag-inedit","tag-local","tag-produits-locaux","tag-sante","tag-sciences","tag-startup","tag-technologie"],"_links":{"self":[{"href":"https:\/\/charleroi-metropole.be\/fr\/wp-json\/wp\/v2\/posts\/5674"}],"collection":[{"href":"https:\/\/charleroi-metropole.be\/fr\/wp-json\/wp\/v2\/posts"}],"about":[{"href":"https:\/\/charleroi-metropole.be\/fr\/wp-json\/wp\/v2\/types\/post"}],"author":[{"embeddable":true,"href":"https:\/\/charleroi-metropole.be\/fr\/wp-json\/wp\/v2\/users\/27"}],"replies":[{"embeddable":true,"href":"https:\/\/charleroi-metropole.be\/fr\/wp-json\/wp\/v2\/comments?post=5674"}],"version-history":[{"count":4,"href":"https:\/\/charleroi-metropole.be\/fr\/wp-json\/wp\/v2\/posts\/5674\/revisions"}],"predecessor-version":[{"id":16301,"href":"https:\/\/charleroi-metropole.be\/fr\/wp-json\/wp\/v2\/posts\/5674\/revisions\/16301"}],"wp:featuredmedia":[{"embeddable":true,"href":"https:\/\/charleroi-metropole.be\/fr\/wp-json\/wp\/v2\/media\/5677"}],"wp:attachment":[{"href":"https:\/\/charleroi-metropole.be\/fr\/wp-json\/wp\/v2\/media?parent=5674"}],"wp:term":[{"taxonomy":"category","embeddable":true,"href":"https:\/\/charleroi-metropole.be\/fr\/wp-json\/wp\/v2\/categories?post=5674"},{"taxonomy":"post_tag","embeddable":true,"href":"https:\/\/charleroi-metropole.be\/fr\/wp-json\/wp\/v2\/tags?post=5674"}],"curies":[{"name":"wp","href":"https:\/\/api.w.org\/{rel}","templated":true}]}}