{"id":5597,"date":"2020-06-15T12:05:21","date_gmt":"2020-06-15T10:05:21","guid":{"rendered":"https:\/\/www.charleroi-metropole.be\/?p=5597"},"modified":"2024-04-26T10:05:25","modified_gmt":"2024-04-26T08:05:25","slug":"chateau","status":"publish","type":"post","link":"https:\/\/charleroi-metropole.be\/fr\/decouvrir\/chateau\/","title":{"rendered":"Vivez la vie de ch\u00e2teau avec ces 10 activit\u00e9s"},"content":{"rendered":"<blockquote><p>Ces anciennes forteresses vous offrent un cadre enchanteur, parfait pour vous \u00e9vader loin du quotidien. Et si vous changiez d\u2019\u00e9poque le temps d\u2019une apr\u00e8s-midi?<\/p><\/blockquote>\n<p>Voici 10 activit\u00e9s pour renouer avec votre \u00e2me d\u2019enfant.<\/p>\n<h2>Jouez au Ch\u00e2teau de Chimay<\/h2>\n<p>Le <a href=\"https:\/\/chateaudechimay.be\/\" target=\"_blank\" rel=\"noopener\">Ch\u00e2teau de Chimay<\/a> date de la fin du 9\u00e8me si\u00e8cle. Des fouilles arch\u00e9ologiques ont en effet r\u00e9v\u00e9l\u00e9 la construction d\u2019une \u00e9glise aux alentours de 887. Le ch\u00e2teau est b\u00e2ti sur un \u00e9peron rocheux qui\u00a0 surplombe la rivi\u00e8re l\u2019Eau Blanche. La r\u00e9gion de Chimay, r\u00e9put\u00e9e pour son sol fertile, ses for\u00eats et son r\u00e9seau routier, constitue un endroit strat\u00e9gique pour cet \u00e9difice.<\/p>\n<p>Visitez le ch\u00e2teau avec la tablette interactive et r\u00e9solvez toutes les \u00e9nigmes de cette impressionnante demeure. Poussez la porte du corps de logis : du mobilier d\u2019\u00e9poque, des tableaux et des objets anciens vous plongent dans l\u2019ambiance. Plusieurs armures de chevaliers impressionnent les enfants (et les adultes, d\u2019ailleurs).<\/p>\n<p>Le Petit Th\u00e9\u00e2tre reste notre coup de c\u0153ur. Il repr\u00e9sente une r\u00e9plique miniature du th\u00e9\u00e2tre de Louis XV au ch\u00e2teau de Fontainebleau, avec les si\u00e8ges en velours rouge, l\u2019\u00e9pais rideau, les balcons\u2026 200 personnes peuvent y prendre place. La chapelle, \u00e0 droite du b\u00e2timent principal, est particuli\u00e8rement bien conserv\u00e9e. Elle s\u00e9duit beaucoup les visiteurs par sa luxueuse sobri\u00e9t\u00e9.<\/p>\n<figure id=\"attachment_7309\" aria-describedby=\"caption-attachment-7309\" style=\"width: 1600px\" class=\"wp-caption alignnone\"><img loading=\"lazy\" decoding=\"async\" class=\"wp-image-7309 size-large\" src=\"https:\/\/charleroi-metropole.be\/app\/uploads\/webp\/charleroi-metropole-chateau-visite-jeu-1600x1067.webp\" alt=\"\" width=\"1600\" height=\"1067\" \/><figcaption id=\"caption-attachment-7309\" class=\"wp-caption-text\">D\u00e9couvrez le Ch\u00e2teau de Chimay \u00e0 travers un jeu sur tablette.<\/figcaption><\/figure>\n<aside class=\"useful-links\">\n    <ul class=\"useful-links__list\">\n                    <li class=\"useful-links__item\">\n                <a href=\"https:\/\/charleroi-metropole.be\/fr\/decouvrir\/chimay-biere-fromage\/\">\n                    <figure class=\"useful-links__fig\">\n                                                    <img decoding=\"async\" src=\"https:\/\/charleroi-metropole.be\/wp-content\/uploads\/2018\/11\/02_chimay.00_00_23_06.still003-500x0-c-default.jpg\" alt=\"Une journ\u00e9e \u00e0 l\u2019Abbaye de Chimay, une entreprise pas comme les autres\" class=\"useful-links__img\">\n                                            <\/figure>\n\n                    <span class=\"useful-links__title\">Une journ\u00e9e \u00e0 l\u2019Abbaye de Chimay, une entreprise pas comme les autres<\/span>\n                <\/a>\n            <\/li>\n                    <li class=\"useful-links__item\">\n                <a href=\"https:\/\/charleroi-metropole.be\/fr\/decouvrir\/foret-de-chimay\/\">\n                    <figure class=\"useful-links__fig\">\n                                                    <img decoding=\"async\" src=\"https:\/\/charleroi-metropole.be\/wp-content\/uploads\/2018\/11\/17_massif-forestier.00_00_19_24.still004-500x0-c-default.jpg\" alt=\"Un massif forestier digne des Ardennes juste \u00e0 c\u00f4t\u00e9 de chez nous\" class=\"useful-links__img\">\n                                            <\/figure>\n\n                    <span class=\"useful-links__title\">Un massif forestier digne des Ardennes juste \u00e0 c\u00f4t\u00e9 de chez nous<\/span>\n                <\/a>\n            <\/li>\n            <\/ul>\n<\/aside>\n\n<h2>Mariez-vous au Ch\u00e2teau de Monceau<\/h2>\n<p>Le <a href=\"http:\/\/www.chateaudemonceau.be\/\" target=\"_blank\" rel=\"noopener\">Ch\u00e2teau de Monceau<\/a> date de l\u2019\u00e9poque f\u00e9odale. Il occupe \u00e0 l\u2019\u00e9poque une place politique importante dans la r\u00e9gion. Au fil des ans, il r\u00e9sistera aux nombreuses attaques qu\u2019il ne manquera pas de subir. Aussi, les familles nobles qui l\u2019occuperont successivement feront \u00e9voluer son architecture. Louis XIV y s\u00e9journe en 1665, \u00e0 l\u2019\u00e9poque o\u00f9 il fortifie Charleroi lors de sa campagne militaire contre la Couronne d\u2019Angleterre. En 1936, le ch\u00e2teau est rachet\u00e9 par la commune. Cette derni\u00e8re le restaure compl\u00e8tement \u00e0 la fin des ann\u00e9es 1990.<\/p>\n<p>Ce b\u00e2timent historique peut aujourd&rsquo;hui \u00eatre lou\u00e9 pour l\u2019organisation d\u2019activit\u00e9s et d\u2019\u00e9v\u00e9nements. De nombreux couples choisissent ce lieu embl\u00e9matique pour c\u00e9l\u00e9brer leurs noces. Le parc communal qui l\u2019entoure accueille de nombreuses festivit\u00e9s, de la f\u00eate de la musique \u00e0 la Pasquetta, une f\u00eate culturelle et familiale organis\u00e9e le lundi de P\u00e2ques.<\/p>\n<figure id=\"attachment_7308\" aria-describedby=\"caption-attachment-7308\" style=\"width: 1600px\" class=\"wp-caption alignnone\"><img loading=\"lazy\" decoding=\"async\" class=\"wp-image-7308 size-large\" src=\"https:\/\/charleroi-metropole.be\/app\/uploads\/webp\/charleroi-metropole-mariage-chateau-1600x1067.webp\" alt=\"\" width=\"1600\" height=\"1067\" \/><figcaption id=\"caption-attachment-7308\" class=\"wp-caption-text\">De jolies photos de mariage dans le jardin du Ch\u00e2teau de Monceau.<\/figcaption><\/figure>\n<h2>D\u00e9gustez un buffet m\u00e9di\u00e9val au ch\u00e2teau de Thy-le-Ch\u00e2teau<\/h2>\n<p>Cette <a href=\"https:\/\/www.walcourt.be\/fr\/decouvrir-walcourt\/historiques-des-villages\/item\/387-le-village-de-thy-le-chateau\" target=\"_blank\" rel=\"noopener\">forteresse<\/a> du 12\u00e8me si\u00e8cle a connu de nombreuses transformations : de ch\u00e2teau fort, elle est devenue brasserie au 19\u00e8me si\u00e8cle avant de profiter d\u2019une grande restauration au 20\u00e8me si\u00e8cle.<\/p>\n<p>Cette petite citadelle est actuellement inoccup\u00e9e. Elle est par contre disponible \u00e0 la location pour divers \u00e9v\u00e9nements. Sa cour int\u00e9rieure, ses salles orn\u00e9es de tapisseries, ses chemin\u00e9es d\u2019\u00e9poque plongent les visiteurs dans l\u2019\u00e9poque f\u00e9odale.<\/p>\n<p>Cet impressionnant \u00e9difice accueille aujourd\u2019hui des tribunes pour la diffusion de grands matchs de foot. Il est possible d\u2019organiser un buffet m\u00e9di\u00e9val avec un traiteur dans l\u2019enceinte du ch\u00e2teau.<\/p>\n<h2>Vivez le folklore des marches au ch\u00e2teau Pirmez \u00e0 Acoz<\/h2>\n<p>Ce <a href=\"http:\/\/walloniebelgiquetourisme.be\/fr-be\/content\/chateau-dacoz\" target=\"_blank\" rel=\"noopener\">ch\u00e2teau<\/a>, situ\u00e9 dans la vall\u00e9e de la Biesme dans la commune de Gerpinnes, date de la fin du 16\u00e8me si\u00e8cle. \u00c0 cette \u00e9poque, sa forme est celle d\u2019un quadrilat\u00e8re fortifi\u00e9. Au cours du temps, son architecture \u00e9volue. Il subsiste \u00e0 ce jour une tour isol\u00e9e au nord-ouest du site et deux ailes \u00e0 l\u2019est et au sud. Le domaine compte plus de 8 hectares de terrain (jardins, \u00e9tangs, pr\u00e9s, bois\u2026) et 800 m\u00e8tres carr\u00e9s de b\u00e2timents, compos\u00e9s de 49 pi\u00e8ces.<\/p>\n<p>Ce ch\u00e2teau a appartenu autrefois \u00e0 la famille de notre Reine, Mathilde d\u2019Udekem d\u2019Acoz..<\/p>\n<p>Chaque ann\u00e9e, les marches folkloriques de la Saint-Roch et de la Sainte-Rolende passent par ce ch\u00e2teau. Passez donc le porche de ce beau domaine au son des fifres et des tambours!<\/p>\n<h2>F\u00eatez votre anniversaire au Ch\u00e2teau de Trazegnies<\/h2>\n<p>Le <a href=\"http:\/\/www.chateaudetrazegnies.be\/index.php\" target=\"_blank\" rel=\"noopener\">Ch\u00e2teau fort de Trazegnies<\/a>, dans l\u2019entit\u00e9 de Courcelles, a accueilli d\u2019illustres familles d\u2019Europe. Nombreux sont les seigneurs de Trazegnies qui ont crois\u00e9 le fer lors des croisades. Le castel, d\u00e9truit au 16\u00e8me si\u00e8cle, a \u00e9t\u00e9 restaur\u00e9 au fil des ans.<\/p>\n<p>Visitez ce b\u00e2timent et d\u00e9couvrez la cave gothique et romane, le sol en parquet, les chemin\u00e9es des grandes salles du ch\u00e2teau et la chapelle Saint-Laurent.<\/p>\n<p>Vous pouvez \u00e9galement le louer pour des \u00e9v\u00e9nements et s\u00e9minaires. Alors, pourquoi ne pas y f\u00eater votre anniversaire?<\/p>\n<figure id=\"attachment_7307\" aria-describedby=\"caption-attachment-7307\" style=\"width: 1600px\" class=\"wp-caption alignnone\"><img loading=\"lazy\" decoding=\"async\" class=\"wp-image-7307 size-large\" src=\"https:\/\/charleroi-metropole.be\/app\/uploads\/webp\/charleroi-metropole-chateau-anniversaire-fete-evenement-1600x1041.webp\" alt=\"\" width=\"1600\" height=\"1041\" \/><figcaption id=\"caption-attachment-7307\" class=\"wp-caption-text\">F\u00eatez votre anniversaire au ch\u00e2teau de Trazegnies<\/figcaption><\/figure>\n<h2>Explorez les douves moyen\u00e2geuses du Ch\u00e2teau de Solre-Sur-Sambre<\/h2>\n<p>Le <a href=\"http:\/\/chateaudesolresursambre.hautetfort.com\/\" target=\"_blank\" rel=\"noopener\">Ch\u00e2teau fort de Solre-Sur-Sambre<\/a>, dans l\u2019entit\u00e9 d\u2019Erquelinnes, est l\u2019un des derniers t\u00e9moins de l\u2019\u00e9poque moyen\u00e2geuse de la r\u00e9gion. Les premiers t\u00e9moignages de son existence remontent \u00e0 1093, avec le Seigneur de Barben\u00e7on. Ce bijou m\u00e9di\u00e9val se trouve au c\u0153ur du village.<\/p>\n<p>Si le ch\u00e2teau fort, propri\u00e9t\u00e9 priv\u00e9e, ne visite pas, son parc ext\u00e9rieur est libre d\u2019acc\u00e8s. Tel un explorateur, empruntez le sentier le long des douves et observez le pont en pierre \u00e0 deux arches, les m\u00e2chicoulis, les tours&#8230; Ces \u00e9l\u00e9ments d\u2019architecture permettent d\u2019imaginer les vies qui se sont \u00e9coul\u00e9es en ces lieux, entre chevaliers et gentes dames, carrosses et vie de ch\u00e2teau.<\/p>\n<aside class=\"useful-links\">\n    <ul class=\"useful-links__list\">\n                    <li class=\"useful-links__item\">\n                <a href=\"https:\/\/charleroi-metropole.be\/fr\/decouvrir\/randonnees\/\">\n                    <figure class=\"useful-links__fig\">\n                                                    <img decoding=\"async\" src=\"https:\/\/charleroi-metropole.be\/wp-content\/uploads\/2020\/07\/charleroi-metropole-trekking-balade-foret-500x0-c-default.jpg\" alt=\"Au d\u00e9tour des sentiers, des paysages atypiques et \u00e9tonnants\" class=\"useful-links__img\">\n                                            <\/figure>\n\n                    <span class=\"useful-links__title\">Au d\u00e9tour des sentiers, des paysages atypiques et \u00e9tonnants<\/span>\n                <\/a>\n            <\/li>\n            <\/ul>\n<\/aside>\n\n<h2>Organisez des conf\u00e9rences au Ch\u00e2teau de Feluy<\/h2>\n<p>Le <a href=\"http:\/\/www.chateaudefeluy.be\/\" target=\"_blank\" rel=\"noopener\">Ch\u00e2teau fort de Feluy<\/a> date du 14\u00e8me si\u00e8cle. Il subit des transformations au cours des si\u00e8cles pour en arriver \u00e0 son allure actuelle : une vaste demeure qui allie styles gothique, m\u00e9di\u00e9val et classique de fa\u00e7on harmonieuse. En acc\u00e9dant au domaine par le donjon, vous d\u00e9couvrez un parc joliment am\u00e9nag\u00e9. Vous pourrez vous balader sur les terrasses, le long du plan d\u2019eau.<\/p>\n<p>Cet \u00e9difice dispose de 3 salles d\u00e9cor\u00e9es avec style. Il convient parfaitement pour l\u2019organisation d\u2019\u00e9v\u00e9nements priv\u00e9s comme professionnels, notamment pour des s\u00e9minaires ou conf\u00e9rences.<\/p>\n<figure id=\"attachment_7310\" aria-describedby=\"caption-attachment-7310\" style=\"width: 1600px\" class=\"wp-caption alignnone\"><img loading=\"lazy\" decoding=\"async\" class=\"size-large wp-image-7310\" src=\"https:\/\/charleroi-metropole.be\/app\/uploads\/webp\/charleroi-metropole-conference-chateau-accueil-salle-seminaire-1600x1067.webp\" alt=\"\" width=\"1600\" height=\"1067\" \/><figcaption id=\"caption-attachment-7310\" class=\"wp-caption-text\">D\u00e9couvrez les salles de s\u00e9minaire dans un cadre historique.<\/figcaption><\/figure>\n<h2>Partez \u00e0 la chasse au tr\u00e9sor au Ch\u00e2teau Bivort \u00e0 Fontaine-l\u2019\u00c9v\u00eaque<\/h2>\n<p>Le <a href=\"http:\/\/www.fontaine-leveque.be\/communication\/la-ville\/galeries-photos\/le-chateau-bivort\/bivort-le-jour\" target=\"_blank\" rel=\"noopener\">Ch\u00e2teau Bivort<\/a>, actuel h\u00f4tel de ville, date du 13\u00e8me si\u00e8cle. Il a \u00e9t\u00e9 enti\u00e8rement reconstruit au 16\u00e8me si\u00e8cle. Entrez par l\u2019impressionnant portail et d\u00e9couvrez la chapelle gothique, un petit bijou d\u2019architecture.<\/p>\n<p>Lors des portes ouvertes, amusez-vous \u00e0 d\u00e9couvrir tous les secrets du ch\u00e2teau. Trouvez la carte cach\u00e9e sur le plafond d\u2019une des salles \u00e0 l\u2019\u00e9tage, les m\u00e9daillons le long des escaliers Louis XV, les armoiries de Leernes grav\u00e9es dans d\u2019anciennes chemin\u00e9es&#8230;<\/p>\n<h2>Roulez \u00e0 v\u00e9lo au Ch\u00e2teau de Seneffe<\/h2>\n<p>Ce <a href=\"https:\/\/chateaudeseneffe.be\/fr\" target=\"_blank\" rel=\"noopener\">magnifique domaine<\/a> date du 18\u00e8me si\u00e8cle. Il se compose d\u2019une belle demeure de 3 \u00e9tages, d\u2019un th\u00e9\u00e2tre, d\u2019une orangerie, d\u2019une voli\u00e8re et d\u2019un parc am\u00e9nag\u00e9. Le ch\u00e2teau au style n\u00e9oclassique accueille aujourd\u2019hui une collection d&rsquo;orf\u00e8vrerie et des expositions temporaires.<\/p>\n<p>Louez un v\u00e9lo et d\u00e9couvrez ce vaste parc. Vous pourrez y admirer le jardin \u00e0 l\u2019anglaise de 22 hectares, celui \u00e0 la fran\u00e7aise, l\u2019\u00e9tang ou encore l&rsquo;\u00eele romantique.<\/p>\n<figure id=\"attachment_7311\" aria-describedby=\"caption-attachment-7311\" style=\"width: 1600px\" class=\"wp-caption alignnone\"><img loading=\"lazy\" decoding=\"async\" class=\"wp-image-7311 size-large\" src=\"https:\/\/charleroi-metropole.be\/app\/uploads\/webp\/charleroi-metropole-chateau-visite-velo-1600x1067.webp\" alt=\"\" width=\"1600\" height=\"1067\" \/><figcaption id=\"caption-attachment-7311\" class=\"wp-caption-text\">Le parc du Ch\u00e2teau de Seneffe se d\u00e9couvre \u00e0 pied ou \u00e0 v\u00e9lo.<\/figcaption><\/figure>\n<aside class=\"useful-links\">\n    <ul class=\"useful-links__list\">\n                    <li class=\"useful-links__item\">\n                <a href=\"https:\/\/charleroi-metropole.be\/fr\/decouvrir\/velo\/\">\n                    <figure class=\"useful-links__fig\">\n                                                    <img decoding=\"async\" src=\"https:\/\/charleroi-metropole.be\/wp-content\/uploads\/2020\/08\/charleroi-metropole-velo-randonnee-famille-500x0-c-default.jpg\" alt=\"(Re)d\u00e9couvrir la M\u00e9tropole \u00e0 v\u00e9lo\" class=\"useful-links__img\">\n                                            <\/figure>\n\n                    <span class=\"useful-links__title\">(Re)d\u00e9couvrir la M\u00e9tropole \u00e0 v\u00e9lo<\/span>\n                <\/a>\n            <\/li>\n            <\/ul>\n<\/aside>\n\n<h2>Lisez au Ch\u00e2teau de Ham-sur-Heure-Nalinnes<\/h2>\n<p>Le <a href=\"https:\/\/www.ham-sur-heure-nalinnes.be\/la-commune\/le-chateau-de-ham-sur-heure-0\" target=\"_blank\" rel=\"noopener\">Ch\u00e2teau de Ham-sur-Heure-Nalinnes<\/a>, occup\u00e9 par l\u2019administration communale depuis 1952, appartenait aux Comtes de M\u00e9rode. S\u2019il n\u2019existe aucune trace de l\u2019\u00e9dification de la forteresse d\u2019origine, ni aucun indice de sa forme initiale, sa premi\u00e8re \u00e9vocation date du 13\u00e8me si\u00e8cle, \u00e0 l\u2019occasion d\u2019un mariage. Au fil des si\u00e8cles, le monument est r\u00e9am\u00e9nag\u00e9.<\/p>\n<p>Ce majestueux \u00e9difice abrite, en plus de l\u2019administration, la biblioth\u00e8que et le mus\u00e9e de la vie rurale et artisanale.<\/p>\n<p>Vous pouvez organiser des r\u00e9ceptions dans une des 10 salles mises \u00e0 votre disposition. Le jardin est libre d\u2019acc\u00e8s. De nombreux habitants aiment s\u2019y retrouver pour lire un livre ou prendre l\u2019air.<\/p>\n<p>D\u00e9gustation d\u2019un buffet m\u00e9di\u00e9val, balade dans le parc, jeu dans la chapelle gothique ou encore lieu magique pour accueillir vos invit\u00e9s\u2026 Les activit\u00e9s ne manquent pas dans les ch\u00e2teaux de la r\u00e9gion. Il ne reste plus qu\u2019\u00e0 organiser une sortie entre amis ou en famille pour prendre le temps d\u2019appr\u00e9cier ce patrimoine, \u00e0 deux pas de chez vous.<\/p>\n","protected":false},"excerpt":{"rendered":"<p>Ces anciennes forteresses vous offrent un cadre enchanteur, parfait pour vous \u00e9vader loin du quotidien. Et si vous changiez d\u2019\u00e9poque le temps d\u2019une apr\u00e8s-midi? Voici 10 activit\u00e9s pour renouer avec votre \u00e2me d\u2019enfant. Jouez au Ch\u00e2teau de Chimay Le Ch\u00e2teau de Chimay date de la fin du 9\u00e8me si\u00e8cle. Des fouilles arch\u00e9ologiques ont en effet [&hellip;]<\/p>\n","protected":false},"author":27,"featured_media":5608,"comment_status":"closed","ping_status":"closed","sticky":false,"template":"","format":"standard","meta":{"footnotes":""},"categories":[35,393],"tags":[37,20,33,27,51,26],"class_list":["post-5597","post","type-post","status-publish","format-standard","has-post-thumbnail","hentry","category-culture","category-decouverte","tag-animation","tag-enfants","tag-groupe","tag-histoire","tag-international","tag-visite"],"_links":{"self":[{"href":"https:\/\/charleroi-metropole.be\/fr\/wp-json\/wp\/v2\/posts\/5597"}],"collection":[{"href":"https:\/\/charleroi-metropole.be\/fr\/wp-json\/wp\/v2\/posts"}],"about":[{"href":"https:\/\/charleroi-metropole.be\/fr\/wp-json\/wp\/v2\/types\/post"}],"author":[{"embeddable":true,"href":"https:\/\/charleroi-metropole.be\/fr\/wp-json\/wp\/v2\/users\/27"}],"replies":[{"embeddable":true,"href":"https:\/\/charleroi-metropole.be\/fr\/wp-json\/wp\/v2\/comments?post=5597"}],"version-history":[{"count":5,"href":"https:\/\/charleroi-metropole.be\/fr\/wp-json\/wp\/v2\/posts\/5597\/revisions"}],"predecessor-version":[{"id":16285,"href":"https:\/\/charleroi-metropole.be\/fr\/wp-json\/wp\/v2\/posts\/5597\/revisions\/16285"}],"wp:featuredmedia":[{"embeddable":true,"href":"https:\/\/charleroi-metropole.be\/fr\/wp-json\/wp\/v2\/media\/5608"}],"wp:attachment":[{"href":"https:\/\/charleroi-metropole.be\/fr\/wp-json\/wp\/v2\/media?parent=5597"}],"wp:term":[{"taxonomy":"category","embeddable":true,"href":"https:\/\/charleroi-metropole.be\/fr\/wp-json\/wp\/v2\/categories?post=5597"},{"taxonomy":"post_tag","embeddable":true,"href":"https:\/\/charleroi-metropole.be\/fr\/wp-json\/wp\/v2\/tags?post=5597"}],"curies":[{"name":"wp","href":"https:\/\/api.w.org\/{rel}","templated":true}]}}