{"id":4925,"date":"2019-10-30T15:17:58","date_gmt":"2019-10-30T13:17:58","guid":{"rendered":"https:\/\/www.charleroi-metropole.be\/?p=4925"},"modified":"2024-04-26T10:05:54","modified_gmt":"2024-04-26T08:05:54","slug":"laerodrome-vert-ou-il-fait-bon-voler","status":"publish","type":"post","link":"https:\/\/charleroi-metropole.be\/fr\/decouvrir\/laerodrome-vert-ou-il-fait-bon-voler\/","title":{"rendered":"L\u2019a\u00e9rodrome vert o\u00f9 il fait bon voler"},"content":{"rendered":"<h1>A\u00e9rodrome, Cerfontaine<\/h1>\n<blockquote><p>L\u2019<a href=\"https:\/\/www.cerfontaine-aerodrome.com\/\" target=\"_blank\" rel=\"noopener\">A\u00e9rodrome de Cerfontaine<\/a> fait peau neuve. Avec, \u00e0 sa t\u00eate, une nouvelle direction, il tend vers plus d\u2019\u00e9cologie dans l\u2019aviation.<\/p><\/blockquote>\n<p><em>\u201cTout est r\u00e9fl\u00e9chi pour r\u00e9duire l\u2019empreinte carbone. On va installer des panneaux photovolta\u00efques, des bornes de rechargement \u00e9lectrique, une pompe \u00e0 carburant plus propre\u2026 On se tourne vraiment vers la technologie pour r\u00e9duire la pollution\u201d<\/em>, explique St\u00e9phane Bertozzi, Manager de l\u2019A\u00e9rodrome de Cerfontaine. Depuis plusieurs mois, l\u2019a\u00e9rodrome est en pleine transition. De nombreux projets ont \u00e9t\u00e9 lanc\u00e9s pour limiter la pollution du site.<\/p>\n<h2>Une d\u00e9marche \u00e9cologique d\u00e9j\u00e0 en place<\/h2>\n<p>\u00c0 c\u00f4t\u00e9 de ces projets d\u2019avenir, l\u2019\u00e9quipe de l\u2019a\u00e9rodrome entretient le lieu de mani\u00e8re \u00e0 faire cohabiter au mieux activit\u00e9s a\u00e9ronautiques et nature. Premi\u00e8re sp\u00e9cificit\u00e9 : pas de bitume mais de l\u2019herbe pour les 2 pistes, longues de pr\u00e8s de 800 m\u00e8tres. \u201c<em>On entretient les pistes en respectant les normes biologiques. On souhaite, dans un avenir proche, \u00eatre \u00e0 z\u00e9ro pesticide. On est actuellement en train de tester diff\u00e9rentes m\u00e9thodes<\/em>\u201d, pr\u00e9cise-t-il.<\/p>\n<figure id=\"attachment_4926\" aria-describedby=\"caption-attachment-4926\" style=\"width: 1600px\" class=\"wp-caption alignnone\"><img loading=\"lazy\" decoding=\"async\" class=\"wp-image-4926 size-large\" src=\"https:\/\/charleroi-metropole.be\/app\/uploads\/webp\/29_aerodromedecerfontaine_.00_00_47_06.still009-1600x900.webp\" alt=\"\" width=\"1600\" height=\"900\" \/><figcaption id=\"caption-attachment-4926\" class=\"wp-caption-text\">L&rsquo;a\u00e9rodrome s&rsquo;int\u00e8gre au mieux dans le paysage. Les pistes, par exemple, sont v\u00e9g\u00e9tales.<\/figcaption><\/figure>\n<p>Les pistes sont entour\u00e9es de prairies, de champs et de bois : deuxi\u00e8me sp\u00e9cificit\u00e9 du lieu. <em>\u201cOn pratique ce qu\u2019on appelle le \u2018fauchage tardif\u2019, afin de respecter la vie v\u00e9g\u00e9tale et animale<\/em>\u201d, indique-t-il. Un itin\u00e9raire d\u2019environ 1,5 km, surnomm\u00e9 la \u2018bio-balade\u2019, devrait voir le jour prochainement. L\u2019id\u00e9e est de proposer un parcours didactique gratuit \u00e0 destination des \u00e9coles et des familles pour expliquer toutes les d\u00e9marches du site en faveur de la biodiversit\u00e9. On y trouverait notamment des h\u00f4tels \u00e0 insectes, des ruches et des champs fleuris. Par ailleurs, tous les panneaux explicatifs le long du sentier seront en bois.<\/p>\n<blockquote><p>Un sentier didactique pr\u00e9sentera l&rsquo;approche environnementale de l&rsquo;a\u00e9rodrome<\/p><\/blockquote>\n<p>Enfin, sur les 55 hectares que compte l\u2019a\u00e9rodrome, de nombreux v\u00e9g\u00e9taux vont \u00eatre plant\u00e9s afin de diversifier la faune et la flore.<\/p>\n<aside class=\"useful-links\">\n    <ul class=\"useful-links__list\">\n                    <li class=\"useful-links__item\">\n                <a href=\"https:\/\/charleroi-metropole.be\/fr\/decouvrir\/cette-ecole-forme-les-professionnels-de-demain\/\">\n                    <figure class=\"useful-links__fig\">\n                                                    <img decoding=\"async\" src=\"https:\/\/charleroi-metropole.be\/wp-content\/uploads\/2019\/11\/imce_-0372-500x0-c-default.jpg\" alt=\"Cette \u00e9cole forme les professionnels de demain\" class=\"useful-links__img\">\n                                            <\/figure>\n\n                    <span class=\"useful-links__title\">Cette \u00e9cole forme les professionnels de demain<\/span>\n                <\/a>\n            <\/li>\n                    <li class=\"useful-links__item\">\n                <a href=\"https:\/\/charleroi-metropole.be\/fr\/decouvrir\/pont-a-celles-epicerie\/\">\n                    <figure class=\"useful-links__fig\">\n                                                    <img decoding=\"async\" src=\"https:\/\/charleroi-metropole.be\/wp-content\/uploads\/2018\/09\/le-colibri-34-500x0-c-default.jpg\" alt=\"5 questions pour comprendre le \u201cz\u00e9ro d\u00e9chet\u201d\" class=\"useful-links__img\">\n                                            <\/figure>\n\n                    <span class=\"useful-links__title\">5 questions pour comprendre le \u201cz\u00e9ro d\u00e9chet\u201d<\/span>\n                <\/a>\n            <\/li>\n                    <li class=\"useful-links__item\">\n                <a href=\"https:\/\/charleroi-metropole.be\/fr\/decouvrir\/aiseau-presles-energie\/\">\n                    <figure class=\"useful-links__fig\">\n                                                    <img decoding=\"async\" src=\"https:\/\/charleroi-metropole.be\/wp-content\/uploads\/2018\/10\/394a6512-500x0-c-default.jpg\" alt=\"Quand une commune de la M\u00e9tropole s\u2019\u00e9claire et se chauffe \u00e0 l\u2019\u00e9nergie verte\" class=\"useful-links__img\">\n                                            <\/figure>\n\n                    <span class=\"useful-links__title\">Quand une commune de la M\u00e9tropole s\u2019\u00e9claire et se chauffe \u00e0 l\u2019\u00e9nergie verte<\/span>\n                <\/a>\n            <\/li>\n            <\/ul>\n<\/aside>\n\n<h2>Une vue du ciel compos\u00e9e de bois, d\u2019eau et de champs<\/h2>\n<p><em>\u201cC\u2019est un des plus beaux spots de Belgique pour sauter en parachute\u201d,<\/em> explique un parachutiste chevronn\u00e9. <em>\u201cQuand on saute ici, on voit les barrages de l\u2019Eau d\u2019Heure, les petits villages aux alentours, les for\u00eats, les champs. Il n\u2019y a presque pas de routes.\u201d<\/em><\/p>\n<figure id=\"attachment_4927\" aria-describedby=\"caption-attachment-4927\" style=\"width: 1600px\" class=\"wp-caption alignnone\"><img loading=\"lazy\" decoding=\"async\" class=\"wp-image-4927 size-large\" src=\"https:\/\/charleroi-metropole.be\/app\/uploads\/webp\/29_aerodromedecerfontaine_.00_00_33_11.still005-1600x900.webp\" alt=\"\" width=\"1600\" height=\"900\" \/><figcaption id=\"caption-attachment-4927\" class=\"wp-caption-text\">La vue a\u00e9rienne des Lacs de l&rsquo;Eau d&rsquo;Heure est impressionnante<\/figcaption><\/figure>\n<p>De fait, cet a\u00e9rodrome conna\u00eet beaucoup de succ\u00e8s aupr\u00e8s des parachutistes, principalement pour la vue a\u00e9rienne tr\u00e8s vari\u00e9e. Chaque ann\u00e9e, de la mi-juin \u00e0 la mi-septembre, on compte plus de 12.000 sauts. On retrouve des parachutistes habitu\u00e9s et ceux qui sautent en tandem, pour leur bapt\u00eame de l\u2019air ou pour passer leur brevet.<\/p>\n<blockquote><p>Le public appr\u00e9cie le spot a\u00e9rien pour son paysage tr\u00e8s vert<\/p><\/blockquote>\n<p>Le public de parachutistes est diversifi\u00e9. Ceux qui se lancent pour le grand saut ont entre 7 et 97 ans, les 25-50 ans \u00e9tant les plus repr\u00e9sent\u00e9s.<em> \u201cOn accueille pas mal de groupes pour des br\u00fblages de culotte et demandes en mariage, par exemple\u201d<\/em>, pr\u00e9cise St\u00e9phane Bertozzi.<\/p>\n<h2>De nombreuses activit\u00e9s pour s\u2019\u00e9clater dans les airs<\/h2>\n<p>Si le parachutisme a beaucoup de succ\u00e8s, ce n\u2019est pas le seul sport qui s\u00e9duit \u00e0 Cerfontaine. De nombreuses activit\u00e9s de loisirs sont \u00e0 d\u00e9couvrir sur le site. On peut voler en h\u00e9licopt\u00e8re, en ULM, en montgolfi\u00e8re ou m\u00eame en planeur. <em>\u201cDepuis peu, un club de planeurs s\u2019est install\u00e9 sur le site. Il propose des initiations au vol \u00e0 voile et des cours de pilotage\u201d<\/em>, explique-t-il.<\/p>\n<figure id=\"attachment_4928\" aria-describedby=\"caption-attachment-4928\" style=\"width: 1600px\" class=\"wp-caption alignnone\"><img loading=\"lazy\" decoding=\"async\" class=\"wp-image-4928 size-large\" src=\"https:\/\/charleroi-metropole.be\/app\/uploads\/webp\/29_aerodromedecerfontaine_.00_00_38_16.still006-1600x900.webp\" alt=\"\" width=\"1600\" height=\"900\" \/><figcaption id=\"caption-attachment-4928\" class=\"wp-caption-text\">Le parachutisme ou la montgolfi\u00e8re sont pris\u00e9s par les groupes, par exemple pour un br\u00fblage de culotte<\/figcaption><\/figure>\n<p>En dehors des activit\u00e9s dans les airs, il est \u00e9galement possible d\u2019organiser des \u00e9v\u00e9nements priv\u00e9s aux alentours des pistes. <em>\u201cLe Raid de la Vall\u00e9e l&rsquo;Eau d&rsquo;Heure a \u00e9t\u00e9 organis\u00e9 ici, par exemple. Les cavaliers et leurs chevaux ont parcouru toute la r\u00e9gion en d\u00e9marrant des prairies de l&rsquo;a\u00e9rodrome\u201d.<\/em><\/p>\n<p>Et pour ceux qui pr\u00e9f\u00e8rent garder les pieds sur terre, un club house permet de profiter de la vue aux abords des pistes.<\/p>\n<aside class=\"useful-links\">\n    <ul class=\"useful-links__list\">\n                    <li class=\"useful-links__item\">\n                <a href=\"https:\/\/charleroi-metropole.be\/fr\/decouvrir\/sports-extremes\/\">\n                    <figure class=\"useful-links__fig\">\n                                                    <img decoding=\"async\" src=\"https:\/\/charleroi-metropole.be\/wp-content\/uploads\/2020\/10\/charleroi-metropole-parc-aventure-500x0-c-default.jpg\" alt=\"Ces sports extr\u00eames (accessibles) qui font grimper l\u2019adr\u00e9naline\" class=\"useful-links__img\">\n                                            <\/figure>\n\n                    <span class=\"useful-links__title\">Ces sports extr\u00eames (accessibles) qui font grimper l\u2019adr\u00e9naline<\/span>\n                <\/a>\n            <\/li>\n            <\/ul>\n<\/aside>\n\n<p><strong>Contact:<\/strong><br \/>\nA\u00e9rodrome de Cerfontaine<br \/>\n50, Route des Lacs<br \/>\n5630 Cerfontaine<br \/>\ninfo@cerfontaine-aerodrome.com<br \/>\n+32(0) 71 200 412<br \/>\n<a href=\"http:\/\/www.cerfontaine-aerodrome.com\" target=\"_blank\" rel=\"noopener\">www.cerfontaine-aerodrome.com<\/a><\/p>\n<p>\u00a9Vid\u00e9o\/Reed et J\u00e9rome Gobin<\/p>\n","protected":false},"excerpt":{"rendered":"<p>A\u00e9rodrome, Cerfontaine L\u2019A\u00e9rodrome de Cerfontaine fait peau neuve. Avec, \u00e0 sa t\u00eate, une nouvelle direction, il tend vers plus d\u2019\u00e9cologie dans l\u2019aviation. \u201cTout est r\u00e9fl\u00e9chi pour r\u00e9duire l\u2019empreinte carbone. On va installer des panneaux photovolta\u00efques, des bornes de rechargement \u00e9lectrique, une pompe \u00e0 carburant plus propre\u2026 On se tourne vraiment vers la technologie pour r\u00e9duire [&hellip;]<\/p>\n","protected":false},"author":27,"featured_media":4930,"comment_status":"closed","ping_status":"closed","sticky":false,"template":"","format":"standard","meta":{"footnotes":""},"categories":[393,19],"tags":[37,38,30,55,43,31,32,64],"class_list":["post-4925","post","type-post","status-publish","format-standard","has-post-thumbnail","hentry","category-decouverte","category-dynamisme-economique","tag-animation","tag-bio","tag-ecologie","tag-energie","tag-nature","tag-restaurant","tag-sport","tag-transport"],"_links":{"self":[{"href":"https:\/\/charleroi-metropole.be\/fr\/wp-json\/wp\/v2\/posts\/4925"}],"collection":[{"href":"https:\/\/charleroi-metropole.be\/fr\/wp-json\/wp\/v2\/posts"}],"about":[{"href":"https:\/\/charleroi-metropole.be\/fr\/wp-json\/wp\/v2\/types\/post"}],"author":[{"embeddable":true,"href":"https:\/\/charleroi-metropole.be\/fr\/wp-json\/wp\/v2\/users\/27"}],"replies":[{"embeddable":true,"href":"https:\/\/charleroi-metropole.be\/fr\/wp-json\/wp\/v2\/comments?post=4925"}],"version-history":[{"count":3,"href":"https:\/\/charleroi-metropole.be\/fr\/wp-json\/wp\/v2\/posts\/4925\/revisions"}],"predecessor-version":[{"id":16361,"href":"https:\/\/charleroi-metropole.be\/fr\/wp-json\/wp\/v2\/posts\/4925\/revisions\/16361"}],"wp:featuredmedia":[{"embeddable":true,"href":"https:\/\/charleroi-metropole.be\/fr\/wp-json\/wp\/v2\/media\/4930"}],"wp:attachment":[{"href":"https:\/\/charleroi-metropole.be\/fr\/wp-json\/wp\/v2\/media?parent=4925"}],"wp:term":[{"taxonomy":"category","embeddable":true,"href":"https:\/\/charleroi-metropole.be\/fr\/wp-json\/wp\/v2\/categories?post=4925"},{"taxonomy":"post_tag","embeddable":true,"href":"https:\/\/charleroi-metropole.be\/fr\/wp-json\/wp\/v2\/tags?post=4925"}],"curies":[{"name":"wp","href":"https:\/\/api.w.org\/{rel}","templated":true}]}}