{"id":4407,"date":"2019-10-09T12:43:07","date_gmt":"2019-10-09T10:43:07","guid":{"rendered":"https:\/\/www.charleroi-metropole.be\/?p=4407"},"modified":"2024-04-26T10:05:58","modified_gmt":"2024-04-26T08:05:58","slug":"reservenaturelle","status":"publish","type":"post","link":"https:\/\/charleroi-metropole.be\/fr\/decouvrir\/reservenaturelle\/","title":{"rendered":"\u00c0 la d\u00e9couverte de la vie sauvage \u00e0 Charleroi M\u00e9tropole"},"content":{"rendered":"<h2>R\u00e9serve naturelle Natagora Haute-Sambre \u2013 Labuissi\u00e8re\u00a0\u2013 Merbes-le-Ch\u00e2teau<\/h2>\n<blockquote><p>J\u2019ai d\u00e9couvert une r\u00e9serve naturelle qui m\u2019a compl\u00e8tement abasourdie.<\/p><\/blockquote>\n<p>Le rendez-vous est fix\u00e9 \u00e0 14h \u00e0 l\u2019\u00e9cluse de Labuissi\u00e8re, dans la commune de Merbes-le-Ch\u00e2teau. Je suis accueillie par un b\u00e9n\u00e9vole. Il me conduit \u00e0\u00a0la <a href=\"https:\/\/hautesambre.natagora.be\/index.php?id=1456\" target=\"_blank\" rel=\"noopener\">R\u00e9serve naturelle Natagora de la Haute Sambre,<\/a> lui en moto, moi, le suivant en voiture. Sur son K-way, le logo de Natagora. Je me gare \u00e0 l\u2019arri\u00e8re d\u2019une maison. Un homme, v\u00eatu d\u2019une veste vert-kaki sans manches, sort d\u2019un aff\u00fbt.<\/p>\n<figure id=\"attachment_4892\" aria-describedby=\"caption-attachment-4892\" style=\"width: 1600px\" class=\"wp-caption alignnone\"><img loading=\"lazy\" decoding=\"async\" class=\"wp-image-4892 size-large\" src=\"https:\/\/charleroi-metropole.be\/app\/uploads\/webp\/reserve-naturelle-la-buissiere-27-1600x900.webp\" alt=\"\" width=\"1600\" height=\"900\" \/><figcaption id=\"caption-attachment-4892\" class=\"wp-caption-text\">La r\u00e9serve naturelle se visite \u00e0 pied. C&rsquo;est un rep\u00e8re id\u00e9al pour les photographes amateurs de nature.<\/figcaption><\/figure>\n<p>&nbsp;<\/p>\n<p><em>\u00ab\u00a0J\u2019ai vu un coucou. Je l\u2019attends depuis 6 heures du matin. Je l\u2019ai entendu, et puis il est pass\u00e9 au-dessus de ma t\u00eate, mais je n\u2019ai pas eu le temps de le photographier. Coup de bol : il est repass\u00e9 et j\u2019ai pu l\u2019avoir. Regardez \u00e7a \u00bb<\/em>, raconte Pierre Moiset, \u00e9galement b\u00e9n\u00e9vole, en montrant l&rsquo;\u00e9cran de son appareil photo. Passionn\u00e9 d\u2019oiseaux et de photo, il trouve son bonheur au c\u0153ur de cet endroit sauvage.<\/p>\n<p>Ici, j\u2019apprends que sur 75 hectares, \u00e9tal\u00e9s de mani\u00e8re parcellaire entre les communes de Labuissi\u00e8re, Merbes-le-Ch\u00e2teau et Solre-sur-Sambre, plus de 50 esp\u00e8ces d\u2019oiseaux sp\u00e9cifiques cohabitent. Ils appr\u00e9cient les bois, les prairies humides et les mar\u00e9cages. Ce b\u00e9n\u00e9vole insiste : ils ne sont visibles qu\u2019ici.<\/p>\n<blockquote><p>On compte plus de 75 nids de cormorans et de h\u00e9rons<\/p><\/blockquote>\n<p><em>\u00ab\u00a0Cormorans et h\u00e9rons construisent leurs nids. On en compte plus de 75. \u00c7a fait de la r\u00e9serve un des plus grands dortoirs animaliers de Belgique. Il y a \u00e9galement 9 esp\u00e8ces de batraciens, plus de 10 de poissons et une vingtaine d&rsquo;esp\u00e8ces de libellules.\u00bb<\/em><\/p>\n<p>Notre b\u00e9n\u00e9vole montre le chemin d&rsquo;o\u00f9 est sorti notre photographe amateur. Ce chemin est la seule partie de la r\u00e9serve accessible au public sans guide. Long d&rsquo;une centaine de m\u00e8tres, il est bord\u00e9 de part et d\u2019autre de quelques observatoires. On s\u2019y engouffre.<\/p>\n<figure id=\"attachment_4887\" aria-describedby=\"caption-attachment-4887\" style=\"width: 1600px\" class=\"wp-caption alignnone\"><img loading=\"lazy\" decoding=\"async\" class=\"wp-image-4887 size-large\" src=\"https:\/\/www.charleroi-metropole.be\/app\/uploads\/2019\/08\/R\u00e9serve-Naturelle-La-Buissi\u00e8re-5-1600x900.jpg\" alt=\"\" width=\"1600\" height=\"900\" \/><figcaption id=\"caption-attachment-4887\" class=\"wp-caption-text\">Un sentier, accessible au public, traverse la r\u00e9serve.<\/figcaption><\/figure>\n<h2>Pas de bruit ni de mouvement<\/h2>\n<p><em>\u00ab\u00a0Une r\u00e9serve naturelle dit bien son nom. Inutile de venir habill\u00e9 en couleurs flash ou en causant, on ne verra rien. Si on veut observer les oiseaux, les papillons, les libellules, etc. il faut \u00eatre le plus discret possible<\/em> \u00bb, pr\u00e9cise notre guide. Coup du hasard, je porte un pull bordeaux.<\/p>\n<p>Je longe les longues herbes, les arbres. Nous nous r\u00e9fugions dans un observatoire. Dans cette petite cabane en bois, j\u2019observe les mar\u00e9cages \u00e0 travers une fente dans le tissu de camouflage. Je d\u00e9couvre une zone d\u2019eau de faible profondeur o\u00f9 s\u2019\u00e9battent des oiseaux, des tortues, des grenouilles, des libellules. Tout le monde se tait. J\u2019ai l\u2019impression d\u2019\u00eatre dans la s\u00e9rie \u00ab\u00a0Notre plan\u00e8te\u00bb de Netflix.<\/p>\n<blockquote><p>Les observatoires permettent de se poser et de prendre le temps de regarder<\/p><\/blockquote>\n<p>En sortant de l\u2019observatoire, mon guide m\u2019explique la difficult\u00e9 de l\u2019attrait touristique de la r\u00e9serve. <em>\u00ab\u00c0 la fois, on veut la faire conna\u00eetre et montrer la richesse qu\u2019elle poss\u00e8de et en m\u00eame temps, on sait qu\u2019il ne faut pas trop d\u00e9ranger les animaux si on veut conserver cette richesse\u00bb<\/em>. Je l\u2019interroge donc sur ce qu\u2019il faudrait mettre en place pour qu&rsquo;humains et animaux cohabitent. \u00ab<em>On limite les visites et la composition des groupes. En fonction de l\u2019int\u00e9r\u00eat de chacun, il est possible de s\u2019investir personnellement dans la r\u00e9serve. On propose par exemple \u00e0 des photographes d\u2019entretenir la r\u00e9serve en \u00e9change de l\u2019acc\u00e8s au lieu. Couper des arbres, nettoyer des zones, monter des cl\u00f4tures, etc. il y a de quoi faire.<\/em>\u00bb<\/p>\n<figure id=\"attachment_4889\" aria-describedby=\"caption-attachment-4889\" style=\"width: 1600px\" class=\"wp-caption alignnone\"><img loading=\"lazy\" decoding=\"async\" class=\"wp-image-4889 size-large\" src=\"https:\/\/charleroi-metropole.be\/app\/uploads\/webp\/reserve-naturelle-la-buissiere-22-1600x900.webp\" alt=\"\" width=\"1600\" height=\"900\" \/><figcaption id=\"caption-attachment-4889\" class=\"wp-caption-text\">L&rsquo;observation des oiseaux et des mammif\u00e8res se fait depuis une petite cabane en bois camoufl\u00e9e.<\/figcaption><\/figure>\n<p>Ceux qui ont la chance de visiter la r\u00e9serve la d\u00e9couvrent en trois heures, \u00e0 travers le regard de passionn\u00e9s de tout bord. <em>\u00ab\u00a0Certains guides sont sp\u00e9cialis\u00e9s dans le domaine des oiseaux ; d\u2019autres, dans celui des plantes sauvages comestibles ; d\u2019autres encore, dans ceux des libellules ou de la macro \u00bb<\/em>, raconte-t-il. De fait, sur le chemin, il s\u2019arr\u00eate souvent, lui-m\u00eame passionn\u00e9 de nature et surtout de libellules, il me montre une plante aux vertus m\u00e9dicinales, me fait \u00e9couter un oiseau, attire mon attention sur des traces d\u2019animaux&#8230; Je l\u2019\u00e9coute attentivement.<\/p>\n<h2>Des animaux sauvages pour un entretien naturel<\/h2>\n<p>Un peu plus loin, je sens l\u2019odeur du crottin de cheval. J\u2019interroge mon guide du regard. \u00ab\u00a0<em>Plusieurs chevaux semi-sauvages entretiennent la r\u00e9serve. Ils cr\u00e9ent des passages, ils mangent certaines plantes. Ils installent un certain \u00e9quilibre. Tout comme les castors, par exemple.<\/em>\u00a0\u00bb Je n\u2019aurai pas l\u2019occasion d\u2019observer les chevaux: ils sont rest\u00e9s cach\u00e9s dans leur habitat. J&rsquo;aurai pourtant parcouru longuement la r\u00e9serve avec le guide.<\/p>\n<p>La visite s\u2019arr\u00eate ici. Contente d\u2019avoir d\u00e9couvert ce havre de paix que j\u2019ignorais totalement, j&rsquo;ai envie de rester encore sur place pour en d\u00e9couvrir davantage, seule avec moi-m\u00eame.<\/p>\n<figure id=\"attachment_4890\" aria-describedby=\"caption-attachment-4890\" style=\"width: 1600px\" class=\"wp-caption alignnone\"><img loading=\"lazy\" decoding=\"async\" class=\"wp-image-4890 size-large\" src=\"https:\/\/charleroi-metropole.be\/app\/uploads\/webp\/reserve-naturelle-la-buissiere-12-1600x900.webp\" alt=\"\" width=\"1600\" height=\"900\" \/><figcaption id=\"caption-attachment-4890\" class=\"wp-caption-text\">Cette balade nature ne laisse personne indiff\u00e9rent.<\/figcaption><\/figure>\n<p>&nbsp;<\/p>\n<p><strong>Contact\u00a0:<\/strong><br \/>\nR\u00e9serve naturelle Natagora de la Haute-Sambre<br \/>\nLabuissi\u00e8re, Merbes-le-Ch\u00e2teau et Solre-sur-Sambre,<br \/>\n+32 (0)71 58 89 78 : Jean-Marc Laurent (conservateur)<br \/>\n+32 (0)496 66 46 70 : Robert Baise (conservateur adjoint)<br \/>\n<a href=\"https:\/\/hautesambre.natagora.be\/index.php?id=1456\" target=\"_blank\" rel=\"noopener\">www.hautesambre.natagora.be<\/a><br \/>\nPage Facebook : R\u00e9gionale Natagora Haute-Sambre et Haute-Haine<\/p>\n<p>Office du tourisme de Merbes-le-Ch\u00e2teau<br \/>\n15, rue de la Place<br \/>\n6567 Merbes-le-Ch\u00e2teau<br \/>\n+32 (0)71 55 90 85<\/p>\n<p><strong>Conseil de visite :<\/strong><br \/>\nSe rendre sur le halage au niveau de l&rsquo;\u00e9cluse de Labuissi\u00e8re, emprunter le chemin du halage en direction de Merbes-le-Ch\u00e2teau et d\u00e9couvrir de part et d\u2019autre la r\u00e9serve naturelle, jusqu\u2019au pont de Merbes-le-Ch\u00e2teau (1,5 km)<br \/>\nPossibilit\u00e9 de se restaurer \u00e0 la Taverne de l&rsquo;\u00e9cluse (Labuissi\u00e8re) et \u00e0 celle de la Cliquote (Solre-sur-Sambre)<\/p>\n<p><small>\u00a9Photos\/Olivier Bourgi<\/small><\/p>\n<aside class=\"useful-links\">\n    <ul class=\"useful-links__list\">\n                    <li class=\"useful-links__item\">\n                <a href=\"https:\/\/charleroi-metropole.be\/fr\/decouvrir\/randonnees\/\">\n                    <figure class=\"useful-links__fig\">\n                                                    <img decoding=\"async\" src=\"https:\/\/charleroi-metropole.be\/wp-content\/uploads\/2020\/07\/charleroi-metropole-trekking-balade-foret-500x0-c-default.jpg\" alt=\"Au d\u00e9tour des sentiers, des paysages atypiques et \u00e9tonnants\" class=\"useful-links__img\">\n                                            <\/figure>\n\n                    <span class=\"useful-links__title\">Au d\u00e9tour des sentiers, des paysages atypiques et \u00e9tonnants<\/span>\n                <\/a>\n            <\/li>\n                    <li class=\"useful-links__item\">\n                <a href=\"https:\/\/charleroi-metropole.be\/fr\/decouvrir\/couvin-grottes-de-neptune\/\">\n                    <figure class=\"useful-links__fig\">\n                                                    <img decoding=\"async\" src=\"https:\/\/charleroi-metropole.be\/wp-content\/uploads\/2018\/10\/img_4059-500x0-c-default.jpg\" alt=\"Les Grottes de Neptune cachent un lac encore inexplor\u00e9\" class=\"useful-links__img\">\n                                            <\/figure>\n\n                    <span class=\"useful-links__title\">Les Grottes de Neptune cachent un lac encore inexplor\u00e9<\/span>\n                <\/a>\n            <\/li>\n                    <li class=\"useful-links__item\">\n                <a href=\"https:\/\/charleroi-metropole.be\/fr\/decouvrir\/exploration-urbaine-de-charleroi\/\">\n                    <figure class=\"useful-links__fig\">\n                                                    <img decoding=\"async\" src=\"https:\/\/charleroi-metropole.be\/wp-content\/uploads\/2018\/11\/09_safari.00_00_56_00.still009-500x0-c-default.jpg\" alt=\"De l\u2019exploration urbaine de Charleroi\" class=\"useful-links__img\">\n                                            <\/figure>\n\n                    <span class=\"useful-links__title\">De l\u2019exploration urbaine de Charleroi<\/span>\n                <\/a>\n            <\/li>\n                    <li class=\"useful-links__item\">\n                <a href=\"https:\/\/charleroi-metropole.be\/fr\/decouvrir\/foret-de-chimay\/\">\n                    <figure class=\"useful-links__fig\">\n                                                    <img decoding=\"async\" src=\"https:\/\/charleroi-metropole.be\/wp-content\/uploads\/2018\/11\/17_massif-forestier.00_00_19_24.still004-500x0-c-default.jpg\" alt=\"Un massif forestier digne des Ardennes juste \u00e0 c\u00f4t\u00e9 de chez nous\" class=\"useful-links__img\">\n                                            <\/figure>\n\n                    <span class=\"useful-links__title\">Un massif forestier digne des Ardennes juste \u00e0 c\u00f4t\u00e9 de chez nous<\/span>\n                <\/a>\n            <\/li>\n            <\/ul>\n<\/aside>\n\n","protected":false},"excerpt":{"rendered":"<p>R\u00e9serve naturelle Natagora Haute-Sambre \u2013 Labuissi\u00e8re\u00a0\u2013 Merbes-le-Ch\u00e2teau J\u2019ai d\u00e9couvert une r\u00e9serve naturelle qui m\u2019a compl\u00e8tement abasourdie. Le rendez-vous est fix\u00e9 \u00e0 14h \u00e0 l\u2019\u00e9cluse de Labuissi\u00e8re, dans la commune de Merbes-le-Ch\u00e2teau. Je suis accueillie par un b\u00e9n\u00e9vole. Il me conduit \u00e0\u00a0la R\u00e9serve naturelle Natagora de la Haute Sambre, lui en moto, moi, le suivant en [&hellip;]<\/p>\n","protected":false},"author":27,"featured_media":4440,"comment_status":"closed","ping_status":"closed","sticky":false,"template":"","format":"standard","meta":{"footnotes":""},"categories":[393],"tags":[23,30,20,33,22,43,53,59],"class_list":["post-4407","post","type-post","status-publish","format-standard","has-post-thumbnail","hentry","category-decouverte","tag-durable","tag-ecologie","tag-enfants","tag-groupe","tag-local","tag-nature","tag-sciences","tag-unique"],"_links":{"self":[{"href":"https:\/\/charleroi-metropole.be\/fr\/wp-json\/wp\/v2\/posts\/4407"}],"collection":[{"href":"https:\/\/charleroi-metropole.be\/fr\/wp-json\/wp\/v2\/posts"}],"about":[{"href":"https:\/\/charleroi-metropole.be\/fr\/wp-json\/wp\/v2\/types\/post"}],"author":[{"embeddable":true,"href":"https:\/\/charleroi-metropole.be\/fr\/wp-json\/wp\/v2\/users\/27"}],"replies":[{"embeddable":true,"href":"https:\/\/charleroi-metropole.be\/fr\/wp-json\/wp\/v2\/comments?post=4407"}],"version-history":[{"count":3,"href":"https:\/\/charleroi-metropole.be\/fr\/wp-json\/wp\/v2\/posts\/4407\/revisions"}],"predecessor-version":[{"id":16371,"href":"https:\/\/charleroi-metropole.be\/fr\/wp-json\/wp\/v2\/posts\/4407\/revisions\/16371"}],"wp:featuredmedia":[{"embeddable":true,"href":"https:\/\/charleroi-metropole.be\/fr\/wp-json\/wp\/v2\/media\/4440"}],"wp:attachment":[{"href":"https:\/\/charleroi-metropole.be\/fr\/wp-json\/wp\/v2\/media?parent=4407"}],"wp:term":[{"taxonomy":"category","embeddable":true,"href":"https:\/\/charleroi-metropole.be\/fr\/wp-json\/wp\/v2\/categories?post=4407"},{"taxonomy":"post_tag","embeddable":true,"href":"https:\/\/charleroi-metropole.be\/fr\/wp-json\/wp\/v2\/tags?post=4407"}],"curies":[{"name":"wp","href":"https:\/\/api.w.org\/{rel}","templated":true}]}}