{"id":18899,"date":"2025-09-08T14:49:40","date_gmt":"2025-09-08T12:49:40","guid":{"rendered":"https:\/\/charleroi-metropole.be\/?p=18899"},"modified":"2025-09-08T14:49:41","modified_gmt":"2025-09-08T12:49:41","slug":"ces-13-et-14-septembre-redecouvrez-le-patrimoine-de-charleroi-metropole","status":"publish","type":"post","link":"https:\/\/charleroi-metropole.be\/fr\/decouvrir\/ces-13-et-14-septembre-redecouvrez-le-patrimoine-de-charleroi-metropole\/","title":{"rendered":"Ces 13 et 14 septembre, (re)d\u00e9couvrez le patrimoine de Charleroi M\u00e9tropole !"},"content":{"rendered":"\n<p><\/p>\n\n\n\n<p>Chaque ann\u00e9e, les Journ\u00e9es du Patrimoine proposent, le 2<sup>e<\/sup>\u00a0week-end de septembre,<strong>\u00a0<\/strong>de d\u00e9couvrir gratuitement le patrimoine wallon.\u00a0Riche de son pass\u00e9, le territoire de Charleroi M\u00e9tropole regorge de tr\u00e9sors : ces journ\u00e9es sont donc l\u2019occasion de (re)d\u00e9couvrir ses joyaux !<\/p>\n\n\n\n<h3 class=\"wp-block-heading\">Un \u00e9dition all\u00e9chante<\/h3>\n\n\n\n<div class=\"wp-block-media-text has-media-on-the-right is-stacked-on-mobile\" style=\"grid-template-columns:auto 26%\"><div class=\"wp-block-media-text__content\">\n<p>Cette ann\u00e9e, la gourmandise est \u00e0 l&rsquo;honneur ! Des animations et visites vous feront voir le patrimoine local sous cet angle nourricier. <\/p>\n<\/div><figure class=\"wp-block-media-text__media\"><img loading=\"lazy\" decoding=\"async\" width=\"300\" height=\"300\" src=\"https:\/\/charleroi-metropole.be\/wp-content\/uploads\/2025\/09\/JDP2025_Instagram_1080x1080-300x300-1.jpg\" alt=\"\" class=\"wp-image-18901 size-full\"\/><\/figure><\/div>\n\n\n\n<p><\/p>\n\n\n\n<p>De plus, les Journ\u00e9es du Patrimoine vous proposent, en partenariat avec l&rsquo;Apaq-W, des <strong>animations culinaires<\/strong> avec d\u00e9gustations d\u2019amuse-bouche \u00e0 base de produits locaux pr\u00e9par\u00e9s par des chefs de la r\u00e9gion. \u00c0 Charleroi M\u00e9tropole, rendez-vous :<\/p>\n\n\n\n<ul class=\"wp-block-list\">\n<li>le 13\/09 de 12h \u00e0 14h \u00e0 la Distillerie de Bierc\u00e9e pour des d\u00e9gustations pr\u00e9par\u00e9es par J\u00e9r\u00e9my Loewer, chef de la Grange des l\u00e9gendes<\/li>\n\n\n\n<li>le 14\/09 de 12h \u00e0 14h au\u00a0ch\u00e2teau-ferme de Treignes\u00a0(Viroinval) o\u00f9 se tiendra la cuisine \u00e9ph\u00e9m\u00e8re du chef Patrick Wouters du Daillyti, install\u00e9 \u00e0 Dailly.<\/li>\n<\/ul>\n\n\n\n<h3 class=\"wp-block-heading\">Chez nous&#8230; <\/h3>\n\n\n\n<p>Voici les sites de Charleroi M\u00e9tropole qui ouvriront leurs portes au public :<\/p>\n\n\n\n<p><\/p>\n\n\n\n<figure class=\"wp-block-table\"><table class=\"has-fixed-layout\"><thead><tr><th>Commune<\/th><th>Intitul\u00e9 de la visite<\/th><th>Animations propos\u00e9es<\/th><th>Lien pour plus d&rsquo;infos<\/th><\/tr><\/thead><tbody><tr><td>Aiseau-Presles<\/td><td>Focus sur l&rsquo;histoire d&rsquo;Oignies, du proto-b\u00e9guinage au prieur\u00e9<\/td><td>Visites, conf\u00e9rence, petite restauration<\/td><td><a href=\"https:\/\/public.journeesdupatrimoine.be\/?activityid=4963\" target=\"_blank\" rel=\"noreferrer noopener\">Infos<\/a> <\/td><\/tr><tr><td>Beaumont<\/td><td>Les gourmandises au pays de Barben\u00e7on<\/td><td>Visites guid\u00e9es, animations, march\u00e9 du terroir<\/td><td><a href=\"https:\/\/public.journeesdupatrimoine.be\/?activityid=4690\" target=\"_blank\" rel=\"noreferrer noopener\">Infos<\/a> <\/td><\/tr><tr><td>Charleroi<\/td><td>Le mus\u00e9e des Beaux-Arts<\/td><td>Visites guid\u00e9es, animations pour enfants<\/td><td><a href=\"https:\/\/public.journeesdupatrimoine.be\/?activityid=4900\" target=\"_blank\" rel=\"noreferrer noopener\">Infos<\/a> <\/td><\/tr><tr><td>Charleroi<\/td><td>La Maison dor\u00e9e<\/td><td>Visites guid\u00e9es, animation<\/td><td><a href=\"https:\/\/public.journeesdupatrimoine.be\/?activityid=4660\" target=\"_blank\" rel=\"noreferrer noopener\">Infos <\/a><\/td><\/tr><tr><td>Charleroi<\/td><td>Circuit &#8211; Quand le patrimoine se d\u00e9guste<\/td><td>Circuits guid\u00e9s et d\u00e9gustation<\/td><td><a href=\"https:\/\/public.journeesdupatrimoine.be\/?activityid=4631\" target=\"_blank\" rel=\"noreferrer noopener\">Infos<\/a> <\/td><\/tr><tr><td>Charleroi (Lodelinsart)<\/td><td>Le verre, contenant et contenu du patrimoine gourmand<\/td><td>Circuits guid\u00e9s<\/td><td><a href=\"https:\/\/public.journeesdupatrimoine.be\/?activityid=4544\" target=\"_blank\" rel=\"noreferrer noopener\">Infos<\/a> <\/td><\/tr><tr><td>Charleroi (Marcinelle)<\/td><td>Le mus\u00e9e du verre<\/td><td>Visites guid\u00e9es, d\u00e9gustations, animations pour enfants<\/td><td><a href=\"https:\/\/public.journeesdupatrimoine.be\/?activityid=4901\" target=\"_blank\" rel=\"noreferrer noopener\">Infos <\/a><\/td><\/tr><tr><td>Charleroi (Marcinelle)<\/td><td>\u00c0 la d\u00e9couverte des briquettes des mineurs<\/td><td>Visites et animations<\/td><td><a href=\"https:\/\/public.journeesdupatrimoine.be\/?activityid=4769\" target=\"_blank\" rel=\"noreferrer noopener\">Infos<\/a> <\/td><\/tr><tr><td>Charleroi (Marcinelle)<\/td><td>Du paysage b\u00e2ti au v\u00e9g\u00e9tal, d\u00e9couverte de la Cit\u00e9 de l&rsquo;Enfance<\/td><td>Visites guid\u00e9es, expo, animations pour enfants<\/td><td><a href=\"https:\/\/public.journeesdupatrimoine.be\/?activityid=4725\" target=\"_blank\" rel=\"noreferrer noopener\">Infos<\/a> <\/td><\/tr><tr><td>Charleroi (Monceau-sur-Sambre)<\/td><td>Le ch\u00e2teau de Monceau et son histoire gourmande<\/td><td>Visites guid\u00e9es<\/td><td><a href=\"https:\/\/public.journeesdupatrimoine.be\/?activityid=4633\" target=\"_blank\" rel=\"noreferrer noopener\">Infos<\/a> <\/td><\/tr><tr><td>Courcelles<\/td><td>La Posterie, patrimoine \u00e0 croquer<\/td><td>Visites guid\u00e9es, animations, ateliers pour enfants, petite restauration<\/td><td><a href=\"https:\/\/public.journeesdupatrimoine.be\/?activityid=4907\" target=\"_blank\" rel=\"noreferrer noopener\">Infos<\/a> <\/td><\/tr><tr><td>Courcelles (Trazegnies)<\/td><td>Se nourrir sur les terres de Trazegnies &#8211; Ch\u00e2teau de Trazegnies<\/td><td>Visites guid\u00e9es, animations pour enfants, petite restauration<\/td><td><a href=\"https:\/\/public.journeesdupatrimoine.be\/?activityid=4952\" target=\"_blank\" rel=\"noreferrer noopener\">Infos<\/a> <\/td><\/tr><tr><td>Couvin (Pesche)<\/td><td>Circuit &#8211; \u00c0 la d\u00e9couverte des estaminets d&rsquo;autrefois<\/td><td>Circuits guid\u00e9s et d\u00e9gustation<\/td><td><a href=\"https:\/\/public.journeesdupatrimoine.be\/?activityid=4965\" target=\"_blank\" rel=\"noreferrer noopener\">Infos<\/a> <\/td><\/tr><tr><td>Erquelinnes<\/td><td>La ferme du ch\u00e2teau d&rsquo;Erquelinnes<\/td><td>Circuit libre avec roadbook, animation, petite restauration <\/td><td><a href=\"https:\/\/public.journeesdupatrimoine.be\/?activityid=4913\" target=\"_blank\" rel=\"noreferrer noopener\">Infos<\/a> <\/td><\/tr><tr><td>Erquelinnes (Solre-sur-Sambre)<\/td><td>\u00c9glise et gourmandise<\/td><td>Visite, expo, animation pour enfants, petite restauration<\/td><td><a href=\"https:\/\/public.journeesdupatrimoine.be\/?activityid=5275\" target=\"_blank\" rel=\"noreferrer noopener\">Infos<\/a> <\/td><\/tr><tr><td>Fleurus<\/td><td>Un week-end au ch\u00e2teau &#8211; Ch\u00e2teau de la Paix<\/td><td>Visites guid\u00e9es, spectacle, petite restauration<\/td><td><a href=\"https:\/\/public.journeesdupatrimoine.be\/?activityid=4779\" target=\"_blank\" rel=\"noreferrer noopener\">Infos<\/a> <\/td><\/tr><tr><td>Fontaine l&rsquo;Ev\u00eaque<\/td><td>Le patrimoine gourmand au ch\u00e2teau Bivort<\/td><td>Visites, petite restauration<\/td><td><a href=\"https:\/\/public.journeesdupatrimoine.be\/?activityid=5059\" target=\"_blank\" rel=\"noreferrer noopener\">Infos<\/a> <\/td><\/tr><tr><td>Froidchapelle (Vergnies)<\/td><td>Le ch\u00e2teau-ferme de Vergnies<\/td><td>Visite<\/td><td><a href=\"https:\/\/public.journeesdupatrimoine.be\/?activityid=5064\" target=\"_blank\" rel=\"noreferrer noopener\">Infos<\/a><\/td><\/tr><tr><td>Ham-sur-Heure-Nalinnes<\/td><td>Le ch\u00e2teau communal<\/td><td>Visites guid\u00e9es, expo, concert, artisans, animations pour enfants, petite restauration<\/td><td><a href=\"https:\/\/public.journeesdupatrimoine.be\/?activityid=5062\" target=\"_blank\" rel=\"noreferrer noopener\">Infos<\/a> <\/td><\/tr><tr><td>Gerpinnes<\/td><td>Circuit &#8211; Gourmandises et patrimoine au Pays des Marches<\/td><td>Circuits guid\u00e9s, petite restauration<\/td><td><a href=\"https:\/\/public.journeesdupatrimoine.be\/?activityid=4473\" target=\"_blank\" rel=\"noreferrer noopener\">Infos<\/a> <\/td><\/tr><tr><td>Les Bons Villers (Mellet)<\/td><td>Le donjon de Mellet<\/td><td>Visites guid\u00e9es, petite restauration<\/td><td><a href=\"https:\/\/public.journeesdupatrimoine.be\/?activityid=4505\" target=\"_blank\" rel=\"noreferrer noopener\">Infos<\/a> <\/td><\/tr><tr><td>Les Bons Villers (Villers-Perwin)<\/td><td>Circuit &#8211; Balade g\u00e9om\u00e9trique culinaire<\/td><td>Circuits guid\u00e9s, petite restauration<\/td><td><a href=\"https:\/\/public.journeesdupatrimoine.be\/?activityid=4508\" target=\"_blank\" rel=\"noreferrer noopener\">Infos<\/a> <\/td><\/tr><tr><td>Sambreville (Auvelais)<\/td><td>Les anciennes brasseries de Sambreville<\/td><td>Exposition<\/td><td><a href=\"https:\/\/public.journeesdupatrimoine.be\/?activityid=4740\" target=\"_blank\" rel=\"noreferrer noopener\">Infos<\/a> <\/td><\/tr><tr><td>Sambreville (Velaine-sur-Sambre)<\/td><td>Le moulin des Golettes \u00e0 travers les \u00e2ges<\/td><td>Exposition<\/td><td><a href=\"https:\/\/public.journeesdupatrimoine.be\/?activityid=4990\" target=\"_blank\" rel=\"noreferrer noopener\">Infos<\/a> <\/td><\/tr><tr><td>Seneffe<\/td><td>Banquets et d\u00e9lices : secrets de la table du 18\u00e8me si\u00e8cle &#8211; Ch\u00e2teau de Seneffe<\/td><td>Visites guid\u00e9es, petite restauration<\/td><td><a href=\"https:\/\/public.journeesdupatrimoine.be\/?activityid=4679\" target=\"_blank\" rel=\"noreferrer noopener\">Infos <\/a><\/td><\/tr><tr><td>Sivry-Rance (Rance)<\/td><td>Les d\u00e9lices des Saints Couronn\u00e9s<\/td><td>Visites guid\u00e9es et d\u00e9gustation<\/td><td><a href=\"https:\/\/public.journeesdupatrimoine.be\/?activityid=4498\" target=\"_blank\" rel=\"noreferrer noopener\">Infos<\/a> <\/td><\/tr><tr><td>Thuin<\/td><td>Circuit &#8211; Thuin, cit\u00e9 m\u00e9di\u00e9vale et saveurs du terroir : une escapade authentique<\/td><td>Circuits guid\u00e9s et d\u00e9gustation<\/td><td><a href=\"https:\/\/public.journeesdupatrimoine.be\/?activityid=4738\" target=\"_blank\" rel=\"noreferrer noopener\">Infos<\/a> <\/td><\/tr><tr><td>Thuin<\/td><td>Le vignoble thudinien<\/td><td>Visite, petite restauration<\/td><td><a href=\"https:\/\/public.journeesdupatrimoine.be\/?activityid=4893\" target=\"_blank\" rel=\"noreferrer noopener\">Infos<\/a> <\/td><\/tr><tr><td>Thuin (Goz\u00e9e)<\/td><td>La ferme abbatiale d&rsquo;Aulne<\/td><td>Visites, animations, f\u00eate de la St Hubert, d\u00e9gustations, petite restauration<\/td><td><a href=\"https:\/\/public.journeesdupatrimoine.be\/?activityid=4619\" target=\"_blank\" rel=\"noreferrer noopener\">Infos<\/a> <\/td><\/tr><tr><td>Thuin (Ragnies)<\/td><td>D\u00e9couverte de la distillerie de Bierc\u00e9e et ses secrets de fabrication<\/td><td>Visites guid\u00e9es, animations, table du terroir, petite restauration<\/td><td><a href=\"https:\/\/public.journeesdupatrimoine.be\/?activityid=4494\" target=\"_blank\" rel=\"noreferrer noopener\">Infos<\/a> <\/td><\/tr><tr><td>Thuin (Thuillies)<\/td><td>Balade gourmande au d\u00e9part de la chapelle d&rsquo;Ossogne<\/td><td>Visites guid\u00e9es, circuits libres et d\u00e9gustations<\/td><td><a href=\"https:\/\/public.journeesdupatrimoine.be\/?activityid=4661\" target=\"_blank\" rel=\"noreferrer noopener\">Infos <\/a><\/td><\/tr><tr><td>Viroinval (Treignes)<\/td><td>La ferme-ch\u00e2teau de Treignes<\/td><td>Visites, animations (ateliers, bal populaire, jeux de kermesse&#8230;), table du terroir, petite restauration<\/td><td><a href=\"https:\/\/public.journeesdupatrimoine.be\/?activityid=4503\" target=\"_blank\" rel=\"noreferrer noopener\">Infos<\/a> <\/td><\/tr><\/tbody><\/table><\/figure>\n\n\n\n<p><\/p>\n","protected":false},"excerpt":{"rendered":"<p>Chaque ann\u00e9e, les Journ\u00e9es du Patrimoine proposent, le 2e\u00a0week-end de septembre,\u00a0de d\u00e9couvrir gratuitement le patrimoine wallon.\u00a0Riche de son pass\u00e9, le territoire de Charleroi M\u00e9tropole regorge de tr\u00e9sors : ces journ\u00e9es sont donc l\u2019occasion de (re)d\u00e9couvrir ses joyaux ! Un \u00e9dition all\u00e9chante Cette ann\u00e9e, la gourmandise est \u00e0 l&rsquo;honneur ! Des animations et visites vous feront [&hellip;]<\/p>\n","protected":false},"author":18,"featured_media":1461,"comment_status":"closed","ping_status":"closed","sticky":false,"template":"","format":"standard","meta":{"footnotes":""},"categories":[1],"tags":[],"class_list":["post-18899","post","type-post","status-publish","format-standard","has-post-thumbnail","hentry","category-autres"],"_links":{"self":[{"href":"https:\/\/charleroi-metropole.be\/fr\/wp-json\/wp\/v2\/posts\/18899"}],"collection":[{"href":"https:\/\/charleroi-metropole.be\/fr\/wp-json\/wp\/v2\/posts"}],"about":[{"href":"https:\/\/charleroi-metropole.be\/fr\/wp-json\/wp\/v2\/types\/post"}],"author":[{"embeddable":true,"href":"https:\/\/charleroi-metropole.be\/fr\/wp-json\/wp\/v2\/users\/18"}],"replies":[{"embeddable":true,"href":"https:\/\/charleroi-metropole.be\/fr\/wp-json\/wp\/v2\/comments?post=18899"}],"version-history":[{"count":4,"href":"https:\/\/charleroi-metropole.be\/fr\/wp-json\/wp\/v2\/posts\/18899\/revisions"}],"predecessor-version":[{"id":18906,"href":"https:\/\/charleroi-metropole.be\/fr\/wp-json\/wp\/v2\/posts\/18899\/revisions\/18906"}],"wp:featuredmedia":[{"embeddable":true,"href":"https:\/\/charleroi-metropole.be\/fr\/wp-json\/wp\/v2\/media\/1461"}],"wp:attachment":[{"href":"https:\/\/charleroi-metropole.be\/fr\/wp-json\/wp\/v2\/media?parent=18899"}],"wp:term":[{"taxonomy":"category","embeddable":true,"href":"https:\/\/charleroi-metropole.be\/fr\/wp-json\/wp\/v2\/categories?post=18899"},{"taxonomy":"post_tag","embeddable":true,"href":"https:\/\/charleroi-metropole.be\/fr\/wp-json\/wp\/v2\/tags?post=18899"}],"curies":[{"name":"wp","href":"https:\/\/api.w.org\/{rel}","templated":true}]}}