{"id":18731,"date":"2025-07-08T15:49:50","date_gmt":"2025-07-08T13:49:50","guid":{"rendered":"https:\/\/charleroi-metropole.be\/?p=18731"},"modified":"2025-07-15T14:31:27","modified_gmt":"2025-07-15T12:31:27","slug":"leconomie-sociale-quoi-ou-pourquoi-et-avec-qui","status":"publish","type":"post","link":"https:\/\/charleroi-metropole.be\/fr\/decouvrir\/leconomie-sociale-quoi-ou-pourquoi-et-avec-qui\/","title":{"rendered":"L&rsquo;\u00e9conomie sociale: quoi, o\u00f9, pourquoi et avec qui ?"},"content":{"rendered":"\n<p>Connaissez-vous le lien entre la gestion des donn\u00e9es clients d&rsquo;un des principaux acteurs t\u00e9l\u00e9com de Belgique, la personne qui entretient le jardin de votre tonton, le paquet de bonbons achet\u00e9 \u00e0 la caisse de votre supermarch\u00e9, la camionnette de peinture stationn\u00e9e devant votre lieu de travail, votre mutuelle, le maraicher qui vous fournit chaque semaine en fruits et l\u00e9gumes, la personne qui repasse vos chemises, cette soci\u00e9t\u00e9 dont les activit\u00e9s sont ax\u00e9es sur le r\u00e9emploi et le recyclage ou encore cette magnifique table rep\u00e9r\u00e9e chez votre amie ?<\/p>\n\n\n\n<p class=\"has-orange-color has-text-color has-link-color wp-elements-ac51f5aa34aa3e831711caed6d7d3538\"><strong>Tous ces produits, acteurs et secteurs d&rsquo;activit\u00e9s ont un lien avec l&rsquo;\u00e9conomie sociale. <\/strong><\/p>\n\n\n\n<h3 class=\"wp-block-heading\"><strong>Mais au fond, de quoi parle-t-on ? <\/strong><\/h3>\n\n\n\n<p>L\u2019\u00e9conomie sociale, ce sont des milliers d\u2019entreprises qui partagent chaque jour des valeurs (d\u00e9mocratie, coop\u00e9ration, solidarit\u00e9&#8230;) pour construire une soci\u00e9t\u00e9 plus coh\u00e9rente, harmonieuse et durable. Dans ces entreprises, l&rsquo;humain est au centre, avant le profit&#8230; <\/p>\n\n\n\n<figure class=\"wp-block-image size-full is-resized\"><img loading=\"lazy\" decoding=\"async\" width=\"1607\" height=\"710\" src=\"https:\/\/charleroi-metropole.be\/wp-content\/uploads\/2025\/07\/eco-sociale-principes-image.jpg\" alt=\"\" class=\"wp-image-18737\" style=\"width:815px;height:auto\" srcset=\"https:\/\/charleroi-metropole.be\/wp-content\/uploads\/2025\/07\/eco-sociale-principes-image.jpg 1607w, https:\/\/charleroi-metropole.be\/wp-content\/uploads\/2025\/07\/eco-sociale-principes-image-600x265.jpg 600w, https:\/\/charleroi-metropole.be\/wp-content\/uploads\/2025\/07\/eco-sociale-principes-image-1600x707.jpg 1600w, https:\/\/charleroi-metropole.be\/wp-content\/uploads\/2025\/07\/eco-sociale-principes-image-768x339.jpg 768w, https:\/\/charleroi-metropole.be\/wp-content\/uploads\/2025\/07\/eco-sociale-principes-image-1536x679.jpg 1536w\" sizes=\"(max-width: 1607px) 100vw, 1607px\" \/><\/figure>\n\n\n\n<p>L&rsquo;\u00e9conomie sociale r\u00e9pond donc \u00e0 ces 4 principes fondamentaux. Elle repr\u00e9sente, en 2023, plus de 260 000 emplois, soit <strong>14,6% de l&#8217;emploi total<\/strong> en Wallonie et en R\u00e9gion de Bruxelles-Capitale ! Entre 2018 et 2022, elle a contribu\u00e9 \u00e0 <strong>21% de la cr\u00e9ation nette d&#8217;emplois<\/strong>. Elle est pr\u00e9sente sur l&rsquo;ensemble du territoire, au sein de plus de <strong>15.300 \u00e9tablissements<\/strong> (soit 12% des \u00e9tablissements employeurs).<\/p>\n\n\n\n<h3 class=\"wp-block-heading\"><strong>Pourquoi l&rsquo;\u00e9conomie sociale fait sens ?<\/strong><\/h3>\n\n\n\n<ul class=\"wp-block-list\">\n<li>les emplois cr\u00e9\u00e9s r\u00e9pondent <strong>aux besoins des habitants<\/strong> d&rsquo;un territoire;<\/li>\n\n\n\n<li>les emplois cr\u00e9\u00e9s sont <strong>de qualit\u00e9<\/strong>, et <strong>non-d\u00e9localisables<\/strong>;<\/li>\n\n\n\n<li>l&rsquo;\u00e9conomie sociale participe au d\u00e9veloppement d&rsquo;<strong>activit\u00e9s \u00e9conomiques locales<\/strong>;<\/li>\n\n\n\n<li>l&rsquo;\u00e9conomie sociale renforce la <strong>coh\u00e9sion sociale<\/strong> et permet l&rsquo;\u00e9mergence de la <strong>participation citoyenne<\/strong>;<\/li>\n\n\n\n<li>l&rsquo;\u00e9conomie sociale est <strong>plus \u00e9galitaire<\/strong> (les diff\u00e9rences salariales entre les hauts et les bas salaires sont moindres, ainsi que les in\u00e9galit\u00e9s de genre).<\/li>\n<\/ul>\n\n\n\n<h3 class=\"wp-block-heading\">Et \u00e0 Charleroi M\u00e9tropole ? <\/h3>\n\n\n\n<p>\u00c0 l&rsquo;instar de la Wallonie, une multitude de services peuvent \u00eatre rendus \u00e0 Charleroi M\u00e9tropole par des entreprises d&rsquo;\u00e9conomie sociale ! Qu&rsquo;il s&rsquo;agisse d&rsquo;entreprises d&rsquo;insertion, d&rsquo;entreprises de travail adapt\u00e9, de services de proximit\u00e9 \u00e0 finalit\u00e9 sociale ou de centres d&rsquo;insertion socio-professionnels, tous partagent les principes fondamentaux qui r\u00e9gissent  l&rsquo;\u00e9conomie sociale. <\/p>\n\n\n\n<p>Voici quelques exemples non-exhaustifs d&rsquo;entreprises actives sur le territoire :<\/p>\n\n\n\n<h4 class=\"wp-block-heading\">Gestion des vos espaces verts <\/h4>\n\n\n\n<p>Elagage, tonte, d\u00e9sherbage, entretien, pose de cl\u00f4tures, engazonnement, am\u00e9nagements, production et vente de plantes et l\u00e9gumes \u00e0 repiquer&#8230;<\/p>\n\n\n\n<div class=\"wp-block-media-text is-stacked-on-mobile\"><figure class=\"wp-block-media-text__media\"><img loading=\"lazy\" decoding=\"async\" width=\"612\" height=\"408\" src=\"https:\/\/charleroi-metropole.be\/wp-content\/uploads\/2025\/07\/espaces-verts.jpg\" alt=\"\" class=\"wp-image-18745 size-full\" srcset=\"https:\/\/charleroi-metropole.be\/wp-content\/uploads\/2025\/07\/espaces-verts.jpg 612w, https:\/\/charleroi-metropole.be\/wp-content\/uploads\/2025\/07\/espaces-verts-600x400.jpg 600w\" sizes=\"(max-width: 612px) 100vw, 612px\" \/><\/figure><div class=\"wp-block-media-text__content\">\n<ul class=\"wp-block-list\">\n<li><a href=\"https:\/\/www.essor.be\/thudivert-services\/\" target=\"_blank\" rel=\"noreferrer noopener\">Thudi&rsquo;vert Services<\/a> (Thuin)<\/li>\n\n\n\n<li><a href=\"https:\/\/aid-soleilmont.be\/\" target=\"_blank\" rel=\"noreferrer noopener\">AID Soleilmont<\/a> (Monceau-sur-Sambre)<\/li>\n\n\n\n<li><a href=\"https:\/\/www.viroinval.be\/fr\/ma-commune\/social\/cpas\/services-aux-citoyens\/idess-jardinage-jardiviroin\" target=\"_blank\" rel=\"noreferrer noopener\">JardiVIROIN<\/a> (Viroinval)<\/li>\n\n\n\n<li><a href=\"https:\/\/www.codefasbl.be\/am%C3%A9nager-ses-espaces-verts\/\" target=\"_blank\" rel=\"noreferrer noopener\">CODEF<\/a> (Viroinval)<\/li>\n\n\n\n<li><a href=\"https:\/\/www.lecarp.be\/\" target=\"_blank\" rel=\"noreferrer noopener\">Le Carp<\/a> (Philippeville)<\/li>\n\n\n\n<li><a href=\"https:\/\/www.entra.be\/fr\" target=\"_blank\" rel=\"noreferrer noopener\">ENTRA<\/a> (Fleurus)<\/li>\n\n\n\n<li><a href=\"https:\/\/rhs.be\/\" target=\"_blank\" rel=\"noreferrer noopener\">Le Relais de la Haute-Sambre<\/a> (Lobbes)<\/li>\n\n\n\n<li><a href=\"https:\/\/lathierache.be\/la-thierache-verte\/\" target=\"_blank\" rel=\"noreferrer noopener\">La Thi\u00e9rache<\/a> (Momignies)<\/li>\n\n\n\n<li><a href=\"https:\/\/6240services.be\/brigade-verte\/\" target=\"_blank\" rel=\"noreferrer noopener\">6240 Services<\/a> (Farciennes)<\/li>\n\n\n\n<li>&#8230;<\/li>\n<\/ul>\n<\/div><\/div>\n\n\n\n<h4 class=\"wp-block-heading\">Bois et d\u00e9riv\u00e9s<\/h4>\n\n\n\n<p>Scierie, paletterie, menuiserie&#8230; <\/p>\n\n\n\n<div class=\"wp-block-media-text has-media-on-the-right is-stacked-on-mobile\"><div class=\"wp-block-media-text__content\">\n<p><\/p>\n\n\n\n<ul class=\"wp-block-list\">\n<li><a href=\"https:\/\/lathierache.be\/la-thierache-bois\/\">La Thi\u00e9rache<\/a> (Momignies)<\/li>\n\n\n\n<li><a href=\"https:\/\/www.ajregniers.be\/\" target=\"_blank\" rel=\"noreferrer noopener\">Atelier Jean Regniers<\/a> (Lobbes)<\/li>\n\n\n\n<li><a href=\"https:\/\/www.metalgroup.be\/\" target=\"_blank\" rel=\"noreferrer noopener\">MetalGroup<\/a> (Marcinelle)<\/li>\n\n\n\n<li>&#8230;<\/li>\n<\/ul>\n<\/div><figure class=\"wp-block-media-text__media\"><img loading=\"lazy\" decoding=\"async\" width=\"425\" height=\"283\" src=\"https:\/\/charleroi-metropole.be\/wp-content\/uploads\/2025\/07\/bois.png\" alt=\"\" class=\"wp-image-18757 size-full\"\/><\/figure><\/div>\n\n\n\n<h4 class=\"wp-block-heading\">Restauration<\/h4>\n\n\n\n<p>Sandwicherie, repas traiteur, repas en distributeur, repas en entreprises, restaurant, repas pour particuliers&#8230; <\/p>\n\n\n\n<div class=\"wp-block-media-text is-stacked-on-mobile\"><figure class=\"wp-block-media-text__media\"><img loading=\"lazy\" decoding=\"async\" width=\"612\" height=\"409\" src=\"https:\/\/charleroi-metropole.be\/wp-content\/uploads\/2025\/07\/repas.jpg\" alt=\"\" class=\"wp-image-18760 size-full\" srcset=\"https:\/\/charleroi-metropole.be\/wp-content\/uploads\/2025\/07\/repas.jpg 612w, https:\/\/charleroi-metropole.be\/wp-content\/uploads\/2025\/07\/repas-600x401.jpg 600w\" sizes=\"(max-width: 612px) 100vw, 612px\" \/><\/figure><div class=\"wp-block-media-text__content\">\n<p><\/p>\n\n\n\n<ul class=\"wp-block-list\">\n<li><a href=\"https:\/\/www.germoir.be\/\" target=\"_blank\" rel=\"noreferrer noopener\">Le Germoir<\/a> (Monceau-sur-Sambre)<\/li>\n\n\n\n<li><a href=\"https:\/\/lathierache.be\/la-thierache-gourmande\/\" target=\"_blank\" rel=\"noreferrer noopener\">La Thi\u00e9rache<\/a> (Momignies)<\/li>\n\n\n\n<li><a href=\"https:\/\/www.ekoservices.be\/\" target=\"_blank\" rel=\"noreferrer noopener\">EKOServices<\/a> (Charleroi et Rance)<\/li>\n\n\n\n<li><a href=\"https:\/\/rhs.be\/\" target=\"_blank\" rel=\"noreferrer noopener\">Le Relais de la Haute-Sambre<\/a> (Lobbes)<\/li>\n\n\n\n<li><a href=\"https:\/\/www.gatefour.be\/\" target=\"_blank\" rel=\"noreferrer noopener\">Atelier Cambier<\/a> (Charleroi)<\/li>\n\n\n\n<li><a href=\"https:\/\/6240services.be\/fringale\/\" target=\"_blank\" rel=\"noreferrer noopener\">6240 Services<\/a> (Farciennes)<\/li>\n\n\n\n<li>&#8230; <\/li>\n<\/ul>\n<\/div><\/div>\n\n\n\n<h4 class=\"wp-block-heading\">Nettoyage et entretien<\/h4>\n\n\n\n<p>Repassage et repassage industriel, nettoyage et nettoyage industriel, blanchisserie et blanchisserie industrielle, couture, lavage de vitres&#8230; <\/p>\n\n\n\n<div class=\"wp-block-media-text has-media-on-the-right is-stacked-on-mobile\"><div class=\"wp-block-media-text__content\">\n<p><\/p>\n\n\n\n<ul class=\"wp-block-list\">\n<li><a href=\"https:\/\/leratonlaveur.be\/\" target=\"_blank\" rel=\"noreferrer noopener\">Le Raton Laveur (Thuin)<\/a><\/li>\n\n\n\n<li><a href=\"https:\/\/festaservices.be\/\" target=\"_blank\" rel=\"noreferrer noopener\">Festa Services<\/a> (Beaumont)<\/li>\n\n\n\n<li><a href=\"https:\/\/www.metalgroup.be\/\" target=\"_blank\" rel=\"noreferrer noopener\">MetalGroup<\/a> (Marcinelle)<\/li>\n\n\n\n<li><a href=\"https:\/\/www.entra.be\/fr\" target=\"_blank\" rel=\"noreferrer noopener\">ENTRA<\/a> (Fleurus)<\/li>\n\n\n\n<li><a href=\"https:\/\/www.bothanet.be\/FR\/\" target=\"_blank\" rel=\"noreferrer noopener\">Bothanet Services<\/a> (Chimay, Rance, Beaumont)<\/li>\n\n\n\n<li><a href=\"https:\/\/www.ekoservices.be\/\" target=\"_blank\" rel=\"noreferrer noopener\">EKOServices<\/a> (Charleroi et Rance)<\/li>\n\n\n\n<li><a href=\"https:\/\/www.mdm-facilities.be\/\" target=\"_blank\" rel=\"noreferrer noopener\">MDM Facilities<\/a> (Jumet)<\/li>\n\n\n\n<li><a href=\"https:\/\/www.sinap.be\/\" target=\"_blank\" rel=\"noreferrer noopener\">Sinap Services<\/a> (Aiseau-Presles)<\/li>\n\n\n\n<li>\u2026<\/li>\n<\/ul>\n<\/div><figure class=\"wp-block-media-text__media\"><img loading=\"lazy\" decoding=\"async\" width=\"612\" height=\"408\" src=\"https:\/\/charleroi-metropole.be\/wp-content\/uploads\/2025\/07\/couture.jpg\" alt=\"\" class=\"wp-image-18769 size-full\" srcset=\"https:\/\/charleroi-metropole.be\/wp-content\/uploads\/2025\/07\/couture.jpg 612w, https:\/\/charleroi-metropole.be\/wp-content\/uploads\/2025\/07\/couture-600x400.jpg 600w\" sizes=\"(max-width: 612px) 100vw, 612px\" \/><\/figure><\/div>\n\n\n\n<h4 class=\"wp-block-heading\">Travaux de transformation, de r\u00e9novation et gros oeuvre <\/h4>\n\n\n\n<p>Peinture, dallage, pavage, isolation, d\u00e9molition, plafonnage, enduits, cloisons, carrelage, plomberie, \u00e9lectricit\u00e9, ma\u00e7onnerie, chauffage, petits travaux, gros \u0153uvre, toiture&#8230;<\/p>\n\n\n\n<p><\/p>\n\n\n\n<div class=\"wp-block-media-text is-stacked-on-mobile\"><figure class=\"wp-block-media-text__media\"><img loading=\"lazy\" decoding=\"async\" width=\"571\" height=\"321\" src=\"https:\/\/charleroi-metropole.be\/wp-content\/uploads\/2025\/07\/toiture.jpg\" alt=\"\" class=\"wp-image-18775 size-full\"\/><\/figure><div class=\"wp-block-media-text__content\">\n<ul class=\"wp-block-list\">\n<li><a href=\"https:\/\/www.essor.be\/\" target=\"_blank\" rel=\"noreferrer noopener\">L\u2019Essor<\/a> (Thuin)<\/li>\n\n\n\n<li><a href=\"https:\/\/www.metalgroup.be\/\" target=\"_blank\" rel=\"noreferrer noopener\">MetalGroup<\/a> (Marcinelle)<\/li>\n\n\n\n<li><a href=\"https:\/\/www.lecarp.be\/\" target=\"_blank\" rel=\"noreferrer noopener\">Le Carp<\/a> (Philippeville)<\/li>\n\n\n\n<li><a href=\"https:\/\/www.entra.be\/fr\" target=\"_blank\" rel=\"noreferrer noopener\">ENTRA<\/a> (Fleurus)<\/li>\n\n\n\n<li><a href=\"https:\/\/www.qcaf.be\/\" target=\"_blank\" rel=\"noreferrer noopener\">Quelque chose \u00e0 faire<\/a> (Monceau)<\/li>\n\n\n\n<li>\u2026<\/li>\n<\/ul>\n<\/div><\/div>\n\n\n\n<h4 class=\"wp-block-heading\">Production et transformation alimentaire, distribution <\/h4>\n\n\n\n<p>Mara\u00eechage, boulangerie, p\u00e2tisserie, points de vente de produits locaux, coop\u00e9ratives&#8230; <\/p>\n\n\n\n<div class=\"wp-block-media-text has-media-on-the-right is-stacked-on-mobile\"><div class=\"wp-block-media-text__content\">\n<p><\/p>\n\n\n\n<ul class=\"wp-block-list\">\n<li><a href=\"https:\/\/www.facebook.com\/LeMazPain\/?locale=fr_FR\" target=\"_blank\" rel=\"noreferrer noopener\">Boulangerie Maz&rsquo;pain<\/a> (Viroinval)<\/li>\n\n\n\n<li>Les <a href=\"https:\/\/www.communhalle.be\/selection-halle\" target=\"_blank\" rel=\"noreferrer noopener\">Commun&rsquo;Halles<\/a><\/li>\n\n\n\n<li><a href=\"https:\/\/www.carolostore.be\/\" target=\"_blank\" rel=\"noreferrer noopener\">CaroloStore<\/a><\/li>\n\n\n\n<li><a href=\"https:\/\/coopeco-supermarche.be\/\" target=\"_blank\" rel=\"noreferrer noopener\">Coopeco<\/a>, supermarch\u00e9 participatif<\/li>\n\n\n\n<li><a href=\"https:\/\/coopesem.be\/\" target=\"_blank\" rel=\"noreferrer noopener\">CoopESEM<\/a>, magasin de producteurs et points de retrait<\/li>\n\n\n\n<li><a href=\"https:\/\/www.labottepaysanne.be\/\" target=\"_blank\" rel=\"noreferrer noopener\">La Botte Paysanne<\/a>, coop\u00e9rative<\/li>\n\n\n\n<li><a href=\"https:\/\/www.facebook.com\/augreduchamp\/?locale=fr_FR\" target=\"_blank\" rel=\"noreferrer noopener\">Au gr\u00e9 du champ<\/a>, mara\u00eechage \u00e0 Donstiennes<\/li>\n\n\n\n<li><a href=\"https:\/\/biomonchoix.be\/point-vente-bio\/les-poules-de-castillon\/\" target=\"_blank\" rel=\"noreferrer noopener\">Les poules de Castillon<\/a><\/li>\n\n\n\n<li><a href=\"https:\/\/www.facebook.com\/macrobapt\/\" target=\"_blank\" rel=\"noreferrer noopener\">Macrobapt<\/a>, production de miel \u00e0 Walcourt<\/li>\n\n\n\n<li><a href=\"https:\/\/www.facebook.com\/fermerazbuzee\/?locale=fr_FR\" target=\"_blank\" rel=\"noreferrer noopener\">Ferme du Raz Buz\u00e9e<\/a>, \u00e9levage laitier et ferme p\u00e9dagogique \u00e0 Gerpinnes<\/li>\n\n\n\n<li><a href=\"https:\/\/www.pierreetlechou.be\/\" target=\"_blank\" rel=\"noreferrer noopener\">Pierre et le chou<\/a>, mara\u00eechage \u00e0 Momignies<\/li>\n\n\n\n<li><a href=\"https:\/\/couleurchocolat.be\/\" target=\"_blank\" rel=\"noreferrer noopener\">Couleur Chocolat<\/a>, chocolaterie \u00e0 Thuin<\/li>\n\n\n\n<li><a href=\"https:\/\/www.facebook.com\/jardindesdeuxrivieres\/?locale=fr_FR\" target=\"_blank\" rel=\"noreferrer noopener\">Le Jardin deux rivi\u00e8res<\/a>, mara\u00eechage \u00e0 Chimay<\/li>\n\n\n\n<li>&#8230;<\/li>\n<\/ul>\n<\/div><figure class=\"wp-block-media-text__media\"><img loading=\"lazy\" decoding=\"async\" width=\"1600\" height=\"1067\" src=\"https:\/\/charleroi-metropole.be\/wp-content\/uploads\/2020\/10\/charleroi-metropole-bruncher-amis-e1602773760581-1600x1067.jpg\" alt=\"\" class=\"wp-image-6383 size-full\" srcset=\"https:\/\/charleroi-metropole.be\/wp-content\/uploads\/2020\/10\/charleroi-metropole-bruncher-amis-e1602773760581-1600x1067.jpg 1600w, https:\/\/charleroi-metropole.be\/wp-content\/uploads\/2020\/10\/charleroi-metropole-bruncher-amis-e1602773760581-600x400.jpg 600w, https:\/\/charleroi-metropole.be\/wp-content\/uploads\/2020\/10\/charleroi-metropole-bruncher-amis-e1602773760581-768x512.jpg 768w, https:\/\/charleroi-metropole.be\/wp-content\/uploads\/2020\/10\/charleroi-metropole-bruncher-amis-e1602773760581.jpg 1920w\" sizes=\"(max-width: 1600px) 100vw, 1600px\" \/><\/figure><\/div>\n\n\n\n<h4 class=\"wp-block-heading\">Recyclage et r\u00e9emploi<\/h4>\n\n\n\n<p>D\u00e9p\u00f4t-vente (v\u00eatements, livres, mat\u00e9riel information, \u00e9lectrom\u00e9nager, meubles&#8230;), revalorisation d&rsquo;objets (mobilier, \u00e9lectrom\u00e9nager&#8230;), revente de mat\u00e9riaux de seconde main, d\u00e9construction s\u00e9lective<\/p>\n\n\n\n<p><\/p>\n\n\n\n<div class=\"wp-block-media-text is-stacked-on-mobile\"><figure class=\"wp-block-media-text__media\"><img loading=\"lazy\" decoding=\"async\" width=\"1600\" height=\"1067\" src=\"https:\/\/charleroi-metropole.be\/wp-content\/uploads\/2020\/10\/charleroi-metropole-vetements-seconde-main-1600x1067.jpg\" alt=\"\" class=\"wp-image-6459 size-full\" srcset=\"https:\/\/charleroi-metropole.be\/wp-content\/uploads\/2020\/10\/charleroi-metropole-vetements-seconde-main-1600x1067.jpg 1600w, https:\/\/charleroi-metropole.be\/wp-content\/uploads\/2020\/10\/charleroi-metropole-vetements-seconde-main-600x400.jpg 600w, https:\/\/charleroi-metropole.be\/wp-content\/uploads\/2020\/10\/charleroi-metropole-vetements-seconde-main-768x512.jpg 768w, https:\/\/charleroi-metropole.be\/wp-content\/uploads\/2020\/10\/charleroi-metropole-vetements-seconde-main.jpg 1920w\" sizes=\"(max-width: 1600px) 100vw, 1600px\" \/><\/figure><div class=\"wp-block-media-text__content\">\n<ul class=\"wp-block-list\">\n<li><a href=\"https:\/\/www.terre.be\/boutiques\/terre-factory-courcelles\/\" target=\"_blank\" rel=\"noreferrer noopener\">Terre Factory<\/a> (Courcelles)<\/li>\n\n\n\n<li><a href=\"https:\/\/oxfammagasinsdumonde.be\/\" target=\"_blank\" rel=\"noreferrer noopener\">Oxfam Magasins du monde<\/a><\/li>\n\n\n\n<li><a href=\"https:\/\/revalsambre.be\/\" target=\"_blank\" rel=\"noreferrer noopener\">La Ressourcerie du Val de Sambre<\/a><\/li>\n\n\n\n<li><a href=\"https:\/\/www.cornermat.be\/-2\" target=\"_blank\" rel=\"noreferrer noopener\">Cornemat<\/a>, mat\u00e9riaux de construction de r\u00e9emploi \u00e0 Charleroi<\/li>\n\n\n\n<li><a href=\"https:\/\/retrival.be\/\" target=\"_blank\" rel=\"noreferrer noopener\">Retrival<\/a>, services li\u00e9s \u00e0 l&rsquo;environnement \u00e0 Charleroi<\/li>\n\n\n\n<li><a href=\"https:\/\/www.cpascharleroi.be\/fr\/insertion\/pole-d-economie-sociale\/trans-form\" target=\"_blank\" rel=\"noreferrer noopener\">Trans&rsquo;form<\/a>, revalorisation de biens de seconde main \u00e0 Charleroi<\/li>\n\n\n\n<li>&#8230;<\/li>\n<\/ul>\n<\/div><\/div>\n\n\n\n<p>L&rsquo;\u00e9conomie sociale \u00e0 Charleroi M\u00e9tropole, c&rsquo;est encore&#8230; des services de d\u00e9m\u00e9nagement, taxi, de l&rsquo;usinage, des fournitures de bureau, de la sous-traitance, du call-center, des m\u00e9tiers li\u00e9es \u00e0 la chaine graphique (de la conception \u00e0 la distribution), du conditionnement&#8230; <\/p>\n\n\n\n<h3 class=\"wp-block-heading\">Vous souhaitez en savoir plus et trouver une entreprise pr\u00e8s de chez vous ? <\/h3>\n\n\n\n<p>Rendez-vous <a href=\"https:\/\/conso.economiesociale.be\/quest-ce-que-leconomie-sociale\/\" target=\"_blank\" rel=\"noreferrer noopener\">sur ce site<\/a> pour en savoir un peu plus ! Une <a href=\"https:\/\/conso.economiesociale.be\/\" target=\"_blank\" rel=\"noreferrer noopener\">carte interactive<\/a> vous permet de trouver en quelques clics les entreprises d&rsquo;\u00e9conomie sociale proches de chez vous&#8230; <\/p>\n\n\n\n<p><\/p>\n","protected":false},"excerpt":{"rendered":"<p>Connaissez-vous le lien entre la gestion des donn\u00e9es clients d&rsquo;un des principaux acteurs t\u00e9l\u00e9com de Belgique, la personne qui entretient le jardin de votre tonton, le paquet de bonbons achet\u00e9 \u00e0 la caisse de votre supermarch\u00e9, la camionnette de peinture stationn\u00e9e devant votre lieu de travail, votre mutuelle, le maraicher qui vous fournit chaque semaine [&hellip;]<\/p>\n","protected":false},"author":18,"featured_media":7980,"comment_status":"closed","ping_status":"closed","sticky":false,"template":"","format":"standard","meta":{"footnotes":""},"categories":[1,19],"tags":[],"class_list":["post-18731","post","type-post","status-publish","format-standard","has-post-thumbnail","hentry","category-autres","category-dynamisme-economique"],"_links":{"self":[{"href":"https:\/\/charleroi-metropole.be\/fr\/wp-json\/wp\/v2\/posts\/18731"}],"collection":[{"href":"https:\/\/charleroi-metropole.be\/fr\/wp-json\/wp\/v2\/posts"}],"about":[{"href":"https:\/\/charleroi-metropole.be\/fr\/wp-json\/wp\/v2\/types\/post"}],"author":[{"embeddable":true,"href":"https:\/\/charleroi-metropole.be\/fr\/wp-json\/wp\/v2\/users\/18"}],"replies":[{"embeddable":true,"href":"https:\/\/charleroi-metropole.be\/fr\/wp-json\/wp\/v2\/comments?post=18731"}],"version-history":[{"count":19,"href":"https:\/\/charleroi-metropole.be\/fr\/wp-json\/wp\/v2\/posts\/18731\/revisions"}],"predecessor-version":[{"id":18788,"href":"https:\/\/charleroi-metropole.be\/fr\/wp-json\/wp\/v2\/posts\/18731\/revisions\/18788"}],"wp:featuredmedia":[{"embeddable":true,"href":"https:\/\/charleroi-metropole.be\/fr\/wp-json\/wp\/v2\/media\/7980"}],"wp:attachment":[{"href":"https:\/\/charleroi-metropole.be\/fr\/wp-json\/wp\/v2\/media?parent=18731"}],"wp:term":[{"taxonomy":"category","embeddable":true,"href":"https:\/\/charleroi-metropole.be\/fr\/wp-json\/wp\/v2\/categories?post=18731"},{"taxonomy":"post_tag","embeddable":true,"href":"https:\/\/charleroi-metropole.be\/fr\/wp-json\/wp\/v2\/tags?post=18731"}],"curies":[{"name":"wp","href":"https:\/\/api.w.org\/{rel}","templated":true}]}}