{"id":18644,"date":"2025-05-23T15:37:03","date_gmt":"2025-05-23T13:37:03","guid":{"rendered":"https:\/\/charleroi-metropole.be\/?p=18644"},"modified":"2025-05-30T15:34:39","modified_gmt":"2025-05-30T13:34:39","slug":"les-rendez-vous-sportifs-de-charleroi-metropole","status":"publish","type":"post","link":"https:\/\/charleroi-metropole.be\/fr\/decouvrir\/les-rendez-vous-sportifs-de-charleroi-metropole\/","title":{"rendered":"Les rendez-vous sportifs de Charleroi M\u00e9tropole !"},"content":{"rendered":"\n<p style=\"font-size:19px\">Avec les beaux jours qui se succ\u00e8dent, le soleil qui brille, l\u2019\u00e9nergie d\u00e9bordante, et peut-\u00eatre la perspective des transats, des plages et du maillot de bain \u00e0 ressortir, l\u2019envie vous titille de chausser vos baskets pour relever un d\u00e9fi sportif&nbsp;?<\/p>\n\n\n\n<p style=\"font-size:19px\">Qu\u2019il s\u2019agisse de vous surpasser ou simplement d\u2019entretenir votre forme, de transpirer dans une ambiance festive et d\u00e9tendue ou de battre des records, les occasions ne manquent pas \u00e0 Charleroi M\u00e9tropole&nbsp;! Il y a forc\u00e9ment un \u00e9v\u00e9nement qui vous donnera l\u2019envie de chausser vos baskets&nbsp;! &nbsp;<\/p>\n\n\n\n<p style=\"font-size:19px\"><strong>Voici une s\u00e9lection d\u2019\u00e9v\u00e9nements sportifs,&nbsp;pour tous et tous les niveaux, qui se d\u00e9rouleront les prochaines semaines sur le territoire. Sortez vos agendas, et c\u2019est parti pour l\u2019entrainement&nbsp;!<\/strong><\/p>\n\n\n\n<h3 class=\"wp-block-heading\"><strong>Les immanquables\u2026 les \u00e9preuves du marathon de Charleroi M\u00e9tropole&nbsp;!<\/strong><\/h3>\n\n\n\n<div class=\"wp-block-media-text has-media-on-the-right is-stacked-on-mobile\" style=\"grid-template-columns:auto 45%\"><div class=\"wp-block-media-text__content\">\n<p>Le <strong>29 juin<\/strong> prochain se tiendra la 2<sup>\u00e8me<\/sup> \u00e9dition de cet \u00e9v\u00e9nement d\u2019ores et d\u00e9j\u00e0 mythique&nbsp;! Et cette ann\u00e9e, les organisateurs mettent le paquet&nbsp;: outre le semi et le marathon, deux parcours de 5 et 10 km raviront les jambes des coureurs moins ambitieux.<\/p>\n<\/div><figure class=\"wp-block-media-text__media\"><img loading=\"lazy\" decoding=\"async\" width=\"1440\" height=\"1080\" src=\"https:\/\/charleroi-metropole.be\/wp-content\/uploads\/2025\/05\/marathonCM.jpg\" alt=\"\" class=\"wp-image-18646 size-full\" srcset=\"https:\/\/charleroi-metropole.be\/wp-content\/uploads\/2025\/05\/marathonCM.jpg 1440w, https:\/\/charleroi-metropole.be\/wp-content\/uploads\/2025\/05\/marathonCM-600x450.jpg 600w, https:\/\/charleroi-metropole.be\/wp-content\/uploads\/2025\/05\/marathonCM-768x576.jpg 768w\" sizes=\"(max-width: 1440px) 100vw, 1440px\" \/><\/figure><\/div>\n\n\n\n<p><\/p>\n\n\n\n<p>Les d\u00e9parts se donneront au c\u0153ur d\u2019un haut lieu patrimonial de Charleroi M\u00e9tropole&nbsp;! Le Bois du Cazier accueillera les coureurs impatients (et\/ou stress\u00e9s) de s\u2019\u00e9lancer pour fouler les routes et admirer les paysages de la M\u00e9tropole, ponctu\u00e9s de vestiges post-industriels. L\u2019arriv\u00e9e bien m\u00e9rit\u00e9e &#8211; et la f\u00eate qui s\u2019en suit&nbsp;!, se fera au c\u0153ur de Charleroi, sur la Place Verte.<\/p>\n\n\n\n<div class=\"wp-block-buttons is-content-justification-center is-layout-flex wp-container-core-buttons-is-layout-1 wp-block-buttons-is-layout-flex\">\n<div class=\"wp-block-button\"><a class=\"wp-block-button__link has-navy-blue-color has-pastel-grey-background-color has-text-color has-background has-link-color wp-element-button\" href=\"https:\/\/www.charleroimarathon.be\/\" target=\"_blank\" rel=\"noreferrer noopener\"><strong>Infos<\/strong><\/a><\/div>\n<\/div>\n\n\n\n<h3 class=\"wp-block-heading\"><strong>Les plus complets\u2026 qui combinent trois sports en un&nbsp;!<\/strong><\/h3>\n\n\n\n<p>Nager, p\u00e9daler, courir\u2026 et r\u00e9p\u00e9ter&nbsp;! Le triathlon demande de s\u2019entra\u00eener, non pas \u00e0 une discipline, mais trois\u2026 Sport ultra complet, vous \u00eates de plus en plus nombreux \u00e0 vouloir vous y essayer&nbsp;! Un futur d\u00e9fi \u00e0 placer \u00e0 vos agendas&nbsp;?<\/p>\n\n\n\n<p>\u00c0 Charleroi M\u00e9tropole, les organisateurs surfent sur cette vague et proposent plusieurs \u00e9preuves sur lesquelles vous tester. Ainsi, si vous avez loup\u00e9 les triathlons de Seneffe et de Charleroi il y a peu, il est encore temps de vous inscrire \u00e0 ceux des Lacs de l\u2019Eau d\u2019Heure, de Couvin ou de Fleurus des 1<sup>er <\/sup>, 8 et 15 juin&nbsp;!<\/p>\n\n\n\n<p><strong>Aux Lacs<\/strong>, testez-vous le <strong>1er juin<\/strong> sur les triathlons d\u00e9couverte ou promo, ou tentez la distance olympique&nbsp;!<\/p>\n\n\n\n<div class=\"wp-block-buttons is-content-justification-center is-layout-flex wp-container-core-buttons-is-layout-2 wp-block-buttons-is-layout-flex\">\n<div class=\"wp-block-button is-style-fill\"><a class=\"wp-block-button__link has-navy-blue-color has-pastel-grey-background-color has-text-color has-background has-link-color wp-element-button\" href=\"https:\/\/otctriathlon.be\/triathlon-lacs-de-leau-dheure\/informations\/\" target=\"_blank\" rel=\"noreferrer noopener\"><strong>Infos<\/strong><\/a><\/div>\n<\/div>\n\n\n\n<p>A <strong>Couvin<\/strong>, le <strong>8 juin<\/strong>, le <strong>triathlon des Sharks<\/strong> vous fait d\u00e9couvrir le Ry de Rome. Trois distances (de 200m \u00e0 1500m de nage, de 10km \u00e0 40 km de v\u00e9lo, de 2km \u00e0 10km de course) vous sont propos\u00e9es.<\/p>\n\n\n\n<figure class=\"wp-block-image size-large\"><img loading=\"lazy\" decoding=\"async\" width=\"1600\" height=\"588\" src=\"https:\/\/charleroi-metropole.be\/wp-content\/uploads\/2025\/05\/triathlon-sharks-1600x588.jpg\" alt=\"\" class=\"wp-image-18651\" srcset=\"https:\/\/charleroi-metropole.be\/wp-content\/uploads\/2025\/05\/triathlon-sharks-1600x588.jpg 1600w, https:\/\/charleroi-metropole.be\/wp-content\/uploads\/2025\/05\/triathlon-sharks-600x221.jpg 600w, https:\/\/charleroi-metropole.be\/wp-content\/uploads\/2025\/05\/triathlon-sharks-768x282.jpg 768w, https:\/\/charleroi-metropole.be\/wp-content\/uploads\/2025\/05\/triathlon-sharks-1536x565.jpg 1536w, https:\/\/charleroi-metropole.be\/wp-content\/uploads\/2025\/05\/triathlon-sharks.jpg 2040w\" sizes=\"(max-width: 1600px) 100vw, 1600px\" \/><\/figure>\n\n\n\n<div style=\"height:26px\" aria-hidden=\"true\" class=\"wp-block-spacer\"><\/div>\n\n\n\n<div class=\"wp-block-buttons is-content-justification-center is-layout-flex wp-container-core-buttons-is-layout-3 wp-block-buttons-is-layout-flex\">\n<div class=\"wp-block-button is-style-fill\"><a class=\"wp-block-button__link has-black-color has-pastel-grey-background-color has-text-color has-background has-link-color wp-element-button\" href=\"https:\/\/www.sharkstriathlon.com\/\" target=\"_blank\" rel=\"noreferrer noopener\"><strong>Infos<\/strong><\/a><\/div>\n<\/div>\n\n\n\n<p>A <strong>Fleurus<\/strong>, tentez l\u2019aventure sur un parcours adapt\u00e9 \u00e0 tous&nbsp;! La natation se fait en piscine&nbsp;: argument de poids pour les plus angoiss\u00e9s par la nage en eau libre\u2026 Rendez-vous <strong>le 15 juin<\/strong> !<\/p>\n\n\n\n<div class=\"wp-block-buttons is-content-justification-center is-layout-flex wp-container-core-buttons-is-layout-4 wp-block-buttons-is-layout-flex\">\n<div class=\"wp-block-button\"><a class=\"wp-block-button__link has-black-color has-pastel-grey-background-color has-text-color has-background has-link-color wp-element-button\" href=\"https:\/\/allevents.in\/fleurus\/triathlon-de-fleurus-2025\/200028086199239\" target=\"_blank\" rel=\"noreferrer noopener\"><strong>Infos<\/strong><\/a><\/div>\n<\/div>\n\n\n\n<p>Et ne loupez pas, en septembre, l\u2019<strong>OpenLakes<\/strong>&nbsp;!<\/p>\n\n\n\n<div class=\"wp-block-buttons is-content-justification-center is-layout-flex wp-container-core-buttons-is-layout-5 wp-block-buttons-is-layout-flex\">\n<div class=\"wp-block-button\"><a class=\"wp-block-button__link has-black-color has-pastel-grey-background-color has-text-color has-background has-link-color wp-element-button\" href=\"https:\/\/www.openlakes.eu\/openlakesbelgium\" target=\"_blank\" rel=\"noreferrer noopener\"><strong>Infos<\/strong><\/a><\/div>\n<\/div>\n\n\n\n<h3 class=\"wp-block-heading\"><strong>Les complets aussi\u2026 mais un peu moins&nbsp;!<\/strong><\/h3>\n\n\n\n<p>Si l\u2019eau n\u2019est pas votre \u00e9l\u00e9ment, si vous aimez vous challengez \u00e0 deux plut\u00f4t que seul\u2026 Tentez l\u2019exp\u00e9rience <strong>Run Bike<\/strong>&nbsp;! Une \u00e9preuve par \u00e9quipe compos\u00e9e d\u2019un v\u00e9t\u00e9tiste et d\u2019un joggeur pouvant se relayer\u2026<\/p>\n\n\n\n<p>A Charleroi M\u00e9tropole, deux \u00e9v\u00e9nements d\u00e9sormais renomm\u00e9s, pour leur parfaite organisation autant que pour la bonne ambiance qui y est de mise, sont prochainement organis\u00e9s&nbsp;:<\/p>\n\n\n\n<ul class=\"wp-block-list\">\n<li><strong>1<sup>er<\/sup> juin&nbsp;: le Relais sur l\u2019Heure \u00e0 Beign\u00e9e (Ham-sur-Heure)<\/strong><\/li>\n<\/ul>\n\n\n\n<p>Organis\u00e9 par l\u2019\u00e9cole Saint-Louis dans le cadre de sa Fancy Fair, ce Run Bike en est \u00e0 sa 28<sup>\u00e8me<\/sup> \u00e9dition&nbsp;!<br>Le Relais sur l\u2019Heure vous propose de sillonner ainsi le tr\u00e8s pittoresque cours inf\u00e9rieur de l\u2019Eau d\u2019Heure, en boucle \u00e0 partir de Beign\u00e9e, sur une distance de&nbsp;14 km&nbsp;ou&nbsp;11 km.<\/p>\n\n\n\n<div class=\"wp-block-buttons is-content-justification-center is-layout-flex wp-container-core-buttons-is-layout-6 wp-block-buttons-is-layout-flex\">\n<div class=\"wp-block-button\"><a class=\"wp-block-button__link has-black-color has-pastel-grey-background-color has-text-color has-background has-link-color wp-element-button\" href=\"https:\/\/www.ecolesaintlouis.be\/run-bike\" target=\"_blank\" rel=\"noreferrer noopener\"><strong>Infos<\/strong><\/a><\/div>\n<\/div>\n\n\n\n<ul class=\"wp-block-list\">\n<li><strong>24 ao\u00fbt&nbsp;: la Charbonnade au Bois du Cazier (Marcinelle)<\/strong><\/li>\n<\/ul>\n\n\n\n<div class=\"wp-block-media-text is-stacked-on-mobile\"><figure class=\"wp-block-media-text__media\"><img loading=\"lazy\" decoding=\"async\" width=\"1600\" height=\"1200\" src=\"https:\/\/charleroi-metropole.be\/wp-content\/uploads\/2025\/05\/charbonnade-1600x1200.jpg\" alt=\"\" class=\"wp-image-18654 size-full\" srcset=\"https:\/\/charleroi-metropole.be\/wp-content\/uploads\/2025\/05\/charbonnade-1600x1200.jpg 1600w, https:\/\/charleroi-metropole.be\/wp-content\/uploads\/2025\/05\/charbonnade-600x450.jpg 600w, https:\/\/charleroi-metropole.be\/wp-content\/uploads\/2025\/05\/charbonnade-768x576.jpg 768w, https:\/\/charleroi-metropole.be\/wp-content\/uploads\/2025\/05\/charbonnade-1536x1152.jpg 1536w, https:\/\/charleroi-metropole.be\/wp-content\/uploads\/2025\/05\/charbonnade.jpg 2048w\" sizes=\"(max-width: 1600px) 100vw, 1600px\" \/><\/figure><div class=\"wp-block-media-text__content\">\n<p>Pour sillonner dans la bonne humeur les superbes domaines du Bois du Cazier et du Bois du Prince, entre amis ou en famille\u2026 Les \u00e9preuves sont accessibles \u00e0 tous et l&rsquo;ambiance assur\u00e9e&nbsp;!<\/p>\n<\/div><\/div>\n\n\n\n<p><\/p>\n\n\n\n<div style=\"height:45px\" aria-hidden=\"true\" class=\"wp-block-spacer\"><\/div>\n\n\n\n<div class=\"wp-block-buttons is-content-justification-center is-layout-flex wp-container-core-buttons-is-layout-7 wp-block-buttons-is-layout-flex\">\n<div class=\"wp-block-button\"><a class=\"wp-block-button__link has-black-color has-pastel-grey-background-color has-text-color has-background has-link-color wp-element-button\" href=\"http:\/\/charbonnade-runandbike.be\/infos-pratiques\/\" target=\"_blank\" rel=\"noreferrer noopener\"><strong>Infos<\/strong><\/a><\/div>\n<\/div>\n\n\n\n<h3 class=\"wp-block-heading\"><strong>Une autre combinaison plus originale<\/strong><\/h3>\n\n\n\n<p><\/p>\n\n\n\n<div class=\"wp-block-media-text has-media-on-the-right is-stacked-on-mobile\"><div class=\"wp-block-media-text__content\">\n<p>La 2<sup>\u00e8me<\/sup> \u00e9dition du <strong>Cross Biathlon du Pays Noir<\/strong> est organis\u00e9e le 5 juillet prochain&nbsp;\u00e0 Jamioulx ! Deux distances de 5 et 10 km, \u00e0 combiner avec des tirs \u00e0 la carabine laser\u2026 Une \u00e9preuve parfaite pour allier d\u00e9passement de soi et concentration pour atteindre sa cible\u2026 Mais aussi bonne action puisque le biathlon est organis\u00e9 au profit de le <a href=\"http:\/\/maisonmieuxetre.be\/\">Maison Mieux-\u00eatre<\/a>&nbsp;!<\/p>\n\n\n\n<p>Ne tardez pas \u00e0 vous inscrire, il parait que la premi\u00e8re \u00e9dition a \u00e9t\u00e9 sold out assez vite&nbsp;!<\/p>\n<\/div><figure class=\"wp-block-media-text__media\"><img loading=\"lazy\" decoding=\"async\" width=\"1600\" height=\"1600\" src=\"https:\/\/charleroi-metropole.be\/wp-content\/uploads\/2025\/05\/biathlon-pays-noir-1600x1600.jpg\" alt=\"\" class=\"wp-image-18657 size-full\" srcset=\"https:\/\/charleroi-metropole.be\/wp-content\/uploads\/2025\/05\/biathlon-pays-noir-1600x1600.jpg 1600w, https:\/\/charleroi-metropole.be\/wp-content\/uploads\/2025\/05\/biathlon-pays-noir-600x600.jpg 600w, https:\/\/charleroi-metropole.be\/wp-content\/uploads\/2025\/05\/biathlon-pays-noir-300x300.jpg 300w, https:\/\/charleroi-metropole.be\/wp-content\/uploads\/2025\/05\/biathlon-pays-noir-768x768.jpg 768w, https:\/\/charleroi-metropole.be\/wp-content\/uploads\/2025\/05\/biathlon-pays-noir-1536x1536.jpg 1536w, https:\/\/charleroi-metropole.be\/wp-content\/uploads\/2025\/05\/biathlon-pays-noir.jpg 2048w\" sizes=\"(max-width: 1600px) 100vw, 1600px\" \/><\/figure><\/div>\n\n\n\n<p><\/p>\n\n\n\n<div class=\"wp-block-buttons is-content-justification-center is-layout-flex wp-container-core-buttons-is-layout-8 wp-block-buttons-is-layout-flex\">\n<div class=\"wp-block-button\"><a class=\"wp-block-button__link has-black-color has-pastel-grey-background-color has-text-color has-background has-link-color wp-element-button\" href=\"https:\/\/ledossard.com\/inscription\/index.php?id=2372\" target=\"_blank\" rel=\"noreferrer noopener\"><strong>Infos<\/strong><\/a><\/div>\n<\/div>\n\n\n\n<h3 class=\"wp-block-heading\">Pour ceux qui ne savent pas choisir et les hyperactifs&#8230; <\/h3>\n\n\n\n<p>La commune de Merbes-le-Ch\u00e2teau a pens\u00e9 \u00e0 vous et vous a concoct\u00e9 un challenge comptant pas moins de 7 activit\u00e9s ! Balade \u00e0 v\u00e9lo, jogging, run and bike, tennis et m\u00eame p\u00e9tanque&#8230; L&rsquo;objectif est de r\u00e9colter un maximum de points tout au long de l&rsquo;\u00e9t\u00e9 ! <\/p>\n\n\n\n<p>Inscrivez-vous d\u00e8s \u00e0 pr\u00e9sent ! <\/p>\n\n\n\n<div class=\"wp-block-buttons is-content-justification-center is-layout-flex wp-container-core-buttons-is-layout-9 wp-block-buttons-is-layout-flex\">\n<div class=\"wp-block-button\"><a class=\"wp-block-button__link has-black-color has-pastel-grey-background-color has-text-color has-background has-link-color wp-element-button\" href=\"https:\/\/www.merbeslechateau.be\/agenda\/challenge-sportif-?u=26731d69458b462f98ff76046593beab\" target=\"_blank\" rel=\"noreferrer noopener\"><strong>Infos<\/strong><\/a><\/div>\n<\/div>\n\n\n\n<h3 class=\"wp-block-heading\"><strong>Vous en voulez encore&nbsp;?<\/strong><\/h3>\n\n\n\n<p>Le magnifique <a href=\"https:\/\/trailduviroin.accouvin.be\/\" target=\"_blank\" rel=\"noreferrer noopener\">Trail du Viroin<\/a> du 14 juin, la <a href=\"https:\/\/www.bikers.be\/agenda.asp?pageID=124&amp;countryID=1&amp;first=true\" target=\"_blank\" rel=\"noreferrer noopener\">rando VTT \u00e0 Momignies<\/a> le 8 juin, les nombreuses <a href=\"https:\/\/www.sport-adeps.be\/index.php?id=calendrier-marches-adeps\" target=\"_blank\" rel=\"noreferrer noopener\">marches ADEPS<\/a>, le <a href=\"https:\/\/www.challengehainaut.be\/course.php?cr_id=2025180\" target=\"_blank\" rel=\"noreferrer noopener\">jogging de Merbes-le-Ch\u00e2teau<\/a> du 14 juin\u2026 &nbsp;Et bien d&rsquo;autres rendez-vous encore&#8230;<\/p>\n\n\n\n<p><strong> Il y a forc\u00e9ment un \u00e9v\u00e9nement sportif qui vous convient ! <\/strong><\/p>\n\n\n\n<p><\/p>\n","protected":false},"excerpt":{"rendered":"<p>Avec les beaux jours qui se succ\u00e8dent, le soleil qui brille, l\u2019\u00e9nergie d\u00e9bordante, et peut-\u00eatre la perspective des transats, des plages et du maillot de bain \u00e0 ressortir, l\u2019envie vous titille de chausser vos baskets pour relever un d\u00e9fi sportif&nbsp;? Qu\u2019il s\u2019agisse de vous surpasser ou simplement d\u2019entretenir votre forme, de transpirer dans une ambiance [&hellip;]<\/p>\n","protected":false},"author":18,"featured_media":9418,"comment_status":"closed","ping_status":"closed","sticky":false,"template":"","format":"standard","meta":{"footnotes":""},"categories":[643,393,36],"tags":[],"class_list":["post-18644","post","type-post","status-publish","format-standard","has-post-thumbnail","hentry","category-cm","category-decouverte","category-lifestyle"],"_links":{"self":[{"href":"https:\/\/charleroi-metropole.be\/fr\/wp-json\/wp\/v2\/posts\/18644"}],"collection":[{"href":"https:\/\/charleroi-metropole.be\/fr\/wp-json\/wp\/v2\/posts"}],"about":[{"href":"https:\/\/charleroi-metropole.be\/fr\/wp-json\/wp\/v2\/types\/post"}],"author":[{"embeddable":true,"href":"https:\/\/charleroi-metropole.be\/fr\/wp-json\/wp\/v2\/users\/18"}],"replies":[{"embeddable":true,"href":"https:\/\/charleroi-metropole.be\/fr\/wp-json\/wp\/v2\/comments?post=18644"}],"version-history":[{"count":17,"href":"https:\/\/charleroi-metropole.be\/fr\/wp-json\/wp\/v2\/posts\/18644\/revisions"}],"predecessor-version":[{"id":18676,"href":"https:\/\/charleroi-metropole.be\/fr\/wp-json\/wp\/v2\/posts\/18644\/revisions\/18676"}],"wp:featuredmedia":[{"embeddable":true,"href":"https:\/\/charleroi-metropole.be\/fr\/wp-json\/wp\/v2\/media\/9418"}],"wp:attachment":[{"href":"https:\/\/charleroi-metropole.be\/fr\/wp-json\/wp\/v2\/media?parent=18644"}],"wp:term":[{"taxonomy":"category","embeddable":true,"href":"https:\/\/charleroi-metropole.be\/fr\/wp-json\/wp\/v2\/categories?post=18644"},{"taxonomy":"post_tag","embeddable":true,"href":"https:\/\/charleroi-metropole.be\/fr\/wp-json\/wp\/v2\/tags?post=18644"}],"curies":[{"name":"wp","href":"https:\/\/api.w.org\/{rel}","templated":true}]}}