{"id":18498,"date":"2025-04-14T14:49:24","date_gmt":"2025-04-14T12:49:24","guid":{"rendered":"https:\/\/charleroi-metropole.be\/?p=18498"},"modified":"2025-04-22T14:25:00","modified_gmt":"2025-04-22T12:25:00","slug":"participez-au-festival-factori-creation","status":"publish","type":"post","link":"https:\/\/charleroi-metropole.be\/fr\/decouvrir\/participez-au-festival-factori-creation\/","title":{"rendered":"Participez au Festival FACTORI-CREATION\u00a0!"},"content":{"rendered":"\n<p><\/p>\n\n\n\n<figure class=\"wp-block-pullquote\"><blockquote><p>Du 23 au 28 avril 2025, le collectif CREATION propose la 2<sup>\u00e8me<\/sup> \u00e9dition de son festival&nbsp;! Cette ann\u00e9e, il fait la part belle au verre, \u00e9l\u00e9ment indissociable du pass\u00e9 industriel de Charleroi M\u00e9tropole.<\/p><\/blockquote><\/figure>\n\n\n\n<figure class=\"wp-block-image aligncenter size-full has-custom-border\"><img loading=\"lazy\" decoding=\"async\" width=\"251\" height=\"163\" src=\"https:\/\/charleroi-metropole.be\/wp-content\/uploads\/2025\/04\/Factori.jpg\" alt=\"\" class=\"wp-image-18502\" style=\"border-style:none;border-width:0px;border-radius:0px\"\/><\/figure>\n\n\n\n<h3 class=\"wp-block-heading\">Collectif CREATION&nbsp;?<\/h3>\n\n\n\n<p>Le Collectif CREATION (Centre de Ressources, d\u2019Animation et d\u2019Innovation sur l\u2019Histoire Sociale, le Travail, l\u2019Insertion et la Reconversion) r\u00e9unit des acteurs issus des mondes de la recherche, de l\u2019\u00e9ducation permanente et de la conservation et de la valorisation d\u2019archives. Son objectif&nbsp;? Mobiliser l\u2019histoire pour \u00e9clairer les \u00e9volutions contemporaines du travail, de l\u2019insertion et de la reconversion professionnelle et territoriale.<\/p>\n\n\n\n<h3 class=\"wp-block-heading\">D\u00e9couvrez les activit\u00e9s organis\u00e9es<\/h3>\n\n\n\n<p>De Charleroi \u00e0 Momignies, le collectif a concoct\u00e9 un programme riche et vari\u00e9. <\/p>\n\n\n\n<figure class=\"wp-block-table is-style-stripes\"><table class=\"has-fixed-layout\"><tbody><tr><td><strong>Date et heure<\/strong><\/td><td><strong>Lieu<\/strong><\/td><td><strong>Activit\u00e9<\/strong><\/td><\/tr><tr><td>Mercredi 23\/04, \u00e0 partir de 15h<\/td><td>La Ruche Verri\u00e8re (Place E. Gilles, 20 \u00e0 Lodelinsart)<\/td><td>Capsules audio (t\u00e9moignages) \/ balade sonore historique g\u00e9olocalis\u00e9e \/ exposition participative \/ temps d&rsquo;\u00e9change \/ verre de l&rsquo;amiti\u00e9&#8230; <\/td><\/tr><tr><td>Vendredi 25\/04, \u00e0 partir de 13h<\/td><td>Quai 10 (Quai A. Rimbaud, 10 \u00e0 Charleroi)<\/td><td>Projection du film \u00ab\u00a0De l&rsquo;Acier a coul\u00e9 dans nos veines\u00a0\u00bb et table ronde <\/td><\/tr><tr><td>Samedi 26\/04, \u00e0 partir de 9h30<\/td><td>Ch\u00e2teau des Hamendes (Chauss\u00e9e du Ch\u00e2teau Mondron, 159 \u00e0 Jumet)<\/td><td>Visite guid\u00e9e du Ch\u00e2teau et expositions <\/td><\/tr><tr><td>Dimanche 27\/04, \u00e0 partir de 11h<\/td><td>Mus\u00e9e du Verre (Bois du Cazier, 80 \u00e0 Marcinelle)<\/td><td>Visites guid\u00e9es et d\u00e9monstrations<\/td><\/tr><tr><td>Lundi 28\/04, \u00e0 partir de 13h30<\/td><td>Centre culturel de Momignies (Route de Macon, 5 \u00e0 Momignies)<\/td><td>Projection du film \u00ab\u00a0On m&rsquo;avait dit. La Docherie hier, aujourd&rsquo;hui et demain\u00a0\u00bb, co-r\u00e9alis\u00e9 par l&rsquo;Espace Jeunes<\/td><\/tr><tr><td>Lundi 28\/04, \u00e0 partir de 16h<\/td><td>Ch\u00e2teau ferme de Macon (Place Y. Paul, 9 \u00e0 Momignies)<\/td><td>Inauguration des expositions \/ animation \/ verre de l&rsquo;amiti\u00e9 \/ concert<\/td><\/tr><\/tbody><\/table><\/figure>\n\n\n\n<p><\/p>\n\n\n\n<div class=\"wp-block-buttons is-content-justification-center is-layout-flex wp-container-core-buttons-is-layout-1 wp-block-buttons-is-layout-flex\">\n<div class=\"wp-block-button has-custom-font-size\" style=\"font-size:20px\"><a class=\"wp-block-button__link has-white-color has-navy-blue-background-color has-text-color has-background has-link-color wp-element-button\" href=\"https:\/\/factori-creation.be\/activites\/festival-du-23-au-28-avril\/\" target=\"_blank\" rel=\"noreferrer noopener\"><strong>Cliquez ici pour plus de d\u00e9tails et pour vous inscrire aux activit\u00e9s<\/strong><\/a><\/div>\n<\/div>\n\n\n\n<p><\/p>\n","protected":false},"excerpt":{"rendered":"<p>Du 23 au 28 avril 2025, le collectif CREATION propose la 2\u00e8me \u00e9dition de son festival&nbsp;! Cette ann\u00e9e, il fait la part belle au verre, \u00e9l\u00e9ment indissociable du pass\u00e9 industriel de Charleroi M\u00e9tropole. Collectif CREATION&nbsp;? Le Collectif CREATION (Centre de Ressources, d\u2019Animation et d\u2019Innovation sur l\u2019Histoire Sociale, le Travail, l\u2019Insertion et la Reconversion) r\u00e9unit des [&hellip;]<\/p>\n","protected":false},"author":18,"featured_media":18509,"comment_status":"closed","ping_status":"closed","sticky":false,"template":"","format":"standard","meta":{"footnotes":""},"categories":[1],"tags":[],"class_list":["post-18498","post","type-post","status-publish","format-standard","has-post-thumbnail","hentry","category-autres"],"_links":{"self":[{"href":"https:\/\/charleroi-metropole.be\/fr\/wp-json\/wp\/v2\/posts\/18498"}],"collection":[{"href":"https:\/\/charleroi-metropole.be\/fr\/wp-json\/wp\/v2\/posts"}],"about":[{"href":"https:\/\/charleroi-metropole.be\/fr\/wp-json\/wp\/v2\/types\/post"}],"author":[{"embeddable":true,"href":"https:\/\/charleroi-metropole.be\/fr\/wp-json\/wp\/v2\/users\/18"}],"replies":[{"embeddable":true,"href":"https:\/\/charleroi-metropole.be\/fr\/wp-json\/wp\/v2\/comments?post=18498"}],"version-history":[{"count":8,"href":"https:\/\/charleroi-metropole.be\/fr\/wp-json\/wp\/v2\/posts\/18498\/revisions"}],"predecessor-version":[{"id":18642,"href":"https:\/\/charleroi-metropole.be\/fr\/wp-json\/wp\/v2\/posts\/18498\/revisions\/18642"}],"wp:featuredmedia":[{"embeddable":true,"href":"https:\/\/charleroi-metropole.be\/fr\/wp-json\/wp\/v2\/media\/18509"}],"wp:attachment":[{"href":"https:\/\/charleroi-metropole.be\/fr\/wp-json\/wp\/v2\/media?parent=18498"}],"wp:term":[{"taxonomy":"category","embeddable":true,"href":"https:\/\/charleroi-metropole.be\/fr\/wp-json\/wp\/v2\/categories?post=18498"},{"taxonomy":"post_tag","embeddable":true,"href":"https:\/\/charleroi-metropole.be\/fr\/wp-json\/wp\/v2\/tags?post=18498"}],"curies":[{"name":"wp","href":"https:\/\/api.w.org\/{rel}","templated":true}]}}