{"id":18457,"date":"2025-03-28T12:32:57","date_gmt":"2025-03-28T10:32:57","guid":{"rendered":"https:\/\/charleroi-metropole.be\/?p=18457"},"modified":"2025-03-28T12:33:00","modified_gmt":"2025-03-28T10:33:00","slug":"le-bois-du-grand-bon-dieu-un-patrimoine-a-preserver-et-valoriser","status":"publish","type":"post","link":"https:\/\/charleroi-metropole.be\/fr\/decouvrir\/le-bois-du-grand-bon-dieu-un-patrimoine-a-preserver-et-valoriser\/","title":{"rendered":"Le Bois du Grand Bon Dieu, un patrimoine \u00e0 pr\u00e9server et valoriser"},"content":{"rendered":"\n<p><strong>Connaissez-vous cet espace forestier situ\u00e9 \u00e0 la lisi\u00e8re de la Ville de Thuin ?<\/strong> <\/p>\n\n\n\n<p>Ses 23 hectares accueillent quotidiennement promeneurs en qu\u00eate de qui\u00e9tude, scouts, sportifs, f\u00e9rus de nature et de patrimoine&#8230; Un \u00e9crin qu&rsquo;il est n\u00e9cessaire de pr\u00e9server, de mettre en valeur et de promouvoir.<\/p>\n\n\n\n<p>Cette n\u00e9cessit\u00e9, une poign\u00e9e de citoyens thudiniens l&rsquo;a bien comprise ! Ils ont cr\u00e9\u00e9 l&rsquo;<strong><a href=\"https:\/\/www.facebook.com\/p\/Thuin-Nature-et-Patrimoine-100091798720632\/\">ASBL ThuPePa<\/a><\/strong> (pour Thuin Petit Patrimoine) et ne m\u00e9nagent pas leurs efforts. Leur objectif ? Faire conna\u00eetre \u00e0 tous la richesse historique, culturelle et naturelle du Bois du Grand Bon Dieu. Comment ? En restaurant le patrimoine pour en d\u00e9voiler les secrets, et le transmettre aux g\u00e9n\u00e9rations futures. <\/p>\n\n\n\n<p>Ainsi de nombreuses activit\u00e9s sont organis\u00e9es. Celles-ci visent la restauration des chapelles, potales, Calvaire&#8230; qui pars\u00e8ment le bois, mais \u00e9galement leur mise en valeur via des balades, conf\u00e9rences, ou encore publications.<\/p>\n\n\n\n<div class=\"wp-block-media-text has-media-on-the-right is-stacked-on-mobile\"><div class=\"wp-block-media-text__content\">\n<p>Initi\u00e9e en 2021, cette dynamique r\u00e9unit \u00e0 ce jour une trentaine de personnes, toutes anim\u00e9es par la m\u00eame volont\u00e9. Si les activit\u00e9s et initiatives ne manquent pas depuis les d\u00e9buts du projet, l&rsquo;ann\u00e9e 2025 sera particuli\u00e8rement riche. En effet, elle est marqu\u00e9e par les 300 ans du Calvaire. Une occasion immanquable pour ThuPePa de proposer un calendrier d&rsquo;activit\u00e9s bien fourni, \u00e0 la hauteur de cet anniversaire marquant.<\/p>\n<\/div><figure class=\"wp-block-media-text__media\"><img loading=\"lazy\" decoding=\"async\" width=\"500\" height=\"497\" src=\"https:\/\/charleroi-metropole.be\/wp-content\/uploads\/2025\/03\/calvaire-vue_comp.jpg\" alt=\"\" class=\"wp-image-18463 size-full\"\/><\/figure><\/div>\n\n\n\n<h2 class=\"wp-block-heading\"><\/h2>\n\n\n\n<h2 class=\"wp-block-heading\">13 avril : la 2\u00e8me marche de ThuPePa<\/h2>\n\n\n\n<p>L&rsquo;ASBL organise deux balades de 5 et 10 kilom\u00e8tres, \u00e0 destination de tous. Le parcours est accessible et ravira les curieux avides de d\u00e9couvrir les coins m\u00e9connus du bois. On nous souffle \u00e0 l&rsquo;oreille que le bois se parera pour l&rsquo;occasion de son plus beau manteau bleu, pour le plaisir des yeux&#8230; <\/p>\n\n\n\n<h2 class=\"wp-block-heading\">3\u00e8me dimanche de mai : bar dans le cadre de la marche St Roch<\/h2>\n\n\n\n<p>Le nouvel an thudinien, immanquable de tous les amoureux du folklore ! Si vous n&rsquo;en avez jamais eu l&rsquo;occasion, venez vibrer au son des tambours et des fifres, et admirer le cort\u00e8ge de marcheurs foulant les pav\u00e9s de la cit\u00e9 m\u00e9di\u00e9vale. ThuPePa vous proposera de quoi vous d\u00e9salt\u00e9rer d\u00e8s 11h pour le d\u00e9part de la marche au Chant des oiseaux. Les b\u00e9n\u00e9fices de cette d\u00e9gustation de bi\u00e8res locales servira aux projets de l&rsquo;ASBL. <\/p>\n\n\n\n<h2 class=\"wp-block-heading\"><\/h2>\n\n\n\n<div class=\"wp-block-media-text is-stacked-on-mobile\" style=\"grid-template-columns:46% auto\"><figure class=\"wp-block-media-text__media\"><img loading=\"lazy\" decoding=\"async\" width=\"1200\" height=\"1600\" src=\"https:\/\/charleroi-metropole.be\/wp-content\/uploads\/2025\/03\/chapelle-2-1200x1600.jpg\" alt=\"\" class=\"wp-image-18488 size-full\" srcset=\"https:\/\/charleroi-metropole.be\/wp-content\/uploads\/2025\/03\/chapelle-2-1200x1600.jpg 1200w, https:\/\/charleroi-metropole.be\/wp-content\/uploads\/2025\/03\/chapelle-2-450x600.jpg 450w, https:\/\/charleroi-metropole.be\/wp-content\/uploads\/2025\/03\/chapelle-2-768x1024.jpg 768w, https:\/\/charleroi-metropole.be\/wp-content\/uploads\/2025\/03\/chapelle-2-1152x1536.jpg 1152w, https:\/\/charleroi-metropole.be\/wp-content\/uploads\/2025\/03\/chapelle-2.jpg 1536w\" sizes=\"(max-width: 1200px) 100vw, 1200px\" \/><\/figure><div class=\"wp-block-media-text__content\">\n<h2 class=\"wp-block-heading\">6 juillet : journ\u00e9e anniversaire du Calvaire<\/h2>\n\n\n\n<p>A cette occasion, ThuPePa vous propose de vivre une journ\u00e9e exceptionnelle. Lors d&rsquo;un concert promenade, quatre ensemble vous proposeront leurs interpr\u00e9tations musicales du bois et du calvaire. Ainsi, les notes d&rsquo;un sextet de cors, d&rsquo;une harmonie, mais \u00e9galement les m\u00e9lodies d&rsquo;un groupe de blues et de musiques du monde vous emporteront !<\/p>\n<\/div><\/div>\n\n\n\n<h2 class=\"wp-block-heading\"><\/h2>\n\n\n\n<h2 class=\"wp-block-heading\">21 septembre : verre de l&rsquo;amiti\u00e9 \u00ab\u00a0Sauvons nos statues\u00a0\u00bb<\/h2>\n\n\n\n<p>Venez d\u00e9guster du bon vin, propos\u00e9 par un connaisseur, en famille ou entre amis afin de financer les activit\u00e9s de l&rsquo;ASBL.28 novembre : remise des prix du concours de nouvelles<\/p>\n\n\n\n<p>Les gagnants du concours de nouvelles \u00ab\u00a0Imagine ton bois\u00a0\u00bb, lanc\u00e9 en f\u00e9vrier, seront connus ! Vous souhaitez y participer ? Vous avez jusqu&rsquo;au 31 aout (<a href=\"https:\/\/www.facebook.com\/p\/Thuin-Nature-et-Patrimoine-100091798720632\/\" target=\"_blank\" rel=\"noreferrer noopener\">consultez le r\u00e8glement ici<\/a>) ! <\/p>\n\n\n\n<h2 class=\"wp-block-heading\">5 d\u00e9cembre : conf\u00e9rence \u00ab\u00a0Les statues de la mise au tombeau\u00a0\u00bb<\/h2>\n\n\n\n<p>Participez \u00e0 la conf\u00e9rence \u00ab\u00a0Les statues de la mise au tombeau\u00a0\u00bb en la chapelle des soeurs grises. <\/p>\n\n\n\n<div class=\"wp-block-buttons is-content-justification-center is-layout-flex wp-container-core-buttons-is-layout-1 wp-block-buttons-is-layout-flex\">\n<div class=\"wp-block-button is-style-outline is-style-outline--cacd10126bde335133886cd742da5ea8\"><a class=\"wp-block-button__link has-pastel-green-background-color has-background wp-element-button\" href=\"https:\/\/www.facebook.com\/profile.php?id=100091798720632\" target=\"_blank\" rel=\"noreferrer noopener\">En savoir plus sur les activit\u00e9s<\/a><\/div>\n<\/div>\n\n\n\n<p><\/p>\n","protected":false},"excerpt":{"rendered":"<p>Connaissez-vous cet espace forestier situ\u00e9 \u00e0 la lisi\u00e8re de la Ville de Thuin ? Ses 23 hectares accueillent quotidiennement promeneurs en qu\u00eate de qui\u00e9tude, scouts, sportifs, f\u00e9rus de nature et de patrimoine&#8230; Un \u00e9crin qu&rsquo;il est n\u00e9cessaire de pr\u00e9server, de mettre en valeur et de promouvoir. Cette n\u00e9cessit\u00e9, une poign\u00e9e de citoyens thudiniens l&rsquo;a bien [&hellip;]<\/p>\n","protected":false},"author":18,"featured_media":18473,"comment_status":"closed","ping_status":"closed","sticky":false,"template":"","format":"standard","meta":{"footnotes":""},"categories":[1],"tags":[],"class_list":["post-18457","post","type-post","status-publish","format-standard","has-post-thumbnail","hentry","category-autres"],"_links":{"self":[{"href":"https:\/\/charleroi-metropole.be\/fr\/wp-json\/wp\/v2\/posts\/18457"}],"collection":[{"href":"https:\/\/charleroi-metropole.be\/fr\/wp-json\/wp\/v2\/posts"}],"about":[{"href":"https:\/\/charleroi-metropole.be\/fr\/wp-json\/wp\/v2\/types\/post"}],"author":[{"embeddable":true,"href":"https:\/\/charleroi-metropole.be\/fr\/wp-json\/wp\/v2\/users\/18"}],"replies":[{"embeddable":true,"href":"https:\/\/charleroi-metropole.be\/fr\/wp-json\/wp\/v2\/comments?post=18457"}],"version-history":[{"count":13,"href":"https:\/\/charleroi-metropole.be\/fr\/wp-json\/wp\/v2\/posts\/18457\/revisions"}],"predecessor-version":[{"id":18496,"href":"https:\/\/charleroi-metropole.be\/fr\/wp-json\/wp\/v2\/posts\/18457\/revisions\/18496"}],"wp:featuredmedia":[{"embeddable":true,"href":"https:\/\/charleroi-metropole.be\/fr\/wp-json\/wp\/v2\/media\/18473"}],"wp:attachment":[{"href":"https:\/\/charleroi-metropole.be\/fr\/wp-json\/wp\/v2\/media?parent=18457"}],"wp:term":[{"taxonomy":"category","embeddable":true,"href":"https:\/\/charleroi-metropole.be\/fr\/wp-json\/wp\/v2\/categories?post=18457"},{"taxonomy":"post_tag","embeddable":true,"href":"https:\/\/charleroi-metropole.be\/fr\/wp-json\/wp\/v2\/tags?post=18457"}],"curies":[{"name":"wp","href":"https:\/\/api.w.org\/{rel}","templated":true}]}}