{"id":17992,"date":"2025-01-09T13:44:21","date_gmt":"2025-01-09T11:44:21","guid":{"rendered":"https:\/\/charleroi-metropole.be\/?p=17992"},"modified":"2025-01-09T17:03:03","modified_gmt":"2025-01-09T15:03:03","slug":"vivre-et-travailler-a-charleroi","status":"publish","type":"post","link":"https:\/\/charleroi-metropole.be\/fr\/decouvrir\/vivre-et-travailler-a-charleroi\/","title":{"rendered":"Vivre et travailler \u00e0 Charleroi"},"content":{"rendered":"\n<p><\/p>\n\n\n\n<p>D\u00e9couvrez les raisons qui ont pouss\u00e9 ce jeune ing\u00e9nieur bruxellois \u00e0 habiter au coeur de la plus grande m\u00e9tropole wallonne. <\/p>\n\n\n\n<p>Anes a choisi de r\u00e9sider dans une colocation d&rsquo;<a href=\"https:\/\/www.ikoab.com\/\" target=\"_blank\" rel=\"noreferrer noopener\">Ikoab<\/a>. Cette entreprise d\u00e9veloppe des projets de co-living haut de gamme et abordable en centre-ville. <\/p>\n\n\n\n<p>Amaury Michiels, co-fondateur d&rsquo;Ikoab, t\u00e9moigne :<\/p>\n\n\n\n<blockquote class=\"wp-block-quote is-layout-flow wp-block-quote-is-layout-flow\">\n<blockquote class=\"wp-block-quote is-layout-flow wp-block-quote-is-layout-flow\">\n<p>\u00ab\u00a0On voit voit vraiment qu&rsquo;il y a une demande importante des personnes qui veulent revenir vivre en centre-ville, principalement des jeunes actifs\u00a0\u00bb. <\/p>\n<\/blockquote>\n<\/blockquote>\n\n\n\n<blockquote class=\"wp-block-quote is-layout-flow wp-block-quote-is-layout-flow\">\n<p><\/p>\n<\/blockquote>\n","protected":false},"excerpt":{"rendered":"<p>D\u00e9couvrez les raisons qui ont pouss\u00e9 ce jeune ing\u00e9nieur bruxellois \u00e0 habiter au coeur de la plus grande m\u00e9tropole wallonne. Anes a choisi de r\u00e9sider dans une colocation d&rsquo;Ikoab. Cette entreprise d\u00e9veloppe des projets de co-living haut de gamme et abordable en centre-ville. Amaury Michiels, co-fondateur d&rsquo;Ikoab, t\u00e9moigne :<\/p>\n","protected":false},"author":18,"featured_media":17999,"comment_status":"closed","ping_status":"closed","sticky":false,"template":"","format":"standard","meta":{"footnotes":""},"categories":[393,19,36],"tags":[],"class_list":["post-17992","post","type-post","status-publish","format-standard","has-post-thumbnail","hentry","category-decouverte","category-dynamisme-economique","category-lifestyle"],"_links":{"self":[{"href":"https:\/\/charleroi-metropole.be\/fr\/wp-json\/wp\/v2\/posts\/17992"}],"collection":[{"href":"https:\/\/charleroi-metropole.be\/fr\/wp-json\/wp\/v2\/posts"}],"about":[{"href":"https:\/\/charleroi-metropole.be\/fr\/wp-json\/wp\/v2\/types\/post"}],"author":[{"embeddable":true,"href":"https:\/\/charleroi-metropole.be\/fr\/wp-json\/wp\/v2\/users\/18"}],"replies":[{"embeddable":true,"href":"https:\/\/charleroi-metropole.be\/fr\/wp-json\/wp\/v2\/comments?post=17992"}],"version-history":[{"count":8,"href":"https:\/\/charleroi-metropole.be\/fr\/wp-json\/wp\/v2\/posts\/17992\/revisions"}],"predecessor-version":[{"id":18006,"href":"https:\/\/charleroi-metropole.be\/fr\/wp-json\/wp\/v2\/posts\/17992\/revisions\/18006"}],"wp:featuredmedia":[{"embeddable":true,"href":"https:\/\/charleroi-metropole.be\/fr\/wp-json\/wp\/v2\/media\/17999"}],"wp:attachment":[{"href":"https:\/\/charleroi-metropole.be\/fr\/wp-json\/wp\/v2\/media?parent=17992"}],"wp:term":[{"taxonomy":"category","embeddable":true,"href":"https:\/\/charleroi-metropole.be\/fr\/wp-json\/wp\/v2\/categories?post=17992"},{"taxonomy":"post_tag","embeddable":true,"href":"https:\/\/charleroi-metropole.be\/fr\/wp-json\/wp\/v2\/tags?post=17992"}],"curies":[{"name":"wp","href":"https:\/\/api.w.org\/{rel}","templated":true}]}}