{"id":15813,"date":"2024-04-23T11:57:42","date_gmt":"2024-04-23T09:57:42","guid":{"rendered":"https:\/\/charleroi-metropole.be\/?p=15813"},"modified":"2024-05-06T12:48:29","modified_gmt":"2024-05-06T10:48:29","slug":"un-campus-au-coeur-de-la-ville","status":"publish","type":"post","link":"https:\/\/charleroi-metropole.be\/fr\/decouvrir\/un-campus-au-coeur-de-la-ville\/","title":{"rendered":"Un campus au c\u0153ur de la ville"},"content":{"rendered":"\n<p><\/p>\n\n\n\n<p>Il y a plus d\u2019un si\u00e8cle, Charleroi d\u00e9veloppait l\u2019enseignement professionnel et technique le plus performant au monde. Mais faute d\u2019anticipation des mutations des besoins de formation, le nombre de dipl\u00f4m\u00e9s a peu \u00e0 peu chut\u00e9.\u00a0<\/p>\n\n\n\n<p>C\u2019est ainsi qu\u2019est n\u00e9e l\u2019id\u00e9e de l\u2019Universit\u00e9 Ouverte. <\/p>\n\n\n\n<blockquote class=\"wp-block-quote is-layout-flow wp-block-quote-is-layout-flow\">\n<p><em>\u00ab\u00a0En regroupant un ensemble de partenaires, ce campus propose d\u00e9sormais un parcours de formation coh\u00e9rent\u00a0\u00bb<\/em><\/p>\n<cite>explique son administrateur d\u00e9l\u00e9gu\u00e9, Dominique Cabiaux. <\/cite><\/blockquote>\n\n\n\n<p>Avec l\u2019objectif d\u2019atteindre les 12 \u00e0 13 000 apprenants d\u2019ici 2 \u00e0 3 ans, il esp\u00e8re augmenter le taux de diplomation\u00a0\u00e0 Charleroi : <em>\u00ab\u00a0Notre offre de formations, tr\u00e8s large et tr\u00e8s diversifi\u00e9e, montre qu\u2019il n\u2019est plus n\u00e9cessaire de quitter notre territoire pour \u00e9tudier, et ce tout au long de la vie.\u00a0\u00bb<\/em><\/p>\n","protected":false},"excerpt":{"rendered":"<p>Il y a plus d\u2019un si\u00e8cle, Charleroi d\u00e9veloppait l\u2019enseignement professionnel et technique le plus performant au monde. Mais faute d\u2019anticipation des mutations des besoins de formation, le nombre de dipl\u00f4m\u00e9s a peu \u00e0 peu chut\u00e9.\u00a0 C\u2019est ainsi qu\u2019est n\u00e9e l\u2019id\u00e9e de l\u2019Universit\u00e9 Ouverte. \u00ab\u00a0En regroupant un ensemble de partenaires, ce campus propose d\u00e9sormais un parcours [&hellip;]<\/p>\n","protected":false},"author":25,"featured_media":16521,"comment_status":"closed","ping_status":"closed","sticky":false,"template":"","format":"standard","meta":{"footnotes":""},"categories":[396],"tags":[],"class_list":["post-15813","post","type-post","status-publish","format-standard","has-post-thumbnail","hentry","category-education"],"_links":{"self":[{"href":"https:\/\/charleroi-metropole.be\/fr\/wp-json\/wp\/v2\/posts\/15813"}],"collection":[{"href":"https:\/\/charleroi-metropole.be\/fr\/wp-json\/wp\/v2\/posts"}],"about":[{"href":"https:\/\/charleroi-metropole.be\/fr\/wp-json\/wp\/v2\/types\/post"}],"author":[{"embeddable":true,"href":"https:\/\/charleroi-metropole.be\/fr\/wp-json\/wp\/v2\/users\/25"}],"replies":[{"embeddable":true,"href":"https:\/\/charleroi-metropole.be\/fr\/wp-json\/wp\/v2\/comments?post=15813"}],"version-history":[{"count":2,"href":"https:\/\/charleroi-metropole.be\/fr\/wp-json\/wp\/v2\/posts\/15813\/revisions"}],"predecessor-version":[{"id":15815,"href":"https:\/\/charleroi-metropole.be\/fr\/wp-json\/wp\/v2\/posts\/15813\/revisions\/15815"}],"wp:featuredmedia":[{"embeddable":true,"href":"https:\/\/charleroi-metropole.be\/fr\/wp-json\/wp\/v2\/media\/16521"}],"wp:attachment":[{"href":"https:\/\/charleroi-metropole.be\/fr\/wp-json\/wp\/v2\/media?parent=15813"}],"wp:term":[{"taxonomy":"category","embeddable":true,"href":"https:\/\/charleroi-metropole.be\/fr\/wp-json\/wp\/v2\/categories?post=15813"},{"taxonomy":"post_tag","embeddable":true,"href":"https:\/\/charleroi-metropole.be\/fr\/wp-json\/wp\/v2\/tags?post=15813"}],"curies":[{"name":"wp","href":"https:\/\/api.w.org\/{rel}","templated":true}]}}