{"id":15732,"date":"2024-04-02T14:06:44","date_gmt":"2024-04-02T12:06:44","guid":{"rendered":"https:\/\/charleroi-metropole.be\/?p=15732"},"modified":"2024-04-02T15:51:56","modified_gmt":"2024-04-02T13:51:56","slug":"food-c-manger-mieux","status":"publish","type":"post","link":"https:\/\/charleroi-metropole.be\/fr\/decouvrir\/food-c-manger-mieux\/","title":{"rendered":"Food.C  &#8211; Manger mieux"},"content":{"rendered":"\n<p>Initi\u00e9e en 2021, la dynamique Food.C veut \u00eatre un v\u00e9ritable catalyseur de la transition alimentaire sur le territoire de Charleroi M\u00e9tropole, avec l\u2019aide de tous les acteurs du secteur, de la fourche \u00e0 la fourchette. Nicolas Rosen, coordinateur : \u00ab Nous d\u00e9veloppons diverses infrastructures telles qu\u2019un incubateur de projets, un hub logistique et de transformation alimentaire ainsi qu\u2019une cuisine centrale o\u00f9 seront pr\u00e9par\u00e9s des repas sains, \u00e9quilibr\u00e9s, \u00e0 destination des collectivit\u00e9s \u2013 h\u00f4pitaux, cr\u00e8ches, CPAS, \u00e9coles, etc. \u00bb \u00c0 l\u2019avenir, Food.C continuera \u00e0 d\u00e9velopper la demande et l\u2019offre de produits sains, locaux, durables et accessibles ainsi que l\u2019offre de formation et de sensibilisation au sein de la fili\u00e8re agro-alimentaire. <\/p>\n\n\n\n<p>Vous voulez en savoir plus ? <a href=\"https:\/\/food-c.charleroi-metropole.be\/\">Cliquez ici&#8230; <\/a><\/p>\n","protected":false},"excerpt":{"rendered":"<p>Initi\u00e9e en 2021, la dynamique Food.C veut \u00eatre un v\u00e9ritable catalyseur de la transition alimentaire sur le territoire de Charleroi M\u00e9tropole, avec l\u2019aide de tous les acteurs du secteur, de la fourche \u00e0 la fourchette. Nicolas Rosen, coordinateur : \u00ab Nous d\u00e9veloppons diverses infrastructures telles qu\u2019un incubateur de projets, un hub logistique et de transformation [&hellip;]<\/p>\n","protected":false},"author":25,"featured_media":15737,"comment_status":"closed","ping_status":"closed","sticky":false,"template":"","format":"standard","meta":{"footnotes":""},"categories":[394],"tags":[],"class_list":["post-15732","post","type-post","status-publish","format-standard","has-post-thumbnail","hentry","category-alimentation-locale"],"_links":{"self":[{"href":"https:\/\/charleroi-metropole.be\/fr\/wp-json\/wp\/v2\/posts\/15732"}],"collection":[{"href":"https:\/\/charleroi-metropole.be\/fr\/wp-json\/wp\/v2\/posts"}],"about":[{"href":"https:\/\/charleroi-metropole.be\/fr\/wp-json\/wp\/v2\/types\/post"}],"author":[{"embeddable":true,"href":"https:\/\/charleroi-metropole.be\/fr\/wp-json\/wp\/v2\/users\/25"}],"replies":[{"embeddable":true,"href":"https:\/\/charleroi-metropole.be\/fr\/wp-json\/wp\/v2\/comments?post=15732"}],"version-history":[{"count":4,"href":"https:\/\/charleroi-metropole.be\/fr\/wp-json\/wp\/v2\/posts\/15732\/revisions"}],"predecessor-version":[{"id":15742,"href":"https:\/\/charleroi-metropole.be\/fr\/wp-json\/wp\/v2\/posts\/15732\/revisions\/15742"}],"wp:featuredmedia":[{"embeddable":true,"href":"https:\/\/charleroi-metropole.be\/fr\/wp-json\/wp\/v2\/media\/15737"}],"wp:attachment":[{"href":"https:\/\/charleroi-metropole.be\/fr\/wp-json\/wp\/v2\/media?parent=15732"}],"wp:term":[{"taxonomy":"category","embeddable":true,"href":"https:\/\/charleroi-metropole.be\/fr\/wp-json\/wp\/v2\/categories?post=15732"},{"taxonomy":"post_tag","embeddable":true,"href":"https:\/\/charleroi-metropole.be\/fr\/wp-json\/wp\/v2\/tags?post=15732"}],"curies":[{"name":"wp","href":"https:\/\/api.w.org\/{rel}","templated":true}]}}