{"id":15719,"date":"2024-03-26T12:10:53","date_gmt":"2024-03-26T10:10:53","guid":{"rendered":"https:\/\/charleroi-metropole.be\/?p=15719"},"modified":"2024-03-26T12:10:54","modified_gmt":"2024-03-26T10:10:54","slug":"carnaval-de-vierves-sur-viroin","status":"publish","type":"post","link":"https:\/\/charleroi-metropole.be\/fr\/decouvrir\/carnaval-de-vierves-sur-viroin\/","title":{"rendered":"Carnaval de Vierves-sur-Viroin"},"content":{"rendered":"\n<p><a href=\"https:\/\/www.youtube.com\/@CharleroiMetropole\"><\/a><\/p>\n\n\n\n<p><strong>De la Chandeleur au Mardi gras&nbsp;: semaines de f\u00eate \u00e0 Charleroi M\u00e9tropole<\/strong><\/p>\n\n\n\n<p><strong>R\u00e9servez d\u2019ores et d\u00e9j\u00e0 le Mardi gras dans votre agenda de l\u2019ann\u00e9e prochaine. Car s\u2019il y a bien une journ\u00e9e et une soir\u00e9e de folie \u00e0 ne pas manquer, ce sont celles qui cl\u00f4turent les festivit\u00e9s du Carnaval de Vierves-sur-Viroin.<\/strong><\/p>\n\n\n\n<p>Celui-ci d\u00e9bute tous les ans le 2 f\u00e9vrier \u00e0 minuit \u2013 soir de la Chandeleur \u2013 pour se terminer par le br\u00fblage, sur la place du village, du g\u00e9ant \u00e0 l\u2019effigie de Johan Simon. Ce carnaval haut en couleurs comm\u00e9more en effet la condamnation \u00e0 mort de ce Viervois qui, comme il n\u2019avait pas sa langue en poche et n\u2019avait pas peur de dire ce qu\u2019il pensait, plaisait beaucoup aux villageois mais fort peu au seigneur des lieux au Moyen-\u00c2ge. Cruel et tyrannique, celui-ci fit donc d\u00e9finitivement taire le fier Simon. Du moins le croyait-il, car comme l\u2019explique Lucien M\u00e9lon, musicien qui accompagne le cort\u00e8ge carnavalesque, la m\u00e9moire du valeureux Viervois reste bel et bien vivante dans le c\u0153ur des habitants de Vierves-sur-Viroin&nbsp;!<\/p>\n","protected":false},"excerpt":{"rendered":"<p>De la Chandeleur au Mardi gras&nbsp;: semaines de f\u00eate \u00e0 Charleroi M\u00e9tropole R\u00e9servez d\u2019ores et d\u00e9j\u00e0 le Mardi gras dans votre agenda de l\u2019ann\u00e9e prochaine. Car s\u2019il y a bien une journ\u00e9e et une soir\u00e9e de folie \u00e0 ne pas manquer, ce sont celles qui cl\u00f4turent les festivit\u00e9s du Carnaval de Vierves-sur-Viroin. Celui-ci d\u00e9bute tous [&hellip;]<\/p>\n","protected":false},"author":25,"featured_media":15720,"comment_status":"closed","ping_status":"closed","sticky":false,"template":"","format":"standard","meta":{"footnotes":""},"categories":[35,393],"tags":[],"class_list":["post-15719","post","type-post","status-publish","format-standard","has-post-thumbnail","hentry","category-culture","category-decouverte"],"_links":{"self":[{"href":"https:\/\/charleroi-metropole.be\/fr\/wp-json\/wp\/v2\/posts\/15719"}],"collection":[{"href":"https:\/\/charleroi-metropole.be\/fr\/wp-json\/wp\/v2\/posts"}],"about":[{"href":"https:\/\/charleroi-metropole.be\/fr\/wp-json\/wp\/v2\/types\/post"}],"author":[{"embeddable":true,"href":"https:\/\/charleroi-metropole.be\/fr\/wp-json\/wp\/v2\/users\/25"}],"replies":[{"embeddable":true,"href":"https:\/\/charleroi-metropole.be\/fr\/wp-json\/wp\/v2\/comments?post=15719"}],"version-history":[{"count":2,"href":"https:\/\/charleroi-metropole.be\/fr\/wp-json\/wp\/v2\/posts\/15719\/revisions"}],"predecessor-version":[{"id":15724,"href":"https:\/\/charleroi-metropole.be\/fr\/wp-json\/wp\/v2\/posts\/15719\/revisions\/15724"}],"wp:featuredmedia":[{"embeddable":true,"href":"https:\/\/charleroi-metropole.be\/fr\/wp-json\/wp\/v2\/media\/15720"}],"wp:attachment":[{"href":"https:\/\/charleroi-metropole.be\/fr\/wp-json\/wp\/v2\/media?parent=15719"}],"wp:term":[{"taxonomy":"category","embeddable":true,"href":"https:\/\/charleroi-metropole.be\/fr\/wp-json\/wp\/v2\/categories?post=15719"},{"taxonomy":"post_tag","embeddable":true,"href":"https:\/\/charleroi-metropole.be\/fr\/wp-json\/wp\/v2\/tags?post=15719"}],"curies":[{"name":"wp","href":"https:\/\/api.w.org\/{rel}","templated":true}]}}