{"id":15448,"date":"2024-02-16T12:39:32","date_gmt":"2024-02-16T10:39:32","guid":{"rendered":"https:\/\/charleroi-metropole.be\/?p=15448"},"modified":"2024-02-16T12:44:14","modified_gmt":"2024-02-16T10:44:14","slug":"rejoins-lequipe-de-charleroi-metropole","status":"publish","type":"post","link":"https:\/\/charleroi-metropole.be\/fr\/decouvrir\/rejoins-lequipe-de-charleroi-metropole\/","title":{"rendered":"Rejoins l&rsquo;\u00e9quipe de Charleroi M\u00e9tropole !"},"content":{"rendered":"\n<p><strong>En rejoignant l\u2019\u00e9quipe de Charleroi M\u00e9tropole, vous \u00eates charg\u00e9 de la mise en \u0153uvre de projets s\u2019inscrivant dans les axes identifi\u00e9s par le Projet de Territoire, et vous contribuez \u00e0 l\u2019animation des instances supracommunales.<\/strong><\/p>\n\n\n\n<p>La dynamique Charleroi M\u00e9tropole op\u00e8re \u00e0 l\u2019\u00e9chelle d\u2019un bassin de vie de 30 communes et de 600.000 habitants, avec un triple enjeu : <\/p>\n\n\n\n<ul class=\"wp-block-list\">\n<li>renforcer la coop\u00e9ration et le d\u00e9veloppement territorial \u00e0 l\u2019\u00e9chelle supracommunale, <\/li>\n<\/ul>\n\n\n\n<ul class=\"wp-block-list\">\n<li>acc\u00e9l\u00e9rer la mise en \u0153uvre de projets f\u00e9d\u00e9rateurs, structurants et diff\u00e9renciants <\/li>\n<\/ul>\n\n\n\n<ul class=\"wp-block-list\">\n<li>asseoir l\u2019identit\u00e9 m\u00e9tropolitaine du territoire, destin\u00e9e \u00e0 le faire rayonner et \u00e0 le positionner strat\u00e9giquement sur la carte internationale.<\/li>\n<\/ul>\n\n\n\n<p>Pour en savoir plus et pour postuler, rendez-vous <a href=\"https:\/\/www.igretec.com\/fr\/igretec\/emplois-stages\/postes-vacants\/#emploi-9166\">sur cette page<\/a>.<\/p>\n","protected":false},"excerpt":{"rendered":"<p>En rejoignant l\u2019\u00e9quipe de Charleroi M\u00e9tropole, vous \u00eates charg\u00e9 de la mise en \u0153uvre de projets s\u2019inscrivant dans les axes identifi\u00e9s par le Projet de Territoire, et vous contribuez \u00e0 l\u2019animation des instances supracommunales. La dynamique Charleroi M\u00e9tropole op\u00e8re \u00e0 l\u2019\u00e9chelle d\u2019un bassin de vie de 30 communes et de 600.000 habitants, avec un triple [&hellip;]<\/p>\n","protected":false},"author":25,"featured_media":15454,"comment_status":"closed","ping_status":"closed","sticky":false,"template":"","format":"standard","meta":{"footnotes":""},"categories":[643],"tags":[517,683],"class_list":["post-15448","post","type-post","status-publish","format-standard","has-post-thumbnail","hentry","category-cm","tag-emploi","tag-recrutement"],"_links":{"self":[{"href":"https:\/\/charleroi-metropole.be\/fr\/wp-json\/wp\/v2\/posts\/15448"}],"collection":[{"href":"https:\/\/charleroi-metropole.be\/fr\/wp-json\/wp\/v2\/posts"}],"about":[{"href":"https:\/\/charleroi-metropole.be\/fr\/wp-json\/wp\/v2\/types\/post"}],"author":[{"embeddable":true,"href":"https:\/\/charleroi-metropole.be\/fr\/wp-json\/wp\/v2\/users\/25"}],"replies":[{"embeddable":true,"href":"https:\/\/charleroi-metropole.be\/fr\/wp-json\/wp\/v2\/comments?post=15448"}],"version-history":[{"count":6,"href":"https:\/\/charleroi-metropole.be\/fr\/wp-json\/wp\/v2\/posts\/15448\/revisions"}],"predecessor-version":[{"id":15460,"href":"https:\/\/charleroi-metropole.be\/fr\/wp-json\/wp\/v2\/posts\/15448\/revisions\/15460"}],"wp:featuredmedia":[{"embeddable":true,"href":"https:\/\/charleroi-metropole.be\/fr\/wp-json\/wp\/v2\/media\/15454"}],"wp:attachment":[{"href":"https:\/\/charleroi-metropole.be\/fr\/wp-json\/wp\/v2\/media?parent=15448"}],"wp:term":[{"taxonomy":"category","embeddable":true,"href":"https:\/\/charleroi-metropole.be\/fr\/wp-json\/wp\/v2\/categories?post=15448"},{"taxonomy":"post_tag","embeddable":true,"href":"https:\/\/charleroi-metropole.be\/fr\/wp-json\/wp\/v2\/tags?post=15448"}],"curies":[{"name":"wp","href":"https:\/\/api.w.org\/{rel}","templated":true}]}}