{"id":15320,"date":"2020-03-16T11:05:02","date_gmt":"2020-03-16T09:05:02","guid":{"rendered":"https:\/\/charleroi-metropole.be\/2020\/03\/16\/report-du-concours-climat-charleroi-metropole\/"},"modified":"2020-03-16T11:05:02","modified_gmt":"2020-03-16T09:05:02","slug":"report-du-concours-climat-charleroi-metropole","status":"publish","type":"post","link":"https:\/\/charleroi-metropole.be\/fr\/decouvrir\/report-du-concours-climat-charleroi-metropole\/","title":{"rendered":"Report du concours climat Charleroi M\u00e9tropole"},"content":{"rendered":"<p>Suite aux mesures prises pour enrayer la propagation du coronavirus et \u00e0 la fermeture des \u00e9coles, Charleroi M\u00e9tropole postpose le concours climat. Un nouvelle date limite pour le d\u00e9p\u00f4t des candidatures sera communiqu\u00e9e ult\u00e9rieurement. Les candidatures d\u00e9j\u00e0 re\u00e7ues sont bien s\u00fbr toujours valables.<\/p>\n<p>Nous vous informerons du nouveau calendrier ici-m\u00eame et sur <a href=\"https:\/\/www.facebook.com\/charleroimetropole\/\" target=\"_blank\" rel=\"noopener\">notre page Facebook<\/a>.<\/p>\n","protected":false},"excerpt":{"rendered":"<p>Suite aux mesures prises pour enrayer la propagation du coronavirus et \u00e0 la fermeture des \u00e9coles, Charleroi M\u00e9tropole postpose le concours climat. Un nouvelle date limite pour le d\u00e9p\u00f4t des candidatures sera communiqu\u00e9e ult\u00e9rieurement. Les candidatures d\u00e9j\u00e0 re\u00e7ues sont bien s\u00fbr toujours valables. Nous vous informerons du nouveau calendrier ici-m\u00eame et sur notre page Facebook.<\/p>\n","protected":false},"author":25,"featured_media":4365,"comment_status":"open","ping_status":"closed","sticky":false,"template":"","format":"standard","meta":{"footnotes":""},"categories":[643],"tags":[],"class_list":["post-15320","post","type-post","status-publish","format-standard","has-post-thumbnail","hentry","category-cm"],"_links":{"self":[{"href":"https:\/\/charleroi-metropole.be\/fr\/wp-json\/wp\/v2\/posts\/15320"}],"collection":[{"href":"https:\/\/charleroi-metropole.be\/fr\/wp-json\/wp\/v2\/posts"}],"about":[{"href":"https:\/\/charleroi-metropole.be\/fr\/wp-json\/wp\/v2\/types\/post"}],"author":[{"embeddable":true,"href":"https:\/\/charleroi-metropole.be\/fr\/wp-json\/wp\/v2\/users\/25"}],"replies":[{"embeddable":true,"href":"https:\/\/charleroi-metropole.be\/fr\/wp-json\/wp\/v2\/comments?post=15320"}],"version-history":[{"count":0,"href":"https:\/\/charleroi-metropole.be\/fr\/wp-json\/wp\/v2\/posts\/15320\/revisions"}],"wp:featuredmedia":[{"embeddable":true,"href":"https:\/\/charleroi-metropole.be\/fr\/wp-json\/wp\/v2\/media\/4365"}],"wp:attachment":[{"href":"https:\/\/charleroi-metropole.be\/fr\/wp-json\/wp\/v2\/media?parent=15320"}],"wp:term":[{"taxonomy":"category","embeddable":true,"href":"https:\/\/charleroi-metropole.be\/fr\/wp-json\/wp\/v2\/categories?post=15320"},{"taxonomy":"post_tag","embeddable":true,"href":"https:\/\/charleroi-metropole.be\/fr\/wp-json\/wp\/v2\/tags?post=15320"}],"curies":[{"name":"wp","href":"https:\/\/api.w.org\/{rel}","templated":true}]}}