{"id":15301,"date":"2022-06-23T16:15:42","date_gmt":"2022-06-23T14:15:42","guid":{"rendered":"https:\/\/charleroi-metropole.be\/2022\/06\/23\/accelerer-la-transition-vers-une-agriculture-bas-carbone\/"},"modified":"2022-06-23T16:15:42","modified_gmt":"2022-06-23T14:15:42","slug":"accelerer-la-transition-vers-une-agriculture-bas-carbone","status":"publish","type":"post","link":"https:\/\/charleroi-metropole.be\/fr\/decouvrir\/accelerer-la-transition-vers-une-agriculture-bas-carbone\/","title":{"rendered":"Acc\u00e9l\u00e9rer la transition vers une agriculture bas-carbone"},"content":{"rendered":"<p>Vendredi 17 juin dernier, dans le cadre de la <strong>strat\u00e9gie <a href=\"https:\/\/food-c.charleroi-metropole.be\/\" target=\"_blank\" rel=\"noopener\">Food.C<\/a> <\/strong>port\u00e9e par Charleroi M\u00e9tropole, une rencontre \u00e9t\u00e9 organis\u00e9e entre les agriculteurs du territoire et <a href=\"https:\/\/soilcapital.com\/fr\/soil-capital-fr\/\" target=\"_blank\" rel=\"noopener\"><strong>Soil Capital<\/strong><\/a>.<\/p>\n<p>&nbsp;<\/p>\n<p>L\u2019objectif de Soil Capital et de cette rencontre \u00e9tait de <strong>connecter entreprises et agriculteurs de Charleroi M\u00e9tropole pour acc\u00e9l\u00e9rer la transition vers une agriculture bas-carbone, tout en augmentant la r\u00e9mun\u00e9ration des agriculteurs<\/strong>, via le m\u00e9canisme des certificats carbone. Ce syst\u00e8me vise \u00e0 encourager les agriculteurs \u00e0 r\u00e9duire \u00e0 la fois leurs \u00e9missions de carbone, mais \u00e9galement de le stocker, via des actions concr\u00e8tes comme la r\u00e9duction du travail du sol, le recours aux engrais organiques, une d\u00e9marche d\u2019agroforesterie, l\u2019implantation de couverts, la diversification de la rotation\u2026 L\u2019entreprise vient d\u2019ailleurs de r\u00e9mun\u00e9rer les premiers agriculteurs europ\u00e9ens pour la s\u00e9questration de carbone dans le sol \u00e0 l\u2019\u00e9chelle de leur exploitation\u00a0!<\/p>\n<p>&nbsp;<\/p>\n<p>Nous vous invitons \u00e0 d\u00e9couvrir ce m\u00e9canisme et ses b\u00e9n\u00e9fices dans le communiqu\u00e9 <a href=\"https:\/\/drive.igretec.com\/s\/Xgc8JbpN5YRzXS3\" target=\"_blank\" rel=\"noopener\">disponible sous ce lien<\/a>.<\/p>\n<p>&nbsp;<\/p>\n<p><img loading=\"lazy\" decoding=\"async\" class=\"alignnone size-medium wp-image-8859\" src=\"https:\/\/www.charleroi-metropole.be\/app\/uploads\/2022\/06\/logo-sc-640px-600x198.png\" alt=\"\" width=\"600\" height=\"198\" srcset=\"https:\/\/charleroi-metropole.be\/wp-content\/uploads\/2022\/06\/logo-sc-640px-600x198.png 600w, https:\/\/charleroi-metropole.be\/wp-content\/uploads\/2022\/06\/logo-sc-640px.png 640w\" sizes=\"(max-width: 600px) 100vw, 600px\" \/><\/p>\n","protected":false},"excerpt":{"rendered":"<p>Vendredi 17 juin dernier, dans le cadre de la strat\u00e9gie Food.C port\u00e9e par Charleroi M\u00e9tropole, une rencontre \u00e9t\u00e9 organis\u00e9e entre les agriculteurs du territoire et Soil Capital. &nbsp; L\u2019objectif de Soil Capital et de cette rencontre \u00e9tait de connecter entreprises et agriculteurs de Charleroi M\u00e9tropole pour acc\u00e9l\u00e9rer la transition vers une agriculture bas-carbone, tout en [&hellip;]<\/p>\n","protected":false},"author":25,"featured_media":2435,"comment_status":"open","ping_status":"closed","sticky":false,"template":"","format":"standard","meta":{"footnotes":""},"categories":[643],"tags":[],"class_list":["post-15301","post","type-post","status-publish","format-standard","has-post-thumbnail","hentry","category-cm"],"_links":{"self":[{"href":"https:\/\/charleroi-metropole.be\/fr\/wp-json\/wp\/v2\/posts\/15301"}],"collection":[{"href":"https:\/\/charleroi-metropole.be\/fr\/wp-json\/wp\/v2\/posts"}],"about":[{"href":"https:\/\/charleroi-metropole.be\/fr\/wp-json\/wp\/v2\/types\/post"}],"author":[{"embeddable":true,"href":"https:\/\/charleroi-metropole.be\/fr\/wp-json\/wp\/v2\/users\/25"}],"replies":[{"embeddable":true,"href":"https:\/\/charleroi-metropole.be\/fr\/wp-json\/wp\/v2\/comments?post=15301"}],"version-history":[{"count":0,"href":"https:\/\/charleroi-metropole.be\/fr\/wp-json\/wp\/v2\/posts\/15301\/revisions"}],"wp:featuredmedia":[{"embeddable":true,"href":"https:\/\/charleroi-metropole.be\/fr\/wp-json\/wp\/v2\/media\/2435"}],"wp:attachment":[{"href":"https:\/\/charleroi-metropole.be\/fr\/wp-json\/wp\/v2\/media?parent=15301"}],"wp:term":[{"taxonomy":"category","embeddable":true,"href":"https:\/\/charleroi-metropole.be\/fr\/wp-json\/wp\/v2\/categories?post=15301"},{"taxonomy":"post_tag","embeddable":true,"href":"https:\/\/charleroi-metropole.be\/fr\/wp-json\/wp\/v2\/tags?post=15301"}],"curies":[{"name":"wp","href":"https:\/\/api.w.org\/{rel}","templated":true}]}}