{"id":15290,"date":"2023-04-19T14:25:43","date_gmt":"2023-04-19T12:25:43","guid":{"rendered":"https:\/\/charleroi-metropole.be\/2023\/04\/19\/charleroi-metropole-recrute\/"},"modified":"2023-04-19T14:25:43","modified_gmt":"2023-04-19T12:25:43","slug":"charleroi-metropole-recrute","status":"publish","type":"post","link":"https:\/\/charleroi-metropole.be\/fr\/decouvrir\/charleroi-metropole-recrute\/","title":{"rendered":"Charleroi M\u00e9tropole recrute !"},"content":{"rendered":"<blockquote><p>Serez-vous notre nouveau charg\u00e9 de projet ?<\/p><\/blockquote>\n<p>En rejoignant l\u2019\u00e9quipe de Charleroi M\u00e9tropole, vous \u00eates charg\u00e9 de la mise en \u0153uvre de projets s\u2019inscrivant dans les axes identifi\u00e9s par le Projet de Territoire, et vous contribuez \u00e0 l\u2019animation des instances supracommunales.<\/p>\n<p>Plus concr\u00e8tement, vous \u00eates amen\u00e9 entre autres, \u00e0\u00a0:<\/p>\n<ul>\n<li>Participer \u00e0 la mise en \u0153uvre de projets structurants, dans une logique de d\u00e9veloppement durable et \u00e9conomique (d\u00e9veloppement territorial, mobilit\u00e9, \u00e9quipements, services, environnement, etc.) ;<\/li>\n<li>Contribuer au d\u00e9veloppement de la strat\u00e9gie et de l\u2019\u00e9cosyst\u00e8me Food-C (relocalisation de l\u2019alimentation saine et durable \u00e0 l\u2019\u00e9chelle du territoire) ;<\/li>\n<li>Acc\u00e9l\u00e9rer la mise en place de projets collaboratifs, en partenariat avec des acteurs aux m\u00e9tiers diversifi\u00e9s (d\u00e9veloppement \u00e9conomique, formation, industrie, etc.)\u00a0;<\/li>\n<li>Favoriser le d\u00e9veloppement de communaut\u00e9s d\u2019acteurs en regard des projets sur lesquels vous travaillez ;<\/li>\n<li>Faciliter les relations entre tous les intervenants en qualit\u00e9 d\u2019interlocuteur sp\u00e9cialis\u00e9 ;<\/li>\n<li>Assurer suivi et communication r\u00e9guli\u00e8re avec les partenaires avec lesquels vous collaborez.<\/li>\n<li>De mani\u00e8re g\u00e9n\u00e9rale, vous respectez les deadlines et atteignez les objectifs et indicateurs fix\u00e9s.<\/li>\n<\/ul>\n<p>Vous travaillez en coordination avec les autres services internes charg\u00e9s du d\u00e9veloppement et de la r\u00e9alisation concr\u00e8te des projets issus du processus de r\u00e9flexion que vous pilotez.<\/p>\n<p><a class=\"btn\" href=\"https:\/\/www.igretec.com\/fr\/igretec\/emplois-stages\/postes-vacants\/\" target=\"_blank\" rel=\"noopener\">Pour plus d&rsquo;infos et pour proposer votre candidature&#8230;<\/a><\/p>\n","protected":false},"excerpt":{"rendered":"<p>Serez-vous notre nouveau charg\u00e9 de projet ? En rejoignant l\u2019\u00e9quipe de Charleroi M\u00e9tropole, vous \u00eates charg\u00e9 de la mise en \u0153uvre de projets s\u2019inscrivant dans les axes identifi\u00e9s par le Projet de Territoire, et vous contribuez \u00e0 l\u2019animation des instances supracommunales. Plus concr\u00e8tement, vous \u00eates amen\u00e9 entre autres, \u00e0\u00a0: Participer \u00e0 la mise en \u0153uvre [&hellip;]<\/p>\n","protected":false},"author":25,"featured_media":9320,"comment_status":"open","ping_status":"closed","sticky":false,"template":"","format":"standard","meta":{"footnotes":""},"categories":[643],"tags":[],"class_list":["post-15290","post","type-post","status-publish","format-standard","has-post-thumbnail","hentry","category-cm"],"_links":{"self":[{"href":"https:\/\/charleroi-metropole.be\/fr\/wp-json\/wp\/v2\/posts\/15290"}],"collection":[{"href":"https:\/\/charleroi-metropole.be\/fr\/wp-json\/wp\/v2\/posts"}],"about":[{"href":"https:\/\/charleroi-metropole.be\/fr\/wp-json\/wp\/v2\/types\/post"}],"author":[{"embeddable":true,"href":"https:\/\/charleroi-metropole.be\/fr\/wp-json\/wp\/v2\/users\/25"}],"replies":[{"embeddable":true,"href":"https:\/\/charleroi-metropole.be\/fr\/wp-json\/wp\/v2\/comments?post=15290"}],"version-history":[{"count":0,"href":"https:\/\/charleroi-metropole.be\/fr\/wp-json\/wp\/v2\/posts\/15290\/revisions"}],"wp:featuredmedia":[{"embeddable":true,"href":"https:\/\/charleroi-metropole.be\/fr\/wp-json\/wp\/v2\/media\/9320"}],"wp:attachment":[{"href":"https:\/\/charleroi-metropole.be\/fr\/wp-json\/wp\/v2\/media?parent=15290"}],"wp:term":[{"taxonomy":"category","embeddable":true,"href":"https:\/\/charleroi-metropole.be\/fr\/wp-json\/wp\/v2\/categories?post=15290"},{"taxonomy":"post_tag","embeddable":true,"href":"https:\/\/charleroi-metropole.be\/fr\/wp-json\/wp\/v2\/tags?post=15290"}],"curies":[{"name":"wp","href":"https:\/\/api.w.org\/{rel}","templated":true}]}}