{"id":15262,"date":"2023-12-20T14:28:00","date_gmt":"2023-12-20T12:28:00","guid":{"rendered":"https:\/\/charleroi-metropole.be\/?p=15262"},"modified":"2024-01-26T14:29:46","modified_gmt":"2024-01-26T12:29:46","slug":"la-surprenante-balade-urbaine-de-la-grande-derive","status":"publish","type":"post","link":"https:\/\/charleroi-metropole.be\/fr\/decouvrir\/la-surprenante-balade-urbaine-de-la-grande-derive\/","title":{"rendered":"La surprenante balade urbaine de la Grande D\u00e9rive"},"content":{"rendered":"\n<p>Chaussez vos bottines de randonn\u00e9e et suivez les traces de Micheline Dufert, co-conceptrice de la <strong>\u2018Grande D\u00e9rive\u2019<\/strong>. D\u2019\u00e9tonnantes d\u00e9couvertes vous attendent au fil des 54 km de cette balade urbaine, que vous pouvez parcourir par &nbsp;tron\u00e7ons d\u2019environ 15 km (ou d\u2019une traite pour les plus motiv\u00e9s&nbsp;!).<\/p>\n\n\n\n<p>Des parcs urbains au nord de la Sambre et des quartiers miniers autour du terril du Martinet, vous passerez \u00e0 la biodiversit\u00e9 de la carri\u00e8re du Brun Ch\u00eane puis au site m\u00e9moriel du Bois du Cazier.<\/p>\n\n\n\n<p>Vous grimperez alors au sommet du terril pour admirer le panorama sur la M\u00e9tropole carolor\u00e9gienne avant de retrouver la Sambre \u00e0 Ch\u00e2telet et le fantastique paysage qu\u2019offrent les bassins de d\u00e9cantation du c\u00f4t\u00e9 de Bouffioulx. Charleroi et ses environs comme vous ne les avez jamais vus !<\/p>\n\n\n\n<h3 class=\"wp-block-heading\">Bonne balade !<\/h3>\n\n\n\n<p><a href=\"https:\/\/www.cm-tourisme.be\/fr\/a\/la-grande-derive\" target=\"_blank\" rel=\"noreferrer noopener\">Pour plus d&rsquo;infos<\/a><\/p>\n","protected":false},"excerpt":{"rendered":"<p>Chaussez vos bottines de randonn\u00e9e et suivez les traces de Micheline Dufert, co-conceptrice de la \u2018Grande D\u00e9rive\u2019. D\u2019\u00e9tonnantes d\u00e9couvertes vous attendent au fil des 54 km de cette balade urbaine, que vous pouvez parcourir par &nbsp;tron\u00e7ons d\u2019environ 15 km (ou d\u2019une traite pour les plus motiv\u00e9s&nbsp;!). Des parcs urbains au nord de la Sambre et [&hellip;]<\/p>\n","protected":false},"author":27,"featured_media":15263,"comment_status":"closed","ping_status":"closed","sticky":false,"template":"","format":"standard","meta":{"footnotes":""},"categories":[1,393],"tags":[],"class_list":["post-15262","post","type-post","status-publish","format-standard","has-post-thumbnail","hentry","category-autres","category-decouverte"],"_links":{"self":[{"href":"https:\/\/charleroi-metropole.be\/fr\/wp-json\/wp\/v2\/posts\/15262"}],"collection":[{"href":"https:\/\/charleroi-metropole.be\/fr\/wp-json\/wp\/v2\/posts"}],"about":[{"href":"https:\/\/charleroi-metropole.be\/fr\/wp-json\/wp\/v2\/types\/post"}],"author":[{"embeddable":true,"href":"https:\/\/charleroi-metropole.be\/fr\/wp-json\/wp\/v2\/users\/27"}],"replies":[{"embeddable":true,"href":"https:\/\/charleroi-metropole.be\/fr\/wp-json\/wp\/v2\/comments?post=15262"}],"version-history":[{"count":0,"href":"https:\/\/charleroi-metropole.be\/fr\/wp-json\/wp\/v2\/posts\/15262\/revisions"}],"wp:featuredmedia":[{"embeddable":true,"href":"https:\/\/charleroi-metropole.be\/fr\/wp-json\/wp\/v2\/media\/15263"}],"wp:attachment":[{"href":"https:\/\/charleroi-metropole.be\/fr\/wp-json\/wp\/v2\/media?parent=15262"}],"wp:term":[{"taxonomy":"category","embeddable":true,"href":"https:\/\/charleroi-metropole.be\/fr\/wp-json\/wp\/v2\/categories?post=15262"},{"taxonomy":"post_tag","embeddable":true,"href":"https:\/\/charleroi-metropole.be\/fr\/wp-json\/wp\/v2\/tags?post=15262"}],"curies":[{"name":"wp","href":"https:\/\/api.w.org\/{rel}","templated":true}]}}