{"id":15191,"date":"2023-09-07T14:04:00","date_gmt":"2023-09-07T12:04:00","guid":{"rendered":"https:\/\/charleroi-metropole.be\/?p=15191"},"modified":"2024-04-26T09:53:54","modified_gmt":"2024-04-26T07:53:54","slug":"participez-a-la-semaine-de-la-mobilite-a-charleroi-metropole","status":"publish","type":"post","link":"https:\/\/charleroi-metropole.be\/fr\/decouvrir\/participez-a-la-semaine-de-la-mobilite-a-charleroi-metropole\/","title":{"rendered":"Participez \u00e0 la semaine de la mobilit\u00e9 \u00e0 Charleroi M\u00e9tropole !"},"content":{"rendered":"\n<p>Diff\u00e9rentes activit\u00e9s sont organis\u00e9es sur le territoire. Celles-ci proposent des services v\u00e9lo ou des animations autour de la micro-mobilit\u00e9.<\/p>\n\n\n\n<p><strong>Profitez de ces multiples occasions pour vous informer, r\u00e9viser votre b\u00e9cane, tester des v\u00e9los, vous former&#8230;&nbsp;<\/strong><\/p>\n\n\n\n<figure class=\"wp-block-image size-full\"><img decoding=\"async\" src=\"https:\/\/charleroi-metropole.be\/app\/uploads\/webp\/activites_semainemobilite2023-424x600-1.webp\" alt=\"\" class=\"wp-image-15192\" \/><\/figure>\n","protected":false},"excerpt":{"rendered":"<p>Diff\u00e9rentes activit\u00e9s sont organis\u00e9es sur le territoire. Celles-ci proposent des services v\u00e9lo ou des animations autour de la micro-mobilit\u00e9. Profitez de ces multiples occasions pour vous informer, r\u00e9viser votre b\u00e9cane, tester des v\u00e9los, vous former&#8230;&nbsp;<\/p>\n","protected":false},"author":25,"featured_media":15195,"comment_status":"closed","ping_status":"closed","sticky":false,"template":"","format":"standard","meta":{"footnotes":""},"categories":[393,398,396],"tags":[503,512,511,64,25],"class_list":["post-15191","post","type-post","status-publish","format-standard","has-post-thumbnail","hentry","category-decouverte","category-ecologie","category-education","tag-mobilite","tag-mobilite-douce","tag-transition-energetique","tag-transport","tag-velo"],"_links":{"self":[{"href":"https:\/\/charleroi-metropole.be\/fr\/wp-json\/wp\/v2\/posts\/15191"}],"collection":[{"href":"https:\/\/charleroi-metropole.be\/fr\/wp-json\/wp\/v2\/posts"}],"about":[{"href":"https:\/\/charleroi-metropole.be\/fr\/wp-json\/wp\/v2\/types\/post"}],"author":[{"embeddable":true,"href":"https:\/\/charleroi-metropole.be\/fr\/wp-json\/wp\/v2\/users\/25"}],"replies":[{"embeddable":true,"href":"https:\/\/charleroi-metropole.be\/fr\/wp-json\/wp\/v2\/comments?post=15191"}],"version-history":[{"count":1,"href":"https:\/\/charleroi-metropole.be\/fr\/wp-json\/wp\/v2\/posts\/15191\/revisions"}],"predecessor-version":[{"id":15934,"href":"https:\/\/charleroi-metropole.be\/fr\/wp-json\/wp\/v2\/posts\/15191\/revisions\/15934"}],"wp:featuredmedia":[{"embeddable":true,"href":"https:\/\/charleroi-metropole.be\/fr\/wp-json\/wp\/v2\/media\/15195"}],"wp:attachment":[{"href":"https:\/\/charleroi-metropole.be\/fr\/wp-json\/wp\/v2\/media?parent=15191"}],"wp:term":[{"taxonomy":"category","embeddable":true,"href":"https:\/\/charleroi-metropole.be\/fr\/wp-json\/wp\/v2\/categories?post=15191"},{"taxonomy":"post_tag","embeddable":true,"href":"https:\/\/charleroi-metropole.be\/fr\/wp-json\/wp\/v2\/tags?post=15191"}],"curies":[{"name":"wp","href":"https:\/\/api.w.org\/{rel}","templated":true}]}}