{"id":1102,"date":"2019-01-13T09:06:46","date_gmt":"2019-01-13T07:06:46","guid":{"rendered":"https:\/\/www.charleroi-metropole.be\/?p=1102"},"modified":"2024-04-26T10:06:41","modified_gmt":"2024-04-26T08:06:41","slug":"montigny-bois-roussel-handicap","status":"publish","type":"post","link":"https:\/\/charleroi-metropole.be\/fr\/decouvrir\/montigny-bois-roussel-handicap\/","title":{"rendered":"Une journ\u00e9e avec des producteurs pas comme les autres"},"content":{"rendered":"<h2>Bois Roussel, Montigny-Le-Tilleul<\/h2>\n<blockquote><p>On a pass\u00e9 une journ\u00e9e \u00e0 la maison du <a href=\"http:\/\/leboisroussel.be\/\" target=\"_blank\" rel=\"noopener\">Bois Roussel<\/a>, une asbl bas\u00e9e \u00e0 Montigny-Le-Tilleul qui accueille des adultes handicap\u00e9s selon trois valeurs cl\u00e9s : la satisfaction par le travail, l\u2019int\u00e9gration dans la soci\u00e9t\u00e9 et le bien-\u00eatre des personnes.<\/p><\/blockquote>\n<p>Tiziana, 36 ans, est une personne handicap\u00e9e et vient au centre de jour depuis quelques ann\u00e9es. Aujourd\u2019hui, elle participe \u00e0 l\u2019atelier de production de jus de pomme. \u201c<em>Je ferme les bouteilles avec le capuchon, puis je les mets dans un bac<\/em>\u201d, explique Tiziana.<\/p>\n<p>Avec 4 autres\u00a0travailleurs handicap\u00e9s\u00a0et un \u00e9ducateur-horticulteur, elle r\u00e9alise du jus de pomme de A \u00e0 Z, en fonction de ses forces et ses faiblesses.<\/p>\n<figure id=\"attachment_1690\" aria-describedby=\"caption-attachment-1690\" style=\"width: 1600px\" class=\"wp-caption alignnone\"><img loading=\"lazy\" decoding=\"async\" class=\"wp-image-1690 size-large\" src=\"https:\/\/charleroi-metropole.be\/app\/uploads\/webp\/19_boisroussel_.00_01_02_22.still013-1600x900.webp\" alt=\"handicap-fromage-Montigny\" width=\"1600\" height=\"900\" \/><figcaption id=\"caption-attachment-1690\" class=\"wp-caption-text\">Les personnes extraordinaires produisent du fromage qu&rsquo;ils vendent tous les vendredis dans leur petit magasin \u00e0 Montigny-le-Tilleul<\/figcaption><\/figure>\n<h2>Un travail valorisant, bien plus qu\u2019une occupation<\/h2>\n<p>L\u2019id\u00e9e de cet atelier est de donner aux participants une satisfaction par le travail et l\u2019accomplissement d\u2019une t\u00e2che sp\u00e9cifique et reconnue. Pour ce faire, l\u2019atelier est pens\u00e9 en lien avec le monde &lsquo;ext\u00e9rieur&rsquo;. \u201c<em>Tout d\u2019abord, les gens qui am\u00e8nent leurs pommes sont accueillis par les travailleurs qui aident \u00e0 d\u00e9charger les caisses\u201d<\/em>, explique Quentin Denuit, \u00e9ducateur et responsable de l\u2019atelier. \u201c<em>Ensuite, les travailleurs lavent et pressent les pommes, pasteurisent et mettent le jus en bouteilles ou en cubis. D\u00e8s que le jus est pr\u00eat, les personnes viennent le rechercher, en \u00e9change d\u2019un prix d\u00e9mocratique au litre. L&rsquo;ext\u00e9rieur est r\u00e9ellement reconnaissant de ce travail\u00a0\u00bb,\u00a0<\/em>pr\u00e9cise-t-il.<\/p>\n<blockquote><p>Le monde ext\u00e9rieur reconnait l&rsquo;importance du travail et valorise consid\u00e9rablement les personnes handicap\u00e9es<\/p><\/blockquote>\n<p>Chaque travailleur accomplit donc une t\u00e2che dans la fabrication du jus de pomme. En plus de cette valorisation, le processus est accr\u00e9dit\u00e9 par l\u2019Afsca. Les r\u00e8gles d\u2019hygi\u00e8ne, propres \u00e0 n\u2019importe quelle commercialisation de produits alimentaires, sont respect\u00e9es.<\/p>\n<p>Deux autres ateliers de production sont \u00e9galement reconnus par l\u2019Afsca, la fromagerie et la miellerie. De la m\u00eame mani\u00e8re que pour la fabrication du jus de pomme, les travailleurs r\u00e9alisent le fromage de A \u00e0 Z et s&rsquo;occupent du rucher durant l&rsquo;ann\u00e9e, y compris au moment de la r\u00e9colte du miel.<\/p>\n<figure id=\"attachment_1688\" aria-describedby=\"caption-attachment-1688\" style=\"width: 1600px\" class=\"wp-caption alignnone\"><img loading=\"lazy\" decoding=\"async\" class=\"wp-image-1688 size-large\" src=\"https:\/\/charleroi-metropole.be\/app\/uploads\/webp\/19_boisroussel_.00_00_51_13.still011-1600x900.webp\" alt=\"clients-bois-roussel-bouteille\" width=\"1600\" height=\"900\" \/><figcaption id=\"caption-attachment-1688\" class=\"wp-caption-text\">Les clients apportent leurs pommes au Bois Roussel que les personnes extraordinaires presseront et mettront en bouteille<\/figcaption><\/figure>\n<h2>Un lien significatif entre producteur et consommateur<\/h2>\n<p>Pour vendre les diff\u00e9rentes pr\u00e9parations produites au Bois Roussel, les travailleurs tiennent un petit magasin tous les vendredis dans le centre, de 9h \u00e0 15h45. Ils sont charg\u00e9s d\u2019installer les produits, d\u2019accueillir les clients, de les servir et de faire les comptes. \u201c<em>Certaines personnes atteintes d&rsquo;autisme ont appris \u00e0 compter, \u00e0 force d&rsquo;exercices et de pratique \u00e0 la caisse du petit magasin. C\u2019est impressionnant de voir les progr\u00e8s en \u00e0 peine quelques mois, en s\u2019attelant \u00e0 la t\u00e2che<\/em>\u201d, explique Julie, \u00e9ducatrice et fromag\u00e8re au Bois Roussel.<\/p>\n<p>Le Bois Roussel est \u00e9galement fournisseur officiel des Chevaliers de l\u2019<a href=\"https:\/\/www.charleroi-metropole.be\/?p=1022&amp;preview=true\" target=\"_blank\" rel=\"noopener\">Abbaye d\u2019Aulne<\/a>. Il leur fournit deux fromages \u00e0 leur nom.<\/p>\n<blockquote><p>Le Bois Roussel est fournisseur officiel du fromage des Chevaliers de l&rsquo;Abbaye d&rsquo;Aulne<\/p><\/blockquote>\n<p>Autre contact avec l\u2019ext\u00e9rieur : les visites d\u2019\u00e9coles. \u201c<em>Beaucoup de classes de 3\u00e8me et de 5\u00e8me primaire de l\u2019entit\u00e9 viennent visiter le Bois Roussel et d\u00e9couvrir les diff\u00e9rents ateliers<\/em>\u201d, explique Jean- Marie Grimard, directeur du centre. Il ajoute :\u00a0 \u201c<em>les enfants posent des questions sur la fabrication des produits aux travailleurs, ceux-ci y r\u00e9pondent avec plaisir et se sentent valoris\u00e9s. Un travailleur me racontait avec fiert\u00e9 qu\u2019il s\u2019\u00e9tait fait appeler Monsieur par un enfant\u00a0\u00bb.<\/em><\/p>\n<h2><\/h2>\n<figure id=\"attachment_1683\" aria-describedby=\"caption-attachment-1683\" style=\"width: 1600px\" class=\"wp-caption alignnone\"><img loading=\"lazy\" decoding=\"async\" class=\"wp-image-1683 size-large\" src=\"https:\/\/charleroi-metropole.be\/app\/uploads\/webp\/19_boisroussel_.00_00_27_13.still006-1600x900.webp\" alt=\"travailleur-Roussel-comp\u00e9tences-handicap-Montigny\" width=\"1600\" height=\"900\" \/><figcaption id=\"caption-attachment-1683\" class=\"wp-caption-text\">Chaque travailleur participe \u00e0 l&rsquo;activit\u00e9 du centre le Bois Roussel en fonction de ses comp\u00e9tences<\/figcaption><\/figure>\n<h2>Apprendre \u00e0 s&rsquo;exprimer \u00e0 travers l&rsquo;art et le sport<\/h2>\n<p>De nombreux \u00e9v\u00e9nements sont \u00e9galement organis\u00e9s au Centre pour valoriser le travail de ces adultes particuliers. \u00c0 cot\u00e9 des ateliers de production, d\u2019autres sont organis\u00e9s, dont l&rsquo;un d&rsquo;entre eux est consacr\u00e9 \u00e0 l\u2019expression. \u201c<em>Ici, les participants expriment ce qu\u2019ils ressentent \u00e0 travers le th\u00e9\u00e2tre, la musique, l\u2019art plastique, la poterie, etc. Chaque r\u00e9alisation sera montr\u00e9e au public, avec une expo par exemple. On a notamment gagn\u00e9 plusieurs fois le <a href=\"http:\/\/www.grandprixdelachanson.be\/\" target=\"_blank\" rel=\"noopener\">Grand Prix de la Chanson<\/a> \u00e0 Charleroi<\/em>\u201d, nous confie Agn\u00e8s Genicq, \u00e9ducatrice responsable de l\u2019atelier cr\u00e9atif.<\/p>\n<p>Un autre atelier se focalise sur le sport. Certaines ann\u00e9es, les travailleurs participent aux jeux paralympiques.<\/p>\n<blockquote><p>Les personnes handicap\u00e9es du Bois Roussel se font souvent remarquer par leurs performances hors du commun lors de diff\u00e9rentes comp\u00e9titions<\/p><\/blockquote>\n<p>De nombreux moments conviviaux sont \u00e9galement organis\u00e9s au Centre : une f\u00eate \u00e0 No\u00ebl, une expo, des concours, etc. G\u00e9n\u00e9ralement, les travailleurs, le personnel et les familles proches aident \u00e0 l\u2019organisation des \u00e9v\u00e9nements.<\/p>\n<figure id=\"attachment_1685\" aria-describedby=\"caption-attachment-1685\" style=\"width: 1600px\" class=\"wp-caption alignnone\"><img loading=\"lazy\" decoding=\"async\" class=\"wp-image-1685 size-large\" src=\"https:\/\/charleroi-metropole.be\/app\/uploads\/webp\/19_boisroussel_.00_00_30_19.still008-1600x900.webp\" alt=\"cr\u00e9atif-bois-roussel-Montigny-emotion\" width=\"1600\" height=\"900\" \/><figcaption id=\"caption-attachment-1685\" class=\"wp-caption-text\">L&rsquo;atelier cr\u00e9atif, organis\u00e9 au Bois Roussel \u00e0 Montigny, permet \u00e0 chaque travailler d&rsquo;exprimer ses \u00e9motions<\/figcaption><\/figure>\n<h2>Des activit\u00e9s utiles au bien-\u00eatre des travailleurs<\/h2>\n<p>Le Bois Roussel mise principalement sur le bien-\u00eatre des travailleurs. Les ateliers durent deux heures maximum. Le nombre de r\u00e9sidents est limit\u00e9 \u00e0 24, afin de garder un nombre restreint de participants par atelier. Au cours de la journ\u00e9e, un atelier est organis\u00e9 le matin et un autre, l\u2019apr\u00e8s-midi. Un repas complet, pr\u00e9par\u00e9 par les travailleurs lors de l&rsquo;atelier cuisine, est servi \u00e0 midi.<\/p>\n<p>\u00c0 c\u00f4t\u00e9 de ces diff\u00e9rents ateliers, des vacances avec les travailleurs sont pr\u00e9vues chaque ann\u00e9e en guise de r\u00e9compense. Durant une dizaine de jours, travailleurs et personnel partent tous ensemble pour prendre du bon temps. \u201c<em>Ce sont les travailleurs qui choisissent eux-m\u00eames ce qu\u2019ils veulent faire : restaurant, balade, visite, etc. Derni\u00e8rement, nous sommes all\u00e9s visiter un parc animalier sur leur demande<\/em>\u201d, explique Jean-Marie Grimard.<\/p>\n<p>Parmi les 24 travailleurs, 4 d&rsquo;entre eux vivent dans un logement, supervis\u00e9 par le Centre. \u201c<em>Mon but est d\u2019apprendre \u00e0 me d\u00e9brouiller seule. Je vis chez mes parents pour le moment mais je veux apprendre \u00e0 faire \u00e0 manger, \u00e0 faire des choses toute seule&#8230; Bref, \u00e0 \u00eatre autonome. \u00c7a sera important surtout quand mes parents ne seront plus l\u00e0<\/em>\u201d, raconte Delphine Dewinter, travailleuse arriv\u00e9e au Bois Roussel il y a un mois.<\/p>\n<p>Un des objectif du Bois Roussel est d\u2019accompagner les r\u00e9sidents vers davantage d\u2019autonomie, chacun en fonction de ses propres capacit\u00e9s.<\/p>\n<p>&nbsp;<\/p>\n<p><strong>Contact :<br \/>\n<\/strong>Le Bois Roussel<br \/>\nRue de Marchienne 32<br \/>\n6110 Montigny-le-Tilleul<br \/>\n+32 (0)71 51 13 71<br \/>\nleboisroussel@gmail.com<br \/>\n<a href=\"http:\/\/leboisroussel.be\/\" target=\"_blank\" rel=\"noopener\">www.leboisroussel.be<\/a><\/p>\n<p><small>\u00a9Vid\u00e9o\/Reed &amp; J\u00e9r\u00f4me Gobin<\/small><\/p>\n<aside class=\"useful-links\">\n    <ul class=\"useful-links__list\">\n            <\/ul>\n<\/aside>\n\n","protected":false},"excerpt":{"rendered":"<p>Bois Roussel, Montigny-Le-Tilleul On a pass\u00e9 une journ\u00e9e \u00e0 la maison du Bois Roussel, une asbl bas\u00e9e \u00e0 Montigny-Le-Tilleul qui accueille des adultes handicap\u00e9s selon trois valeurs cl\u00e9s : la satisfaction par le travail, l\u2019int\u00e9gration dans la soci\u00e9t\u00e9 et le bien-\u00eatre des personnes. Tiziana, 36 ans, est une personne handicap\u00e9e et vient au centre de [&hellip;]<\/p>\n","protected":false},"author":27,"featured_media":1681,"comment_status":"closed","ping_status":"closed","sticky":false,"template":"","format":"standard","meta":{"footnotes":""},"categories":[394,19],"tags":[45,20,54,70,69,22,50,24,26],"class_list":["post-1102","post","type-post","status-publish","format-standard","has-post-thumbnail","hentry","category-alimentation-locale","category-dynamisme-economique","tag-artisan","tag-enfants","tag-formation","tag-handicap","tag-insertion","tag-local","tag-sante","tag-terroir","tag-visite"],"_links":{"self":[{"href":"https:\/\/charleroi-metropole.be\/fr\/wp-json\/wp\/v2\/posts\/1102"}],"collection":[{"href":"https:\/\/charleroi-metropole.be\/fr\/wp-json\/wp\/v2\/posts"}],"about":[{"href":"https:\/\/charleroi-metropole.be\/fr\/wp-json\/wp\/v2\/types\/post"}],"author":[{"embeddable":true,"href":"https:\/\/charleroi-metropole.be\/fr\/wp-json\/wp\/v2\/users\/27"}],"replies":[{"embeddable":true,"href":"https:\/\/charleroi-metropole.be\/fr\/wp-json\/wp\/v2\/comments?post=1102"}],"version-history":[{"count":4,"href":"https:\/\/charleroi-metropole.be\/fr\/wp-json\/wp\/v2\/posts\/1102\/revisions"}],"predecessor-version":[{"id":16470,"href":"https:\/\/charleroi-metropole.be\/fr\/wp-json\/wp\/v2\/posts\/1102\/revisions\/16470"}],"wp:featuredmedia":[{"embeddable":true,"href":"https:\/\/charleroi-metropole.be\/fr\/wp-json\/wp\/v2\/media\/1681"}],"wp:attachment":[{"href":"https:\/\/charleroi-metropole.be\/fr\/wp-json\/wp\/v2\/media?parent=1102"}],"wp:term":[{"taxonomy":"category","embeddable":true,"href":"https:\/\/charleroi-metropole.be\/fr\/wp-json\/wp\/v2\/categories?post=1102"},{"taxonomy":"post_tag","embeddable":true,"href":"https:\/\/charleroi-metropole.be\/fr\/wp-json\/wp\/v2\/tags?post=1102"}],"curies":[{"name":"wp","href":"https:\/\/api.w.org\/{rel}","templated":true}]}}