{"id":1089,"date":"2019-01-19T18:33:45","date_gmt":"2019-01-19T16:33:45","guid":{"rendered":"https:\/\/www.charleroi-metropole.be\/?p=1089"},"modified":"2024-04-26T10:06:17","modified_gmt":"2024-04-26T08:06:17","slug":"thuin-abbaye-aulne","status":"publish","type":"post","link":"https:\/\/charleroi-metropole.be\/fr\/decouvrir\/thuin-abbaye-aulne\/","title":{"rendered":"Sur les traces des moines de l\u2019Abbaye d\u2019Aulne"},"content":{"rendered":"<h2>Abbaye d&rsquo;Aulne, Thuin<\/h2>\n<blockquote>\n<p style=\"text-align: left\">Au c\u0153ur de la commune de Thuin, d\u00e9couverte des ruines impressionnantes de <a href=\"https:\/\/abbayedaulne.be\/fr\" target=\"_blank\" rel=\"noopener\">l&rsquo;Abbaye d&rsquo;Aulne<\/a>, o\u00f9 le pass\u00e9 et la nature sauvage cohabitent \u00e0 merveille: un moment de s\u00e9r\u00e9nit\u00e9 dans un havre de paix.<\/p>\n<\/blockquote>\n<p>Cet endroit, surnomm\u00e9 &lsquo;la Vall\u00e9e de la paix&rsquo;, n\u2019a pas \u00e9t\u00e9 choisi par hasard par les moines cisterciens au XII\u00e8me si\u00e8cle. La Sambre, les bois et la position g\u00e9ographique proche de Charleroi ont d\u00e9termin\u00e9 l\u2019emplacement pour construire l&rsquo;abbaye et ses d\u00e9pendances.<\/p>\n<figure id=\"attachment_1637\" aria-describedby=\"caption-attachment-1637\" style=\"width: 1600px\" class=\"wp-caption alignnone\"><img loading=\"lazy\" decoding=\"async\" class=\"wp-image-1637 size-large\" src=\"https:\/\/charleroi-metropole.be\/app\/uploads\/webp\/15_abbayedaulne.00_00_46_09.still007-1600x900.webp\" alt=\"ruines-pass\u00e9-abbaye-aulne\" width=\"1600\" height=\"900\" \/><figcaption id=\"caption-attachment-1637\" class=\"wp-caption-text\">Les ruines de l&rsquo;Abbaye d&rsquo;Aulne t\u00e9moignent d&rsquo;un pass\u00e9 riche et marquant<\/figcaption><\/figure>\n<h2>\u00c0 la recherche d&rsquo;un pass\u00e9 grandiose<\/h2>\n<p>Aujourd\u2019hui, la structure de la plupart des b\u00e2timents est encore visible. Sur\u00a0place, on d\u00e9couvre l\u2019\u00e9glise, le clo\u00eetre, la tour, le verger, la cour int\u00e9rieure ou encore la carrosserie, \u00e0 l&rsquo;\u00e9tat de ruines ou encore b\u00e2tis.<\/p>\n<p>Les techniques d&rsquo;irrigation impressionnent\u00a0: \u201c<em>on peut d\u00e9couvrir plus de 2,9 km de r\u00e9seau hydraulique. C\u2019est unique en Europe<\/em>\u201d, explique Swamini Decuir, guide \u00e0 l\u2019Office du Tourisme de Thuin.\u00a0 \u201c<em>Les moines ont \u00e9tabli un syst\u00e8me d\u2019irrigation tr\u00e8s sophistiqu\u00e9 pour l\u2019\u00e9poque : un circuit pour l\u2019eau potable, un autre pour les eaux us\u00e9es et un dernier pour l&rsquo;eau de pluie. On retrouve 3 collecteurs qui se dirigent vers la Sambre.\u201d,\u00a0<\/em>pr\u00e9cise-t-elle.\u00a0L\u2019eau a jou\u00e9 un r\u00f4le pr\u00e9pond\u00e9rant sur place. Aux alentours de l&rsquo;abbaye,\u00a06 viviers fournissaient les moines en poissons, pour leur consommation personnelle.<\/p>\n<blockquote><p><em>On d\u00e9couvre un r\u00e9seau hydraulique de 2,9 km unique en Europe<\/em><\/p><\/blockquote>\n<p>La visite des ruines peut se faire avec ou sans guide. Un panneau explicatif sous chaque \u00e9difice raconte l&rsquo;histoire des pierres.<\/p>\n<figure id=\"attachment_1640\" aria-describedby=\"caption-attachment-1640\" style=\"width: 1600px\" class=\"wp-caption alignnone\"><img loading=\"lazy\" decoding=\"async\" class=\"wp-image-1640 size-large\" src=\"https:\/\/charleroi-metropole.be\/app\/uploads\/webp\/15_abbayedaulne.00_01_00_08.still010-1600x900.webp\" alt=\"abbaye-aulne-nature-v\u00e9g\u00e9tation\" width=\"1600\" height=\"900\" \/><figcaption id=\"caption-attachment-1640\" class=\"wp-caption-text\">Le site de l&rsquo;Abbaye d&rsquo;Aulne est recouvert d&rsquo;une importante v\u00e9g\u00e9tation qui caract\u00e9rise les lieux<\/figcaption><\/figure>\n<h2>De multiples pr\u00e9textes pour d\u00e9couvrir le lieu<\/h2>\n<p>Si les ruines sont impressionnantes, elles se distinguent principalement par leur c\u00f4t\u00e9 hors du temps. \u201c<em>Je trouve que les lieux inspirent&#8230; j\u2019ai l\u2019impression d\u2019\u00eatre ailleurs qu\u2019en Belgique<\/em>\u201d, indique un visiteur de passage.<\/p>\n<p>Le lieu a d\u2019ailleurs inspir\u00e9 un producteur anversois, Kristoff Leue, pour la r\u00e9alisation d&rsquo;un \u00e9pisode de la s\u00e9rie Mister Right. Son\u00a0r\u00e9alisateur chinois, Xiao Feng Yao, a tourn\u00e9 dans l\u2019entr\u00e9e, le clo\u00eetre et l\u2019ancienne \u00e9glise. L&rsquo;audience de cette s\u00e9rie, tr\u00e8s populaire en Chine,\u00a0d\u00e9passe les 380 millions de t\u00e9l\u00e9spectateurs.<\/p>\n<p>L&rsquo;Office du Tourisme de Thuin a mis\u00e9 sur l&rsquo;attrait du jeu pour d\u00e9couvrir l&rsquo;abbaye. Il a d\u00e9velopp\u00e9 une application ludique autour de l\u2019histoire du lieu, &lsquo;les myst\u00e8res de l\u2019Abbaye&rsquo;. Il\u00a0 propose \u00e9galement des animations bas\u00e9es sur un module de jeux anciens ou une d\u00e9gustation de bi\u00e8res de l\u2019abbaye \u00e0 l\u2019aveugle, entre autres.<\/p>\n<figure id=\"attachment_1643\" aria-describedby=\"caption-attachment-1643\" style=\"width: 1600px\" class=\"wp-caption alignnone\"><img loading=\"lazy\" decoding=\"async\" class=\"wp-image-1643 size-large\" src=\"https:\/\/charleroi-metropole.be\/app\/uploads\/webp\/15_abbayedaulne.00_01_30_01.still013-1600x900.webp\" alt=\"abbaye-aulne-ruine-produits-terroir\" width=\"1600\" height=\"900\" \/><figcaption id=\"caption-attachment-1643\" class=\"wp-caption-text\">Les visites de ruines de l&rsquo;Abbaye se terminent g\u00e9n\u00e9ralement par la d\u00e9gustation de produits du terroir<\/figcaption><\/figure>\n<h2>Id\u00e9alement situ\u00e9 pour une journ\u00e9e en famille ou entre amis<\/h2>\n<p>Les ruines accueillent de nombreux visiteurs, venus en famille ou dans le cadre d\u2019\u00e9v\u00e9nements. \u201cEn 2018, environ 10.000 visiteurs ont rejoint le site, \u2154 en visite libre et \u2153 en visite organis\u00e9e. On esp\u00e8re augmenter ce nombre chaque ann\u00e9e\u201d, nous explique Swamini Decuir. A l\u2019avenir, la R\u00e9gion Wallonne, propri\u00e9taire des lieux, compte investir dans l&rsquo;agrandissement du circuit p\u00e9destre et am\u00e9nager le moulin en centre d&rsquo;interpr\u00e9tation.<\/p>\n<p>Les visiteurs peuvent agr\u00e9ablement terminer leur journ\u00e9e d\u2019excursion hors du temps dans un des \u00e9tablissements horeca. La brasserie<a href=\"http:\/\/www.laguinguette.biz\/\" target=\"_blank\" rel=\"noopener\">\u00a0la Guinguette<\/a>, par exemple, en face de l\u2019\u00e9cluse propose des sp\u00e9cialit\u00e9s du terroir. Le restaurant, <a href=\"http:\/\/www.cavesdelabbaye.be\/\" target=\"_blank\" rel=\"noopener\">Les Caves de l&rsquo;Abbaye d&rsquo;Aulne<\/a>, install\u00e9 dans les sous-sols de l&rsquo;Abbaye, prolonge d&rsquo;une belle mani\u00e8re l&rsquo;exploration des vieilles pierres.<\/p>\n<p>&nbsp;<\/p>\n<figure id=\"attachment_1642\" aria-describedby=\"caption-attachment-1642\" style=\"width: 1600px\" class=\"wp-caption alignnone\"><img loading=\"lazy\" decoding=\"async\" class=\"wp-image-1642 size-large\" src=\"https:\/\/charleroi-metropole.be\/app\/uploads\/webp\/15_abbayedaulne.00_01_24_03.still012-1600x900.webp\" alt=\"Ruines-abbaye-Aulne-charleroi-velo-ravel\" width=\"1600\" height=\"900\" \/><figcaption id=\"caption-attachment-1642\" class=\"wp-caption-text\">Les ruines de l&rsquo;Abbaye d&rsquo;Aulne sont facilement accessibles \u00e0 v\u00e9lo. Seulement 12km depuis Charleroi via le RAVeL<\/figcaption><\/figure>\n<p>&nbsp;<\/p>\n<p>De nombreux citadins se rendent \u00e0 l\u2019abbaye \u00e0 v\u00e9lo depuis Charleroi. Le chemin, du Centre-ville \u00e0 l\u2019Abbaye, suit le Ravel le long de la Sambre et ne d\u00e9passe pas 12km. \u201c<em>On a lou\u00e9 des v\u00e9los \u00e9lectriques \u00e0 la gare de Charleroi, c\u2019est pratique<\/em>\u201d, explique Pauline, en team building \u00e0 l\u2019abbaye d\u2019Aulne. \u201c<em>On a mis 30 minutes pour venir jusqu\u2019ici, c\u2019est parfait<\/em>\u201d.<br \/>\nLes ruines sont \u00e9galement accessibles en train ou en voiture.<\/p>\n<p>Dans les prochaines ann\u00e9es, diff\u00e9rents projets, comme l&rsquo;installation d&rsquo;un spa, devraient se d\u00e9velopper aux alentours de l\u2019abbaye.<\/p>\n<p>&nbsp;<\/p>\n<p><strong>Contact\u00a0:<\/strong><br \/>\nAbbaye d&rsquo;Aulne<br \/>\nRue \u00c9mile Vandervelde 277<br \/>\n6534 Thuin<br \/>\n+32 (0)71 55 49 28<br \/>\n<a href=\"http:\/\/wwww.abbayedaulne.be\" target=\"_blank\" rel=\"noopener\">wwww.abbayedaulne.be<\/a><\/p>\n<p><small>\u00a9Vid\u00e9o\/Reed &amp; J\u00e9r\u00f4me Gobin<\/small><\/p>\n<aside class=\"useful-links\">\n    <ul class=\"useful-links__list\">\n                    <li class=\"useful-links__item\">\n                <a href=\"https:\/\/charleroi-metropole.be\/fr\/decouvrir\/chimay-biere-fromage\/\">\n                    <figure class=\"useful-links__fig\">\n                                                    <img decoding=\"async\" src=\"https:\/\/charleroi-metropole.be\/wp-content\/uploads\/2018\/11\/02_chimay.00_00_23_06.still003-500x0-c-default.jpg\" alt=\"Une journ\u00e9e \u00e0 l\u2019Abbaye de Chimay, une entreprise pas comme les autres\" class=\"useful-links__img\">\n                                            <\/figure>\n\n                    <span class=\"useful-links__title\">Une journ\u00e9e \u00e0 l\u2019Abbaye de Chimay, une entreprise pas comme les autres<\/span>\n                <\/a>\n            <\/li>\n                    <li class=\"useful-links__item\">\n                <a href=\"https:\/\/charleroi-metropole.be\/fr\/decouvrir\/couvin-grottes-de-neptune\/\">\n                    <figure class=\"useful-links__fig\">\n                                                    <img decoding=\"async\" src=\"https:\/\/charleroi-metropole.be\/wp-content\/uploads\/2018\/10\/img_4059-500x0-c-default.jpg\" alt=\"Les Grottes de Neptune cachent un lac encore inexplor\u00e9\" class=\"useful-links__img\">\n                                            <\/figure>\n\n                    <span class=\"useful-links__title\">Les Grottes de Neptune cachent un lac encore inexplor\u00e9<\/span>\n                <\/a>\n            <\/li>\n                    <li class=\"useful-links__item\">\n                <a href=\"https:\/\/charleroi-metropole.be\/fr\/decouvrir\/exploration-urbaine-de-charleroi\/\">\n                    <figure class=\"useful-links__fig\">\n                                                    <img decoding=\"async\" src=\"https:\/\/charleroi-metropole.be\/wp-content\/uploads\/2018\/11\/09_safari.00_00_56_00.still009-500x0-c-default.jpg\" alt=\"De l\u2019exploration urbaine de Charleroi\" class=\"useful-links__img\">\n                                            <\/figure>\n\n                    <span class=\"useful-links__title\">De l\u2019exploration urbaine de Charleroi<\/span>\n                <\/a>\n            <\/li>\n            <\/ul>\n<\/aside>\n\n<p>***<\/p>\n<h2>La coop\u00e9rative Brillo \u00e0 la gare de Charleroi, le tout pour les cyclistes<\/h2>\n<p>Cr\u00e9\u00e9e en 2004, la <a href=\"http:\/\/brillo.be\/\" target=\"_blank\" rel=\"noopener\">coop\u00e9rative Brillo<\/a> propose diff\u00e9rents services pour les cyclistes. Elle loue des v\u00e9los, \u00e9lectriques et classiques, r\u00e9pare et vend des v\u00e9los recycl\u00e9s. \u201c<em>Depuis peu, on a lanc\u00e9 l\u2019op\u00e9ration &lsquo;un v\u00e9lo pour la vie&rsquo;. En tant que parent, vous achetez un premier v\u00e9lo \u00e0 65 euros pour votre enfant. Quand le v\u00e9lo est trop petit pour lui, on vous le change gratuitement. Le contrat s&rsquo;arr\u00eate lorsque votre enfant re\u00e7oit le premier v\u00e9lo taille adulte<\/em>\u201d, explique Malcom, employ\u00e9 chez Brillo. L\u2019id\u00e9e est de d\u00e9velopper la vente de v\u00e9los recycl\u00e9s. Deux personnes travaillent dans la coop\u00e9rative.<\/p>\n<aside class=\"useful-links\">\n    <ul class=\"useful-links__list\">\n                    <li class=\"useful-links__item\">\n                <a href=\"https:\/\/charleroi-metropole.be\/fr\/decouvrir\/velo\/\">\n                    <figure class=\"useful-links__fig\">\n                                                    <img decoding=\"async\" src=\"https:\/\/charleroi-metropole.be\/wp-content\/uploads\/2020\/08\/charleroi-metropole-velo-randonnee-famille-500x0-c-default.jpg\" alt=\"(Re)d\u00e9couvrir la M\u00e9tropole \u00e0 v\u00e9lo\" class=\"useful-links__img\">\n                                            <\/figure>\n\n                    <span class=\"useful-links__title\">(Re)d\u00e9couvrir la M\u00e9tropole \u00e0 v\u00e9lo<\/span>\n                <\/a>\n            <\/li>\n            <\/ul>\n<\/aside>\n\n<p>***<\/p>\n<h2>T-shirt Mania, du design 100% carolo<\/h2>\n<p>Nicolas Gea cr\u00e9e la marque <a href=\"https:\/\/tshirtmania.be\/\" target=\"_blank\" rel=\"noopener\">Tshirt Mania<\/a> en 2011. Il propose des habits personnalis\u00e9s, principalement en lien avec la culture carolo. Il vend ses produits sur une boutique en ligne et lors de diff\u00e9rents salons et march\u00e9s de cr\u00e9ateurs. Apr\u00e8s s\u2019\u00eatre fait conna\u00eetre gr\u00e2ce \u00e0 diff\u00e9rents points de vente, \u00e0 l\u2019Eden par exemple, il installe sa boutique rue de Dampremy. Il s&rsquo;agit du premier magasin de souvenirs officiel de la ville de Charleroi. Trois personnes travaillent dans la startup.<\/p>\n","protected":false},"excerpt":{"rendered":"<p>Abbaye d&rsquo;Aulne, Thuin Au c\u0153ur de la commune de Thuin, d\u00e9couverte des ruines impressionnantes de l&rsquo;Abbaye d&rsquo;Aulne, o\u00f9 le pass\u00e9 et la nature sauvage cohabitent \u00e0 merveille: un moment de s\u00e9r\u00e9nit\u00e9 dans un havre de paix. Cet endroit, surnomm\u00e9 &lsquo;la Vall\u00e9e de la paix&rsquo;, n\u2019a pas \u00e9t\u00e9 choisi par hasard par les moines cisterciens au [&hellip;]<\/p>\n","protected":false},"author":27,"featured_media":1641,"comment_status":"closed","ping_status":"closed","sticky":false,"template":"","format":"standard","meta":{"footnotes":""},"categories":[35],"tags":[37,34,20,27,43,44,31,24,25,26],"class_list":["post-1089","post","type-post","status-publish","format-standard","has-post-thumbnail","hentry","category-culture","tag-animation","tag-bar","tag-enfants","tag-histoire","tag-nature","tag-religion","tag-restaurant","tag-terroir","tag-velo","tag-visite"],"_links":{"self":[{"href":"https:\/\/charleroi-metropole.be\/fr\/wp-json\/wp\/v2\/posts\/1089"}],"collection":[{"href":"https:\/\/charleroi-metropole.be\/fr\/wp-json\/wp\/v2\/posts"}],"about":[{"href":"https:\/\/charleroi-metropole.be\/fr\/wp-json\/wp\/v2\/types\/post"}],"author":[{"embeddable":true,"href":"https:\/\/charleroi-metropole.be\/fr\/wp-json\/wp\/v2\/users\/27"}],"replies":[{"embeddable":true,"href":"https:\/\/charleroi-metropole.be\/fr\/wp-json\/wp\/v2\/comments?post=1089"}],"version-history":[{"count":4,"href":"https:\/\/charleroi-metropole.be\/fr\/wp-json\/wp\/v2\/posts\/1089\/revisions"}],"predecessor-version":[{"id":16412,"href":"https:\/\/charleroi-metropole.be\/fr\/wp-json\/wp\/v2\/posts\/1089\/revisions\/16412"}],"wp:featuredmedia":[{"embeddable":true,"href":"https:\/\/charleroi-metropole.be\/fr\/wp-json\/wp\/v2\/media\/1641"}],"wp:attachment":[{"href":"https:\/\/charleroi-metropole.be\/fr\/wp-json\/wp\/v2\/media?parent=1089"}],"wp:term":[{"taxonomy":"category","embeddable":true,"href":"https:\/\/charleroi-metropole.be\/fr\/wp-json\/wp\/v2\/categories?post=1089"},{"taxonomy":"post_tag","embeddable":true,"href":"https:\/\/charleroi-metropole.be\/fr\/wp-json\/wp\/v2\/tags?post=1089"}],"curies":[{"name":"wp","href":"https:\/\/api.w.org\/{rel}","templated":true}]}}