{"id":1073,"date":"2019-01-15T09:18:01","date_gmt":"2019-01-15T07:18:01","guid":{"rendered":"https:\/\/www.charleroi-metropole.be\/?p=1073"},"modified":"2024-04-26T10:06:34","modified_gmt":"2024-04-26T08:06:34","slug":"pont-a-celles-pacrock","status":"publish","type":"post","link":"https:\/\/charleroi-metropole.be\/fr\/decouvrir\/pont-a-celles-pacrock\/","title":{"rendered":"Les dessous du Pacrock, le festival qui fait vibrer les foules"},"content":{"rendered":"<h2>Pacrock Festival, Pont-\u00e0-Celles<\/h2>\n<blockquote><p>Le <a href=\"https:\/\/www.pacrock.be\/\" target=\"_blank\" rel=\"noopener\">Pacrock<\/a>, \u00e0 Pont-\u00e0-Celles,\u00a0c&rsquo;est d\u00e9sormais une histoire de c\u0153ur pour de tr\u00e8s nombreux amateurs de musique. Plus de 6.000 personnes se d\u00e9placent chaque ann\u00e9e pour \u00e9couter des concerts durant un week-end. Une aventure musicale qui n\u2019est pas pr\u00e8s de s\u2019arr\u00eater.<\/p><\/blockquote>\n<p>\u201c<em>On a lanc\u00e9 le festival en 2003. \u00c0 l\u2019\u00e9poque, on organisait des petits concerts dans la Maison des Jeunes de Pont-\u00e0-Celles. Et puis, peu \u00e0 peu, le festival a grandi<\/em>\u201d, explique Alexandre Francart, coordinateur du festival. \u201c<em>Jusqu\u2019en 2011, on programmait des artistes connus du grand public de la sc\u00e8ne pop rock. On comptait 3.000 &#8211; 4.000 personnes par jour, c\u2019\u00e9tait de la folie. \u00a0\u00c0 partir de 2012, on a d\u00e9cid\u00e9 de se rediriger vers un festival musical alternatif<\/em>\u201d.<\/p>\n<h2>Un festival musical alternatif<\/h2>\n<p>Le concept du Pacrock est d&rsquo;y faire d\u00e9couvrir ce\u00a0qui ne se voit pas et ne s&rsquo;entend pas ailleurs. \u201c<em>On n\u2019a plus vraiment envie de mettre en avant des artistes qui tournent d\u00e9j\u00e0 partout en Wallonie, on a envie d\u2019avoir d\u2019autres noms<\/em>\u201d, explique Alexandre Francart. Pour choisir les groupes, les organisateurs r\u00e9alisent notamment un partenariat avec la plate-forme culturelle du <a href=\"https:\/\/www.vecteur.be\/\" target=\"_blank\" rel=\"noopener\">Vecteur<\/a> pour la soir\u00e9e \u00e9lectro-techno du vendredi soir et avec le <a href=\"http:\/\/www.rockerill.com\/\" target=\"_blank\" rel=\"noopener\">Rockerill<\/a>\u00a0pour celle du samedi soir.<\/p>\n<aside class=\"useful-links\">\n    <ul class=\"useful-links__list\">\n                    <li class=\"useful-links__item\">\n                <a href=\"https:\/\/charleroi-metropole.be\/fr\/decouvrir\/charleroi-rockerill\/\">\n                    <figure class=\"useful-links__fig\">\n                                                    <img decoding=\"async\" src=\"https:\/\/charleroi-metropole.be\/wp-content\/uploads\/2018\/11\/14_rockerill_.00_00_00_18.still002-500x0-c-default.jpg\" alt=\"Pourquoi le Rockerill est un lieu unique pour faire la f\u00eate\" class=\"useful-links__img\">\n                                            <\/figure>\n\n                    <span class=\"useful-links__title\">Pourquoi le Rockerill est un lieu unique pour faire la f\u00eate<\/span>\n                <\/a>\n            <\/li>\n            <\/ul>\n<\/aside>\n\n<blockquote><p>La programmation originale propose de d\u00e9couvrir des artistes in\u00e9dits<\/p><\/blockquote>\n<p>L\u2019esprit alternatif se per\u00e7oit \u00e9galement dans l&rsquo;am\u00e9nagement du site du festival. Le site est install\u00e9 dans le parc du prieur\u00e9, entre l\u2019\u00e9glise du village et les rails d&rsquo;une ligne de chemin de fer, le long d\u2019une all\u00e9e d\u2019arbres centenaires.<\/p>\n<p>La d\u00e9marche de consommation se veut \u00e9galement alternative. \u201c<em>On se fournit chez les producteurs locaux pour les repas et les boissons, on a install\u00e9 des toilettes s\u00e8ches, on a instaur\u00e9 le principe du gobelet r\u00e9utilisable, du tri des d\u00e9chets, de l\u2019utilisation minimale du plastique, etc. Les d\u00e9cors sont r\u00e9alis\u00e9s avec du mat\u00e9riel de r\u00e9cup\u00e9ration\u201d<\/em>, explique Alexandre Francart. Plusieurs associations de sensibilisation sont \u00e9galement pr\u00e9sentes sur le site.<\/p>\n<figure id=\"attachment_1500\" aria-describedby=\"caption-attachment-1500\" style=\"width: 1600px\" class=\"wp-caption alignnone\"><img loading=\"lazy\" decoding=\"async\" class=\"wp-image-1500 size-large\" src=\"https:\/\/charleroi-metropole.be\/app\/uploads\/webp\/11_pacrock_.604.still003-1600x900.webp\" alt=\"benevole-festival-pacrock-pont-a-celles\" width=\"1600\" height=\"900\" \/><figcaption id=\"caption-attachment-1500\" class=\"wp-caption-text\">Plus de 60 b\u00e9n\u00e9voles participent \u00e0 l&rsquo;organisation du festival Pacrock \u00e0 Pont-\u00e0-celles<\/figcaption><\/figure>\n<h2>Organis\u00e9 par une \u00e9quipe de b\u00e9n\u00e9voles motiv\u00e9s<\/h2>\n<p>Les organisateurs du festival sont b\u00e9n\u00e9voles. Une dizaine de personnes travaillent \u00e0 la coordination toute l\u2019ann\u00e9e. D\u2019autres b\u00e9n\u00e9voles s&rsquo;ajoutent \u00e0 la pr\u00e9paration concr\u00e8te du festival et lors de l\u2019\u00e9v\u00e9nement.<\/p>\n<blockquote><p>De nombreuses personnes s&rsquo;activent en coulisses pour que le festival se d\u00e9roule au mieux<\/p><\/blockquote>\n<p>Quelques heures avant le lancement, de nombreuses personnes s\u2019activent en coulisse : certaines peignent les derniers \u00e9criteaux, d\u2019autres comptent les tickets, d\u2019autres encore pr\u00e9parent sono et lampions. \u00a0\u201c<em>On installe le bar et le stand de nourriture<\/em>\u201d, expliquent trois scouts en train de fixer les derniers serres-c\u00e2bles sur une tonnelle.<\/p>\n<p>Si le festival demande pas mal d\u2019organisation, les retours sont tr\u00e8s encourageants. \u201c<em>Je suis charg\u00e9e de trouver et de g\u00e9rer les groupes de b\u00e9n\u00e9voles. C\u2019est tout une logistique \u00e0 mettre en place, en plus de mon emploi du temps habituel, entre le travail, la famille&#8230; En m\u00eame temps, quand je vois le r\u00e9sultat, je suis vraiment satisfaite<\/em>\u201d, explique Julie, responsable des b\u00e9n\u00e9voles. \u201c<em>Je suis contente que ce festival continue, j\u2019ai vraiment envie que mes enfants le d\u00e9couvrent<\/em>\u201d.<\/p>\n<p>Durant toute la dur\u00e9e du festival, du vendredi au samedi, plus de 60 b\u00e9n\u00e9voles sont sollicit\u00e9s.<\/p>\n<h2>Pacrock, symbole du village<\/h2>\n<p>Le public du festival est assez h\u00e9t\u00e9roclite. De nombreuses personnes de l\u2019entit\u00e9, de tout \u00e2ge, se rendent sur les lieux, principalement en raison de la proximit\u00e9 de l\u2019\u00e9v\u00e9nement. D\u2019autres viennent de plus loin, g\u00e9n\u00e9ralement pour profiter des concerts ou simplement de l&rsquo;ambiance. \u201c<em>En fonction de l\u2019affiche, le public se d\u00e9place depuis Bruxelles, le Brabant Wallon, Li\u00e8ge, Namur&#8230; Ce sont g\u00e9n\u00e9ralement des connaisseurs, ouverts \u00e0 la musique que l\u2019on propose<\/em>\u201d, explique Alexandre Francart.<\/p>\n<p>Quelques emplacements de tentes sont \u00e9galement propos\u00e9s \u00e0 ceux qui viennent de loin ou qui n\u2019ont pas de moyen de transport.<\/p>\n<figure id=\"attachment_1512\" aria-describedby=\"caption-attachment-1512\" style=\"width: 1600px\" class=\"wp-caption alignnone\"><img loading=\"lazy\" decoding=\"async\" class=\"wp-image-1512 size-large\" src=\"https:\/\/charleroi-metropole.be\/app\/uploads\/webp\/11_pacrock_.1390.still015-1600x900.webp\" alt=\"musique-pacrock-choix\" width=\"1600\" height=\"900\" \/><figcaption id=\"caption-attachment-1512\" class=\"wp-caption-text\">Des nombreux amateurs de musique se rendent au Pacrock, connu pour ses choix musicaux audacieux<\/figcaption><\/figure>\n<h2>Source d&rsquo;inspiration pour d&rsquo;autres \u00e9v\u00e9nements<\/h2>\n<p>\u201c<em>Si d\u2019autres M\u00e9tropolitains \u00e9taient int\u00e9ress\u00e9s par l\u2019organisation d\u2019un festival dans leur commune, je leur dirais de bien d\u00e9finir leur cr\u00e9neau. Le public de la M\u00e9tropole est tr\u00e8s ouvert, il appr\u00e9cie les \u00e9v\u00e9nements qui sortent de l\u2019ordinaire<\/em>\u201d, conclut Alexandre Francart.<\/p>\n<p>&nbsp;<\/p>\n<p><strong>Contact\u00a0:<\/strong><br \/>\nPacrock festival<br \/>\nPlace Communale<br \/>\n6230 Pont-\u00e0-Celles<br \/>\nAlex@pacrock.be<br \/>\n<a href=\"https:\/\/www.pacrock.be\" target=\"_blank\" rel=\"noopener\">www.pacrock.be<\/a><\/p>\n<p><small>\u00a9Vid\u00e9o\/Reed &amp; J\u00e9r\u00f4me Gobin<\/small><\/p>\n","protected":false},"excerpt":{"rendered":"<p>Pacrock Festival, Pont-\u00e0-Celles Le Pacrock, \u00e0 Pont-\u00e0-Celles,\u00a0c&rsquo;est d\u00e9sormais une histoire de c\u0153ur pour de tr\u00e8s nombreux amateurs de musique. Plus de 6.000 personnes se d\u00e9placent chaque ann\u00e9e pour \u00e9couter des concerts durant un week-end. Une aventure musicale qui n\u2019est pas pr\u00e8s de s\u2019arr\u00eater. \u201cOn a lanc\u00e9 le festival en 2003. \u00c0 l\u2019\u00e9poque, on organisait des [&hellip;]<\/p>\n","protected":false},"author":27,"featured_media":1510,"comment_status":"closed","ping_status":"closed","sticky":false,"template":"","format":"standard","meta":{"footnotes":""},"categories":[393],"tags":[21,34,63,23,30,22,28,31],"class_list":["post-1073","post","type-post","status-publish","format-standard","has-post-thumbnail","hentry","category-decouverte","tag-art","tag-bar","tag-concert","tag-durable","tag-ecologie","tag-local","tag-musique","tag-restaurant"],"_links":{"self":[{"href":"https:\/\/charleroi-metropole.be\/fr\/wp-json\/wp\/v2\/posts\/1073"}],"collection":[{"href":"https:\/\/charleroi-metropole.be\/fr\/wp-json\/wp\/v2\/posts"}],"about":[{"href":"https:\/\/charleroi-metropole.be\/fr\/wp-json\/wp\/v2\/types\/post"}],"author":[{"embeddable":true,"href":"https:\/\/charleroi-metropole.be\/fr\/wp-json\/wp\/v2\/users\/27"}],"replies":[{"embeddable":true,"href":"https:\/\/charleroi-metropole.be\/fr\/wp-json\/wp\/v2\/comments?post=1073"}],"version-history":[{"count":2,"href":"https:\/\/charleroi-metropole.be\/fr\/wp-json\/wp\/v2\/posts\/1073\/revisions"}],"predecessor-version":[{"id":16453,"href":"https:\/\/charleroi-metropole.be\/fr\/wp-json\/wp\/v2\/posts\/1073\/revisions\/16453"}],"wp:featuredmedia":[{"embeddable":true,"href":"https:\/\/charleroi-metropole.be\/fr\/wp-json\/wp\/v2\/media\/1510"}],"wp:attachment":[{"href":"https:\/\/charleroi-metropole.be\/fr\/wp-json\/wp\/v2\/media?parent=1073"}],"wp:term":[{"taxonomy":"category","embeddable":true,"href":"https:\/\/charleroi-metropole.be\/fr\/wp-json\/wp\/v2\/categories?post=1073"},{"taxonomy":"post_tag","embeddable":true,"href":"https:\/\/charleroi-metropole.be\/fr\/wp-json\/wp\/v2\/tags?post=1073"}],"curies":[{"name":"wp","href":"https:\/\/api.w.org\/{rel}","templated":true}]}}