{"id":1055,"date":"2019-01-18T12:49:09","date_gmt":"2019-01-18T10:49:09","guid":{"rendered":"https:\/\/www.charleroi-metropole.be\/?p=1055"},"modified":"2024-04-26T10:06:22","modified_gmt":"2024-04-26T08:06:22","slug":"exploration-urbaine-de-charleroi","status":"publish","type":"post","link":"https:\/\/charleroi-metropole.be\/fr\/decouvrir\/exploration-urbaine-de-charleroi\/","title":{"rendered":"De l\u2019exploration urbaine de Charleroi"},"content":{"rendered":"<h2>Visite urbaine, Charleroi<\/h2>\n<blockquote>\n<p style=\"text-align: left\">\u201cJ\u2019ai d\u00e9couvert la vue de Charleroi en haut d\u2019un terril. C\u2019est impressionnant de voir \u00e0 la fois les anciens sites sid\u00e9rurgiques, les c\u00f4t\u00e9s tr\u00e8s verts et &lsquo;nature&rsquo;, et puis toute cette animation en ville\u201d, explique Alix, 25 ans, originaire d\u2019Arras. L\u2019urbex, l\u2019exploration urbaine, permet de trouver des p\u00e9pites l\u00e0 o\u00f9 l&rsquo;on s\u2019y attend pas. Il se d\u00e9veloppe de plus en plus dans la M\u00e9tropole.<\/p>\n<\/blockquote>\n<p>Les <a href=\"https:\/\/www.paysdecharleroi.be\/index.php?option=com_flexicontent&amp;view=category&amp;cid=106&amp;Itemid=121&amp;lang=fr\" target=\"_blank\" rel=\"noopener\">visites th\u00e9matiques de Charleroi<\/a> remportent un succ\u00e8s croissant. Elles se focalisent sur la bande dessin\u00e9e, le street art ou les richesses architecturales, notamment. Aujourd\u2019hui, le tour historique de la ville marqu\u00e9e par son pass\u00e9 industriel, pr\u00e9sent\u00e9 de mani\u00e8re insolite, est tr\u00e8s demand\u00e9 par les touristes et les visiteurs d\u2019un jour. Ces tours, organis\u00e9s par diff\u00e9rents acteurs carolos, les emm\u00e8nent dans des coins compl\u00e8tement atypiques.<\/p>\n<h2>Balades dans des coins inexplor\u00e9s<\/h2>\n<p>Les balades &lsquo;urbex&rsquo; traversent de nombreux paysages tr\u00e8s diff\u00e9rents. Elles passent par le centre-ville carolo \u00e0 la d\u00e9couverte de nouvelles et d&rsquo;anciennes architectures, par des coins verts, comme les sous-bois et les terrils, par des sites abandonn\u00e9s,\u00a0par les rives de la Sambre ou encore par des quartiers historiques marqu\u00e9s par l\u2019arriv\u00e9e de travailleurs \u00e9trangers, notamment italiens, qui sont venus \u00e9pauler les Belges dans le travail des mines et les usines.<\/p>\n<p>\u201c<em>Je suis de passage en Belgique pour deux jours, je cherchais une visite hors du commun. On conna\u00eet la r\u00e9putation de Charleroi. On a donc d\u00e9cid\u00e9 de s\u2019y rendre afin de v\u00e9rifier ce qu\u2019on raconte dessus<\/em>\u201d, pr\u00e9cise Alix, en visite \u00e0 Charleroi pour la journ\u00e9e. \u201c<em>Pour le moment, je trouve la ville tr\u00e8s int\u00e9ressante, je suis impressionn\u00e9e par quelques b\u00e2timents architecturaux que je n\u2019aurais pas vu si je m\u2019\u00e9tais simplement promen\u00e9e seule<\/em>\u201d.<\/p>\n<blockquote><p>On d\u00e9couvre des b\u00e2timents qu&rsquo;on ne prend g\u00e9n\u00e9ralement pas le temps d&rsquo;observer sans guide<\/p><\/blockquote>\n<figure id=\"attachment_1475\" aria-describedby=\"caption-attachment-1475\" style=\"width: 1600px\" class=\"wp-caption alignnone\"><img loading=\"lazy\" decoding=\"async\" class=\"wp-image-1475 size-large\" src=\"https:\/\/charleroi-metropole.be\/app\/uploads\/webp\/09_safari.00_00_47_03.still006-1600x900.webp\" alt=\"Visite-urbaine-charleroi-Sambre\" width=\"1600\" height=\"900\" \/><figcaption id=\"caption-attachment-1475\" class=\"wp-caption-text\">Les visites urbaines \u00e0 Charleroi emm\u00e8nent les touristes d\u00e9couvrir les rives de la Sambre<\/figcaption><\/figure>\n<h2>Une ville verte, malgr\u00e9 l\u2019activit\u00e9 industrielle<\/h2>\n<p>Depuis quelques ann\u00e9es, l\u2019<a href=\"https:\/\/www.paysdecharleroi.be\/\" target=\"_blank\" rel=\"noopener\">Office du Tourisme du Pays de Charleroi<\/a> a balis\u00e9 4 terrils, situ\u00e9s juste \u00e0 c\u00f4t\u00e9 du centre-ville. \u00c0 travers un sentier de Grande Randonn\u00e9e (GR), les visiteurs, en groupe ou avec un guide, peuvent les explorer. \u201c<em>La mont\u00e9e est assez rude, \u00e7a glisse, on n\u2019est pas habitu\u00e9s, mais une fois sur le sommet, la vue vaut la peine. On ne se rend pas compte du nombre d\u2019espaces verts \u00e0 Charleroi<\/em>\u201d, explique Maud, n\u00e9o-Carolo \u00e0 la d\u00e9couverte de sa ville.<\/p>\n<blockquote><p>La vue du terril permet de d\u00e9couvrir la ville autrement<\/p><\/blockquote>\n<p>\u201c<em>C\u2019est vraiment tout proche des magasins. Il y a 20 minutes, on se trouvait juste \u00e0 c\u00f4t\u00e9 du centre commercial et maintenant, nous voil\u00e0 en train de surplomber la ville<\/em>\u201d, reprend-elle. G\u00e9n\u00e9ralement, les participants sont marqu\u00e9s par l&rsquo;image de la ville, compl\u00e8tement diff\u00e9rente vue d&rsquo;en-haut.<\/p>\n<h2>Une ville marqu\u00e9e par l\u2019histoire<\/h2>\n<p>Charleroi se distingue notamment par son architecture particuli\u00e8re brute et faite de b\u00e9ton ainsi que par son patrimoine industriel. Les touristes d\u00e9couvrent rapidement ces traces de l\u2019histoire le long des quais de la Sambre et dans les diff\u00e9rents quartiers, autour de la gare. \u00a0\u201c<em>Je travaille dans le secteur industriel, j\u2019\u00e9tais int\u00e9ress\u00e9e de voir l\u2019histoire de la ville avec ce pass\u00e9 et sa transformation, finalement assez proche de mon quotidien<\/em>\u201d, raconte Alix.<\/p>\n<p>Actuellement, le centre-ville est en pleine mutation. Le bas de la ville s\u2019est m\u00e9tamorphos\u00e9 avec l\u2019arriv\u00e9e du shopping Rive Gauche, de l\u2019Auberge de jeunesse, de restaurants et l\u2019am\u00e9nagement des quais. D\u2019autres projets d\u2019am\u00e9nagement, dans le haut de la ville ainsi que le long du ring, sont pr\u00e9vus pour les prochaines ann\u00e9es.<\/p>\n<figure id=\"attachment_1468\" aria-describedby=\"caption-attachment-1468\" style=\"width: 1600px\" class=\"wp-caption alignnone\"><img loading=\"lazy\" decoding=\"async\" class=\"wp-image-1468 size-large\" src=\"https:\/\/charleroi-metropole.be\/app\/uploads\/webp\/09_safari.00_00_00_19.still001-1600x900.webp\" alt=\"pass\u00e9-industriel-charleroi-decouverte\" width=\"1600\" height=\"900\" \/><figcaption id=\"caption-attachment-1468\" class=\"wp-caption-text\">Le paysage unique du pass\u00e9 industriel de Charleroi attire de nombreuses personnes, avides de d\u00e9couvertes<\/figcaption><\/figure>\n<h2>Des anecdotes sur les M\u00e9tropolitains<\/h2>\n<p>\u00c0 c\u00f4t\u00e9 des vues atypiques et de l\u2019architecture particuli\u00e8re, tr\u00e8s appr\u00e9ci\u00e9es par les visiteurs, les histoires sur les Carolos passionnent les explorateurs. \u201c<em>J\u2019explique ce qui s\u2019est pass\u00e9 en ville, les rencontres insolites, les anecdotes, les traces du pass\u00e9 qu\u2019on retrouve encore aujourd\u2019hui en faisant attention<\/em>\u201d, explique Nicolas Buissart, artiste-guide du <a href=\"http:\/\/charleroiadventure.com\/\" target=\"_blank\" rel=\"noopener\">Safari Urbain<\/a>. Son tour pla\u00eet par son originalit\u00e9 : \u201c<em>Je n\u2019ai rien invent\u00e9 : je raconte juste des histoires en faisant quelques blagues dans des lieux insolites de la ville et de ses alentours<\/em>\u201d.<\/p>\n<blockquote><p>Les visiteurs appr\u00e9cient beaucoup les anecdotes sur le pass\u00e9 de Charleroi<\/p><\/blockquote>\n<p>Ces visites urbex attirent tous types de personnes. Tant les touristes de passage que les M\u00e9tropolitains ou les Belges \u00e0 la recherche d\u2019une journ\u00e9e de d\u00e9paysement. On compte plus ou moins 11.000 visiteurs par an, un chiffre qui devrait augmenter dans les prochaines ann\u00e9es<\/p>\n<p>Ces balades th\u00e9matiques sont de plus en plus d\u00e9velopp\u00e9es. Elles permettent de d\u00e9couvrir la M\u00e9tropole de mani\u00e8re insolite.<\/p>\n<p>&nbsp;<\/p>\n<p><strong>Contact :<br \/>\n<\/strong>Maison du tourisme du Pays de Charleroi<br \/>\nPlace Charles II 20<br \/>\n6000 Charleroi<br \/>\n+32 (0)71 86 14 14<br \/>\n<a href=\"https:\/\/www.paysdecharleroi.be\/\" target=\"_blank\" rel=\"noopener\">www.paysdecharleroi.be<\/a><\/p>\n<p>Safari Urbain<br \/>\ninfo@charleroiadventure.com<br \/>\n+32 (0)494 98 26 43<br \/>\n<a href=\"http:\/\/charleroiadventure.com\/contact\/\" target=\"_blank\" rel=\"noopener\">www.charleroiadventure.com<\/a><\/p>\n<p><small>\u00a9Vid\u00e9o\/Reed &amp; Leslie Artamonow<\/small><\/p>\n<aside class=\"useful-links\">\n    <ul class=\"useful-links__list\">\n                    <li class=\"useful-links__item\">\n                <a href=\"https:\/\/charleroi-metropole.be\/fr\/decouvrir\/randonnees\/\">\n                    <figure class=\"useful-links__fig\">\n                                                    <img decoding=\"async\" src=\"https:\/\/charleroi-metropole.be\/wp-content\/uploads\/2020\/07\/charleroi-metropole-trekking-balade-foret-500x0-c-default.jpg\" alt=\"Au d\u00e9tour des sentiers, des paysages atypiques et \u00e9tonnants\" class=\"useful-links__img\">\n                                            <\/figure>\n\n                    <span class=\"useful-links__title\">Au d\u00e9tour des sentiers, des paysages atypiques et \u00e9tonnants<\/span>\n                <\/a>\n            <\/li>\n                    <li class=\"useful-links__item\">\n                <a href=\"https:\/\/charleroi-metropole.be\/fr\/decouvrir\/charleroi-rockerill\/\">\n                    <figure class=\"useful-links__fig\">\n                                                    <img decoding=\"async\" src=\"https:\/\/charleroi-metropole.be\/wp-content\/uploads\/2018\/11\/14_rockerill_.00_00_00_18.still002-500x0-c-default.jpg\" alt=\"Pourquoi le Rockerill est un lieu unique pour faire la f\u00eate\" class=\"useful-links__img\">\n                                            <\/figure>\n\n                    <span class=\"useful-links__title\">Pourquoi le Rockerill est un lieu unique pour faire la f\u00eate<\/span>\n                <\/a>\n            <\/li>\n                    <li class=\"useful-links__item\">\n                <a href=\"https:\/\/charleroi-metropole.be\/fr\/decouvrir\/charleroi-panorama-terril\/\">\n                    <figure class=\"useful-links__fig\">\n                                                    <img decoding=\"async\" src=\"https:\/\/charleroi-metropole.be\/wp-content\/uploads\/2018\/09\/panorama-festival-500x0-c-default.jpg\" alt=\"J\u2019ai fait la f\u00eate sur un terril \u00e0 Charleroi\" class=\"useful-links__img\">\n                                            <\/figure>\n\n                    <span class=\"useful-links__title\">J\u2019ai fait la f\u00eate sur un terril \u00e0 Charleroi<\/span>\n                <\/a>\n            <\/li>\n            <\/ul>\n<\/aside>\n\n","protected":false},"excerpt":{"rendered":"<p>Visite urbaine, Charleroi \u201cJ\u2019ai d\u00e9couvert la vue de Charleroi en haut d\u2019un terril. C\u2019est impressionnant de voir \u00e0 la fois les anciens sites sid\u00e9rurgiques, les c\u00f4t\u00e9s tr\u00e8s verts et &lsquo;nature&rsquo;, et puis toute cette animation en ville\u201d, explique Alix, 25 ans, originaire d\u2019Arras. L\u2019urbex, l\u2019exploration urbaine, permet de trouver des p\u00e9pites l\u00e0 o\u00f9 l&rsquo;on s\u2019y [&hellip;]<\/p>\n","protected":false},"author":27,"featured_media":1478,"comment_status":"closed","ping_status":"closed","sticky":false,"template":"","format":"standard","meta":{"footnotes":""},"categories":[35,393],"tags":[37,21,20,33,27,49,22,43,24,25,26],"class_list":["post-1055","post","type-post","status-publish","format-standard","has-post-thumbnail","hentry","category-culture","category-decouverte","tag-animation","tag-art","tag-enfants","tag-groupe","tag-histoire","tag-inedit","tag-local","tag-nature","tag-terroir","tag-velo","tag-visite"],"_links":{"self":[{"href":"https:\/\/charleroi-metropole.be\/fr\/wp-json\/wp\/v2\/posts\/1055"}],"collection":[{"href":"https:\/\/charleroi-metropole.be\/fr\/wp-json\/wp\/v2\/posts"}],"about":[{"href":"https:\/\/charleroi-metropole.be\/fr\/wp-json\/wp\/v2\/types\/post"}],"author":[{"embeddable":true,"href":"https:\/\/charleroi-metropole.be\/fr\/wp-json\/wp\/v2\/users\/27"}],"replies":[{"embeddable":true,"href":"https:\/\/charleroi-metropole.be\/fr\/wp-json\/wp\/v2\/comments?post=1055"}],"version-history":[{"count":2,"href":"https:\/\/charleroi-metropole.be\/fr\/wp-json\/wp\/v2\/posts\/1055\/revisions"}],"predecessor-version":[{"id":16423,"href":"https:\/\/charleroi-metropole.be\/fr\/wp-json\/wp\/v2\/posts\/1055\/revisions\/16423"}],"wp:featuredmedia":[{"embeddable":true,"href":"https:\/\/charleroi-metropole.be\/fr\/wp-json\/wp\/v2\/media\/1478"}],"wp:attachment":[{"href":"https:\/\/charleroi-metropole.be\/fr\/wp-json\/wp\/v2\/media?parent=1055"}],"wp:term":[{"taxonomy":"category","embeddable":true,"href":"https:\/\/charleroi-metropole.be\/fr\/wp-json\/wp\/v2\/categories?post=1055"},{"taxonomy":"post_tag","embeddable":true,"href":"https:\/\/charleroi-metropole.be\/fr\/wp-json\/wp\/v2\/tags?post=1055"}],"curies":[{"name":"wp","href":"https:\/\/api.w.org\/{rel}","templated":true}]}}